{"id":14540,"date":"2025-09-19T17:07:23","date_gmt":"2025-09-19T20:07:23","guid":{"rendered":"https:\/\/sgpsolucoes.com.br\/site\/?p=14540"},"modified":"2025-09-19T17:07:24","modified_gmt":"2025-09-19T20:07:24","slug":"gestao-amplia-categorias-de-servicos-terceirizados-beneficiadas-com-a-reducao-de-jornada-de-trabalho-na-administracao-publica-federal","status":"publish","type":"post","link":"https:\/\/sgpsolucoes.com.br\/site\/gestao-amplia-categorias-de-servicos-terceirizados-beneficiadas-com-a-reducao-de-jornada-de-trabalho-na-administracao-publica-federal\/","title":{"rendered":"Gest\u00e3o amplia categorias de servi\u00e7os terceirizados beneficiadas com a redu\u00e7\u00e3o de jornada de trabalho na administra\u00e7\u00e3o p\u00fablica federal"},"content":{"rendered":"<p><em><strong>Instru\u00e7\u00e3o normativa contempla seis novas categorias, como limpeza e conserva\u00e7\u00e3o, copeiros, gar\u00e7ons e recepcionistas. \u00d3rg\u00e3os devem adaptar seus contratos at\u00e9 o fim de dezembro<\/strong><\/em><\/p><p>O Minist\u00e9rio da Gest\u00e3o e da Inova\u00e7\u00e3o em Servi\u00e7os P\u00fablicos (MGI) ampliou a rela\u00e7\u00e3o de servi\u00e7os terceirizados com dedica\u00e7\u00e3o exclusiva de m\u00e3o de obra na administra\u00e7\u00e3o p\u00fablica federal contemplados com a redu\u00e7\u00e3o da jornada de trabalho de 44 para 40 horas semanais. A&nbsp;<a href=\"https:\/\/www.gov.br\/compras\/pt-br\/acesso-a-informacao\/legislacao\/instrucoes-normativas\/instrucao-normativa-seges-mgi-no-381-de-17-de-setembro-de-2025\">Instru\u00e7\u00e3o Normativa (IN) n\u00ba 381\/2025<\/a>, da Secretaria de Gest\u00e3o e Inova\u00e7\u00e3o (Seges), publicada nesta sexta-feira (19\/8), acrescenta seis novas categorias beneficiadas e alcan\u00e7ar\u00e1 cerca de 12.700 trabalhadores. Ao todo, considerando todas as categorias contempladas anterioremente, s\u00e3o cerca de 19 mil pessoas alcan\u00e7adas pela medida.<\/p><p>A medida, prevista no&nbsp;<a href=\"https:\/\/www.planalto.gov.br\/ccivil_03\/_ato2023-2026\/2024\/decreto\/d12174.htm\" target=\"_blank\" rel=\"noreferrer noopener\">Decreto n\u00ba 12.174\/2024<\/a>, visa melhorar as condi\u00e7\u00f5es de trabalho dos terceirizados, proporcionando um ambiente mais motivador, racional e adequado, tanto em termos de jornada laboral quanto da percep\u00e7\u00e3o sobre a humaniza\u00e7\u00e3o das rela\u00e7\u00f5es.<\/p><p>A norma complementa a IN n\u00ba 190\/2024, publicada em dezembro do ano passado, com seis novas categorias. A partir de agora, ter\u00e3o jornada de trabalho reduzida terceirizados que atuam nas atividades de limpeza e conserva\u00e7\u00e3o, copeiros e gar\u00e7ons, recepcionistas, arquivistas e muse\u00f3logos, t\u00e9cnicos em biblioteconomia e bibliotec\u00e1rio. A redu\u00e7\u00e3o ser\u00e1 aplic\u00e1vel mesmo que o t\u00edtulo do servi\u00e7o no contrato seja diferente, desde que a contrata\u00e7\u00e3o tenha sido realizada com os c\u00f3digos da Classifica\u00e7\u00e3o Brasileira de Ocupa\u00e7\u00f5es (CBO) relacionados.<\/p><p>O MGI implementa a redu\u00e7\u00e3o da carga hor\u00e1ria aos profissionais terceirizados como parte da agenda de transforma\u00e7\u00e3o do Estado. Servi\u00e7os como apoio administrativo, secretariado, arquivologia, jardinagem e lavagem de ve\u00edculos j\u00e1 foram contemplados com a medida.<\/p><p>De acordo com a base de dados da Controladoria-Geral da Uni\u00e3o (CGU), atualmente s\u00e3o cerca de 69 mil trabalhadores terceirizados na administra\u00e7\u00e3o p\u00fablica federal e mais de 12.700 ocupam postos que foram beneficiados pela nova IN, que se somam aos j\u00e1 beneficiados. Ao todo, considerando todas as categorias contempladas, cerca de 19 mil pessoas j\u00e1 est\u00e3o atendidas pela jornada de 40 horas.<\/p><p>O conte\u00fado da IN 190\/2024, com os crit\u00e9rios para aplica\u00e7\u00e3o pr\u00e1tica da redu\u00e7\u00e3o da jornada, bem como as exce\u00e7\u00f5es, n\u00e3o foram alterados. Os contratos em vigor dever\u00e3o ser ajustados por meio de termos aditivos, com modelos padronizados elaborados pela Seges\/MGI e a Advocacia-Geral da Uni\u00e3o (AGU), at\u00e9 dia 31 de mar\u00e7o de 2026.<\/p><p><strong>Valoriza\u00e7\u00e3o do trabalhador terceirizado<\/strong><\/p><p>A valoriza\u00e7\u00e3o dos trabalhadores terceirizados tem sido uma das frentes de atua\u00e7\u00e3o do MGI. Al\u00e9m da redu\u00e7\u00e3o da carga hor\u00e1ria semanal, outras a\u00e7\u00f5es v\u00eam fortalecendo a dignidade e os direitos dessa for\u00e7a de trabalho. Por meio da Instru\u00e7\u00e3o Normativa n\u00ba 176\/2024, a pasta estabeleceu par\u00e2metros obrigat\u00f3rios para os contratos de servi\u00e7os cont\u00ednuos, assegurando o pagamento de itens essenciais como sal\u00e1rio-base, adicionais e benef\u00edcios.<\/p><p>A Instru\u00e7\u00e3o Normativa n\u00ba 81\/2024, por sua vez, trouxe mais flexibilidade para o dia a dia dos trabalhadores, ao permitir a compensa\u00e7\u00e3o de jornada em situa\u00e7\u00f5es espec\u00edficas, como recessos de fim de ano, sem preju\u00edzos salariais. Essas medidas est\u00e3o alinhadas \u00e0s diretrizes do Decreto n\u00ba 12.174\/2024, que reconhece e protege os trabalhadores terceirizados da administra\u00e7\u00e3o direta, aut\u00e1rquica e fundacional.<\/p><p>O cuidado com o ambiente de trabalho tamb\u00e9m \u00e9 prioridade. O Plano Setorial de Preven\u00e7\u00e3o e Enfrentamento do Ass\u00e9dio e da Discrimina\u00e7\u00e3o, institu\u00eddo pelo MGI, promove a\u00e7\u00f5es educativas, forma\u00e7\u00e3o de lideran\u00e7as e canais seguros de den\u00fancia, com o objetivo de garantir rela\u00e7\u00f5es laborais mais saud\u00e1veis, baseadas no respeito \u00e0 diversidade e \u00e0 dignidade humana.<\/p><p>Com foco na justi\u00e7a social e na inclus\u00e3o, o MGI estabeleceu ainda a reserva de vagas em contratos terceirizados para mulheres em situa\u00e7\u00e3o de viol\u00eancia dom\u00e9stica, incluindo mulheres trans, travestis e negras. A medida, j\u00e1 adotada por 17 estados, visa oferecer autonomia financeira e oportunidades concretas de reconstru\u00e7\u00e3o de vida, utilizando o poder de contrata\u00e7\u00e3o do Estado como ferramenta de transforma\u00e7\u00e3o social.<\/p><p>Confira a&nbsp;<a href=\"https:\/\/www.gov.br\/compras\/pt-br\/acesso-a-informacao\/legislacao\/instrucoes-normativas\/instrucao-normativa-seges-mgi-no-381-de-17-de-setembro-de-2025\">IN \u00ba 381\/2025&nbsp;<\/a>na \u00edntegra.<a href=\"https:\/\/www.gov.br\/compras\/pt-br\/acesso-a-informacao\/legislacao\/instrucoes-normativas\/instrucao-normativa-seges-mgi-no-381-de-17-de-setembro-de-2025\"><br><\/a>Acesse ainda&nbsp;<a href=\"https:\/\/www.gov.br\/compras\/pt-br\/acesso-a-informacao\/legislacao\/instrucoes-normativas\/instrucao-normativa-seges-mgi-no-381-de-17-de-setembro-de-2025\">a&nbsp;<\/a><a href=\"https:\/\/www.gov.br\/compras\/pt-br\/acesso-a-informacao\/legislacao\/instrucoes-normativas\/instrucao-normativa-seges-mgi-no-190-de-5-de-dezembro-de-2024\">IN \u00ba 190\/2024<\/a><\/p><p><strong>Fonte: <\/strong><strong>Portal de Compras do Governo Federal<\/strong><\/p>\n    <div class=\"xs_social_share_widget xs_share_url after_content \t\tmain_content  wslu-style-1 wslu-share-box-shaped wslu-fill-colored wslu-none wslu-share-horizontal wslu-theme-font-no wslu-main_content\">\n\n\t\t\n        <ul>\n\t\t\t        <\/ul>\n    <\/div> \n","protected":false},"excerpt":{"rendered":"<p>O Minist\u00e9rio da Gest\u00e3o e da Inova\u00e7\u00e3o em Servi\u00e7os P\u00fablicos (MGI) ampliou a rela\u00e7\u00e3o de servi\u00e7os terceirizados com dedica\u00e7\u00e3o exclusiva de m\u00e3o de obra na administra\u00e7\u00e3o p\u00fablica federal contemplados com a redu\u00e7\u00e3o da jornada de trabalho de 44 para 40 horas semanais. A\u00a0Instru\u00e7\u00e3o Normativa (IN) n\u00ba 381\/2025, da Secretaria de Gest\u00e3o e Inova\u00e7\u00e3o (Seges), publicada nesta sexta-feira (19\/8), acrescenta seis novas categorias beneficiadas e alcan\u00e7ar\u00e1 cerca de 12.700 trabalhadores. Ao todo, considerando todas as categorias contempladas anterioremente, s\u00e3o cerca de 19 mil pessoas alcan\u00e7adas pela medida.<\/p>\n","protected":false},"author":5,"featured_media":0,"comment_status":"open","ping_status":"open","sticky":false,"template":"","format":"standard","meta":{"postBodyCss":"","postBodyMargin":[],"postBodyPadding":[],"postBodyBackground":{"backgroundType":"classic","gradient":""},"_price":"","_stock":"","_tribe_ticket_header":"","_tribe_default_ticket_provider":"","_tribe_ticket_capacity":"0","_ticket_start_date":"","_ticket_end_date":"","_tribe_ticket_show_description":"","_tribe_ticket_show_not_going":false,"_tribe_ticket_use_global_stock":"","_tribe_ticket_global_stock_level":"","_global_stock_mode":"","_global_stock_cap":"","_tribe_rsvp_for_event":"","_tribe_ticket_going_count":"","_tribe_ticket_not_going_count":"","_tribe_tickets_list":"[]","_tribe_ticket_has_attendee_info_fields":false,"footnotes":""},"categories":[46],"tags":[129,382,8518,5104,15509,4419,15510,253,549,15512,4610,8616,4413,4416,4415,15511,2324,6066,6404,6405,8612],"class_list":["post-14540","post","type-post","status-publish","format-standard","hentry","category-noticias","tag-administracao-publica","tag-administracao-publica-federal","tag-categorias","tag-conservacao","tag-copeiros","tag-dedicacao-exclusiva-de-mao-de-obra","tag-garcons","tag-gestao","tag-instrucao-normativa","tag-instrucao-normativa-no-381-2025","tag-jornada-de-trabalho","tag-limpeza","tag-mgi","tag-ministerio-da-gestao-e-da-inovacao-em-servicos-publicos","tag-portal-de-compras-do-governo-federal","tag-recepcionistas","tag-reducao","tag-reducao-de-jornada-de-trabalho","tag-secretaria-de-gestao-e-inovacao","tag-seges","tag-servicos-terceirizados"],"acf":[],"_links":{"self":[{"href":"https:\/\/sgpsolucoes.com.br\/site\/wp-json\/wp\/v2\/posts\/14540"}],"collection":[{"href":"https:\/\/sgpsolucoes.com.br\/site\/wp-json\/wp\/v2\/posts"}],"about":[{"href":"https:\/\/sgpsolucoes.com.br\/site\/wp-json\/wp\/v2\/types\/post"}],"author":[{"embeddable":true,"href":"https:\/\/sgpsolucoes.com.br\/site\/wp-json\/wp\/v2\/users\/5"}],"replies":[{"embeddable":true,"href":"https:\/\/sgpsolucoes.com.br\/site\/wp-json\/wp\/v2\/comments?post=14540"}],"version-history":[{"count":0,"href":"https:\/\/sgpsolucoes.com.br\/site\/wp-json\/wp\/v2\/posts\/14540\/revisions"}],"wp:attachment":[{"href":"https:\/\/sgpsolucoes.com.br\/site\/wp-json\/wp\/v2\/media?parent=14540"}],"wp:term":[{"taxonomy":"category","embeddable":true,"href":"https:\/\/sgpsolucoes.com.br\/site\/wp-json\/wp\/v2\/categories?post=14540"},{"taxonomy":"post_tag","embeddable":true,"href":"https:\/\/sgpsolucoes.com.br\/site\/wp-json\/wp\/v2\/tags?post=14540"}],"curies":[{"name":"wp","href":"https:\/\/api.w.org\/{rel}","templated":true}]}}