{"id":14543,"date":"2025-09-19T17:14:29","date_gmt":"2025-09-19T20:14:29","guid":{"rendered":"https:\/\/sgpsolucoes.com.br\/site\/?p=14543"},"modified":"2025-09-19T17:14:31","modified_gmt":"2025-09-19T20:14:31","slug":"governo-federal-publica-norma-para-assegurar-planejamento-antecipado-das-ferias-de-colaboradores-terceirizados","status":"publish","type":"post","link":"https:\/\/sgpsolucoes.com.br\/site\/governo-federal-publica-norma-para-assegurar-planejamento-antecipado-das-ferias-de-colaboradores-terceirizados\/","title":{"rendered":"Governo federal publica norma para assegurar planejamento antecipado das f\u00e9rias de colaboradores terceirizados"},"content":{"rendered":"<p><strong><em>Nova regra determina que a programa\u00e7\u00e3o do per\u00edodo de f\u00e9rias ocorra, pelo menos, com 60 dias de anteced\u00eancia. Medida tamb\u00e9m busca garantir que todos usufruam de f\u00e9rias antes do t\u00e9rmino do contrato entre a empresa e a Administra\u00e7\u00e3o P\u00fablica<\/em><\/strong><\/p><p>Garantir tranquilidade, previsibilidade e respeito aos direitos dos trabalhadores terceirizados. Esse \u00e9 o foco da&nbsp;<a href=\"https:\/\/www.gov.br\/compras\/pt-br\/acesso-a-informacao\/legislacao\/instrucoes-normativas\/instrucao-normativa-seges-mgi-no-213-de-29-de-maio-de-2025\">Instru\u00e7\u00e3o Normativa (IN) n\u00ba 213\/2025<\/a>, publicada pelo Minist\u00e9rio da Gest\u00e3o e Inova\u00e7\u00e3o em Servi\u00e7os P\u00fablicos (MGI). A nova regra vale para contratos com dedica\u00e7\u00e3o exclusiva de m\u00e3o de obra na Administra\u00e7\u00e3o P\u00fablica Federal e exige que as empresas planejem as f\u00e9rias dos colaboradores com, pelo menos, 60 dias de anteced\u00eancia em rela\u00e7\u00e3o \u00e0 data em que o trabalhador completa cada novo ciclo de 12 meses de trabalho na empresa contratada, que corresponde ao chamado per\u00edodo aquisitivo. A IN tamb\u00e9m busca garantir que todos usufruam de f\u00e9rias antes do t\u00e9rmino do contrato entre a empresa e a Administra\u00e7\u00e3o P\u00fablica.<\/p><p>Antes, a contratada precisava apenas cumprir a exig\u00eancia da Consolida\u00e7\u00e3o das Leis do Trabalho (CLT) de avisar o trabalhador com 30 dias de anteced\u00eancia do in\u00edcio das f\u00e9rias, sem obriga\u00e7\u00e3o formal de planejamento pr\u00e9vio ou de comunica\u00e7\u00e3o \u00e0 Administra\u00e7\u00e3o P\u00fablica. Isso poderia prejudicar tanto o trabalhador quanto a organiza\u00e7\u00e3o do servi\u00e7o p\u00fablico.<\/p><p>Agora, o planejamento deve ser informado, observada a anteced\u00eancia m\u00ednima estipulada na IN, at\u00e9 o quinto dia \u00fatil de cada m\u00eas aos servidores p\u00fablicos que fiscalizam o contrato, por meio de um relat\u00f3rio com os dados dos trabalhadores e as datas do per\u00edodo de descanso. A empresa tamb\u00e9m deve apresentar mensalmente o recibo assinado por quem vai sair de f\u00e9rias. Mudan\u00e7as na programa\u00e7\u00e3o s\u00f3 poder\u00e3o ser feitas com justificativa formal por parte da empresa fornecedora.<\/p><p>A medida busca evitar que o trabalhador seja avisado de suas f\u00e9rias com pouca anteced\u00eancia ou que acabe n\u00e3o tirando o descanso, recebendo apenas o valor em dinheiro. Essa pr\u00e1tica causa enorme desgaste aos trabalhadores e pode levar a a\u00e7\u00f5es judiciais ou pagamentos de valores adicionais, como indeniza\u00e7\u00f5es, multas ou encargos. Com a nova regra, tanto o trabalhador quanto o \u00f3rg\u00e3o p\u00fablico t\u00eam mais tempo para se organizar \u2014 o primeiro para seu descanso e o segundo para garantir a continuidade dos servi\u00e7os contratados.<\/p><p>A IN prev\u00ea ainda que, nos \u00faltimos 12 meses de contrato, a empresa observe um planejamento que busque assegurar que os terceirizados que j\u00e1 estejam no per\u00edodo concessivo, ou que venham a entrar nele ao longo desses meses finais, usufruam das f\u00e9rias antes do t\u00e9rmino da vig\u00eancia.<\/p><p>A medida contribui tanto para reduzir pagamentos indenizat\u00f3rios quanto para prevenir que o trabalhador fique longos per\u00edodos sem f\u00e9rias, caso inicie um novo v\u00ednculo empregat\u00edcio (pois ter\u00e1 que cumprir novo per\u00edodo aquisitivo).<\/p><p>A norma tamb\u00e9m leva em conta aspectos familiares, dando prioridade a trabalhadores com filhos, enteados ou pessoas sob sua guarda com at\u00e9 seis anos de idade ou com defici\u00eancia, al\u00e9m de trabalhadores que fazem parte do p\u00fablico priorit\u00e1rio da Pol\u00edtica Nacional de Cuidados, como idosos e pessoas com defici\u00eancia. Sempre que poss\u00edvel, o planejamento deve considerar ainda um entendimento entre empresa e trabalhador sobre o melhor per\u00edodo para o descanso.<\/p><p>&#8220;A medida refor\u00e7a o respeito e a valoriza\u00e7\u00e3o do trabalhador terceirizado, e se soma a outras iniciativas que j\u00e1 colocamos em pr\u00e1tica para garantir mais dignidade e qualidade de vida a esses profissionais&#8221;, comemorou Roberto Pojo, secret\u00e1rio de Gest\u00e3o e Inova\u00e7\u00e3o do MGI.<\/p><p><strong>Responsabiliza\u00e7\u00e3o das empresas<\/strong><\/p><p>Empresas que descumprirem as regras estar\u00e3o sujeitas \u00e0s san\u00e7\u00f5es previstas na Lei de Licita\u00e7\u00f5es mais recente (Lei n.\u00ba 14.133\/2021). A Instru\u00e7\u00e3o Normativa entrou em vigor na data de sua publica\u00e7\u00e3o. A partir disso, os \u00f3rg\u00e3os e as empresas contratadas ter\u00e3o at\u00e9 90 dias para se adaptar \u00e0s novas exig\u00eancias.<\/p><p><strong>Outros avan\u00e7os<\/strong><\/p><p>A norma faz parte de uma s\u00e9rie de medidas do atual governo para valoriza\u00e7\u00e3o dos terceirizados, como a Instru\u00e7\u00e3o Normativa n\u00ba 190\/24, que reduz a jornada de trabalho, de 44 horas para 40 horas semanais, e a Instru\u00e7\u00e3o Normativa n\u00ba 176\/2024, que garante que os contratos de presta\u00e7\u00e3o de servi\u00e7os cont\u00ednuos incluam custos m\u00ednimos de pagamento, como sal\u00e1rio-base, adicionais, aux\u00edlio-alimenta\u00e7\u00e3o e outros benef\u00edcios. Vale destaque tamb\u00e9m o Decreto n\u00b0 11.430\/23, que reserva vagas em contratos de servi\u00e7os terceirizados para mulheres em situa\u00e7\u00e3o de viol\u00eancia dom\u00e9stica.<\/p><p><strong>Veja abaixo um resumo do que muda para a empresa fornecedora de m\u00e3o de obra e para o trabalhador terceirizado.<\/strong><\/p><p><strong>O que a empresa precisa fazer:<\/strong><\/p><ul class=\"wp-block-list\"><li>Informar mensalmente, em relat\u00f3rio, as f\u00e9rias programadas para trabalhadores que completar\u00e3o 12 meses de trabalho em at\u00e9 60 dias;<\/li>\n\n<li>Apresentar o recibo de f\u00e9rias assinado pelo trabalhador;<\/li>\n\n<li>Justificar altera\u00e7\u00f5es na programa\u00e7\u00e3o j\u00e1 enviada;<\/li>\n\n<li>Planejar as f\u00e9rias de todos antes do fim do contrato com o \u00f3rg\u00e3o p\u00fablico.<\/li><\/ul><p><strong>O que muda para o trabalhador:<\/strong><\/p><ul class=\"wp-block-list\"><li>Poder\u00e1 saber com anteced\u00eancia quando sair\u00e1 de f\u00e9rias;<\/li>\n\n<li>Ter\u00e1 como planejar e aproveitar melhor o descanso;<\/li>\n\n<li>Ter\u00e1 prioridade, entre outros casos, se tiver filhos pequenos, dependentes com defici\u00eancia ou idosos sob cuidado.<\/li><\/ul><p><strong>Fonte: <\/strong><strong>Portal de Compras do Governo Federal<\/strong><strong><\/strong><\/p>\n    <div class=\"xs_social_share_widget xs_share_url after_content \t\tmain_content  wslu-style-1 wslu-share-box-shaped wslu-fill-colored wslu-none wslu-share-horizontal wslu-theme-font-no wslu-main_content\">\n\n\t\t\n        <ul>\n\t\t\t        <\/ul>\n    <\/div> \n","protected":false},"excerpt":{"rendered":"<p>Garantir tranquilidade, previsibilidade e respeito aos direitos dos trabalhadores terceirizados. Esse \u00e9 o foco da\u00a0Instru\u00e7\u00e3o Normativa (IN) n\u00ba 213\/2025, publicada pelo Minist\u00e9rio da Gest\u00e3o e Inova\u00e7\u00e3o em Servi\u00e7os P\u00fablicos (MGI). A nova regra vale para contratos com dedica\u00e7\u00e3o exclusiva de m\u00e3o de obra na Administra\u00e7\u00e3o P\u00fablica Federal e exige que as empresas planejem as f\u00e9rias dos colaboradores com, pelo menos, 60 dias de anteced\u00eancia em rela\u00e7\u00e3o \u00e0 data em que o trabalhador completa cada novo ciclo de 12 meses de trabalho na empresa contratada, que corresponde ao chamado per\u00edodo aquisitivo. A IN tamb\u00e9m busca garantir que todos usufruam de f\u00e9rias antes do t\u00e9rmino do contrato entre a empresa e a Administra\u00e7\u00e3o P\u00fablica.<\/p>\n","protected":false},"author":5,"featured_media":0,"comment_status":"open","ping_status":"open","sticky":false,"template":"","format":"standard","meta":{"postBodyCss":"","postBodyMargin":[],"postBodyPadding":[],"postBodyBackground":{"backgroundType":"classic","gradient":""},"_price":"","_stock":"","_tribe_ticket_header":"","_tribe_default_ticket_provider":"","_tribe_ticket_capacity":"0","_ticket_start_date":"","_ticket_end_date":"","_tribe_ticket_show_description":"","_tribe_ticket_show_not_going":false,"_tribe_ticket_use_global_stock":"","_tribe_ticket_global_stock_level":"","_global_stock_mode":"","_global_stock_cap":"","_tribe_rsvp_for_event":"","_tribe_ticket_going_count":"","_tribe_ticket_not_going_count":"","_tribe_tickets_list":"[]","_tribe_ticket_has_attendee_info_fields":false,"footnotes":""},"categories":[46],"tags":[15516,129,1178,491,1113,2335,524,15519,4413,15514,2639,15518,15513,15515,12544,15517],"class_list":["post-14543","post","type-post","status-publish","format-standard","hentry","category-noticias","tag-60-dias-de-antecedencia","tag-administracao-publica","tag-colaboradores","tag-contrato","tag-empresa","tag-ferias","tag-governo-federal","tag-instrucao-normativa-no-213-2025","tag-mgi","tag-ministerio-da-gestao-e-inovacao-em-servicos-publicos","tag-norma","tag-periodo-de-ferias","tag-planejamento-antecipado","tag-programacao","tag-terceirizados","tag-trabalhadores-terceirizados"],"acf":[],"_links":{"self":[{"href":"https:\/\/sgpsolucoes.com.br\/site\/wp-json\/wp\/v2\/posts\/14543"}],"collection":[{"href":"https:\/\/sgpsolucoes.com.br\/site\/wp-json\/wp\/v2\/posts"}],"about":[{"href":"https:\/\/sgpsolucoes.com.br\/site\/wp-json\/wp\/v2\/types\/post"}],"author":[{"embeddable":true,"href":"https:\/\/sgpsolucoes.com.br\/site\/wp-json\/wp\/v2\/users\/5"}],"replies":[{"embeddable":true,"href":"https:\/\/sgpsolucoes.com.br\/site\/wp-json\/wp\/v2\/comments?post=14543"}],"version-history":[{"count":0,"href":"https:\/\/sgpsolucoes.com.br\/site\/wp-json\/wp\/v2\/posts\/14543\/revisions"}],"wp:attachment":[{"href":"https:\/\/sgpsolucoes.com.br\/site\/wp-json\/wp\/v2\/media?parent=14543"}],"wp:term":[{"taxonomy":"category","embeddable":true,"href":"https:\/\/sgpsolucoes.com.br\/site\/wp-json\/wp\/v2\/categories?post=14543"},{"taxonomy":"post_tag","embeddable":true,"href":"https:\/\/sgpsolucoes.com.br\/site\/wp-json\/wp\/v2\/tags?post=14543"}],"curies":[{"name":"wp","href":"https:\/\/api.w.org\/{rel}","templated":true}]}}