{"id":14550,"date":"2025-09-22T11:09:11","date_gmt":"2025-09-22T14:09:11","guid":{"rendered":"https:\/\/sgpsolucoes.com.br\/site\/?p=14550"},"modified":"2025-09-22T11:09:12","modified_gmt":"2025-09-22T14:09:12","slug":"presidente-do-stf-lanca-obra-com-jurisprudencia-da-corte-sobre-meio-ambiente-e-emergencia-climatica","status":"publish","type":"post","link":"https:\/\/sgpsolucoes.com.br\/site\/presidente-do-stf-lanca-obra-com-jurisprudencia-da-corte-sobre-meio-ambiente-e-emergencia-climatica\/","title":{"rendered":"Presidente do STF lan\u00e7a obra com jurisprud\u00eancia da Corte sobre meio ambiente e emerg\u00eancia clim\u00e1tica\u00a0"},"content":{"rendered":"<p><strong><em>Publica\u00e7\u00e3o integra a s\u00e9rie \u201cCadernos de Jurisprud\u00eancia do Supremo Tribunal Federal: Concretizando Direitos Humanos\u201d&nbsp;<\/em><\/strong><\/p><p>Na sess\u00e3o desta quinta-feira (18\/09\/2025), o presidente do Supremo Tribunal Federal (STF), ministro Lu\u00eds Roberto Barroso, lan\u00e7ou o novo volume da cole\u00e7\u00e3o \u201cCadernos de Jurisprud\u00eancia do STF: Concretizando Direitos Humanos\u201d. A edi\u00e7\u00e3o aborda a prote\u00e7\u00e3o ambiental e o enfrentamento das mudan\u00e7as clim\u00e1ticas.&nbsp;<\/p><p>\u201cTrata-se do grande desafio do mundo contempor\u00e2neo\u201d, escreveu o ministro no texto de apresenta\u00e7\u00e3o do caderno. Ainda segundo Barroso, a crescente conscientiza\u00e7\u00e3o sobre como a crise ambiental e clim\u00e1tica pode comprometer a vida humana na Terra tem levado a sociedade civil a se mobilizar para propor a\u00e7\u00f5es judiciais sobre o tema. Por meio dessas a\u00e7\u00f5es, explicou o presidente, pede-se ao Judici\u00e1rio que assegure&nbsp;\u00e0s presentes&nbsp;e futuras gera\u00e7\u00f5es o direito a um ambiente equilibrado e que atue contra o Estado e at\u00e9 contra empresas privadas. \u201cNesse contexto, a litig\u00e2ncia em mat\u00e9ria ambiental e clim\u00e1tica vem ganhando espa\u00e7o na jurisprud\u00eancia do Supremo Tribunal Federal\u201d, afirmou.&nbsp;<\/p><h5 class=\"wp-block-heading\"><strong>Casos emblem\u00e1ticos&nbsp;<\/strong><\/h5><p>A obra sistematiza a evolu\u00e7\u00e3o da jurisprud\u00eancia do Supremo ao reunir julgados marcantes. Entre os mais relevantes est\u00e3o: a decis\u00e3o que proibiu a importa\u00e7\u00e3o de pneus usados, como forma de proteger a sa\u00fade e o meio ambiente (ADPF 101); a que vedou o uso de produtos com amianto, em defesa da vida e da sa\u00fade (ADI 3937); a que reconheceu a imprescritibilidade da a\u00e7\u00e3o de repara\u00e7\u00e3o de danos ambientais, em respeito \u00e0 fun\u00e7\u00e3o social da propriedade (RE 654833); e a que proibiu pr\u00e1ticas cru\u00e9is contra animais (ADIs&nbsp;1856 e 4983).&nbsp;<\/p><h5 class=\"wp-block-heading\"><strong>Reformula\u00e7\u00e3o de pol\u00edticas&nbsp;<\/strong><\/h5><p>A sele\u00e7\u00e3o de julgados inclui, ainda, casos em que a Corte apontou falhas estruturais na atua\u00e7\u00e3o de \u00f3rg\u00e3os e autoridades p\u00fablicas respons\u00e1veis por viola\u00e7\u00f5es ao direito ao ambiente equilibrado e a outros direitos&nbsp;fundamentais. Nessas a\u00e7\u00f5es, o STF afirma a necessidade de ampla reformula\u00e7\u00e3o das pol\u00edticas p\u00fablicas ambientais e clim\u00e1ticas e incentiva o di\u00e1logo entre institui\u00e7\u00f5es e sociedade para a constru\u00e7\u00e3o de novos planos de a\u00e7\u00e3o. \u00c9 o caso dos julgados que analisaram pol\u00edticas contra o desmatamento da Amaz\u00f4nia e os inc\u00eandios na Amaz\u00f4nia e no Pantanal (ADPFs&nbsp;760 e 743).&nbsp;<\/p><h5 class=\"wp-block-heading\"><strong>Publica\u00e7\u00e3o&nbsp;<\/strong><\/h5><p>Os Cadernos de Jurisprud\u00eancia resultam de colabora\u00e7\u00e3o institucional entre o STF, o Conselho Nacional de Justi\u00e7a (CNJ), o Max-Planck&nbsp;Institute&nbsp;for&nbsp;Comparative&nbsp;Public&nbsp;Law&nbsp;and&nbsp;International&nbsp;Law (MPIL) e a Rede ICCAL Brasil, formada por professores de universidades de diversas regi\u00f5es do pa\u00eds.&nbsp;<\/p><p>Desde sua cria\u00e7\u00e3o, a cole\u00e7\u00e3o j\u00e1 publicou volumes dedicados aos direitos da popula\u00e7\u00e3o LGBTQIAP+; das mulheres; da igualdade racial; dos povos ind\u00edgenas; das pessoas privadas de liberdade; liberdade de express\u00e3o, democracia e novas tecnologias; e do direito ao cuidado.&nbsp;<\/p><p>Acesse aqui a&nbsp;<a href=\"https:\/\/livrariasupremo.stf.jus.br\/produto\/detalhe?id=5292&amp;detalheProdutoNovo=sim\" target=\"_blank\" rel=\"noreferrer noopener\"><strong>\u00edntegra da publica\u00e7\u00e3o<\/strong><\/a><em>.<\/em>&nbsp;<\/p><p>A vers\u00e3o impressa est\u00e1 dispon\u00edvel para aquisi\u00e7\u00e3o&nbsp;<a href=\"https:\/\/livrariasupremo.stf.jus.br\/\" target=\"_blank\" rel=\"noreferrer noopener\"><strong>na Livraria do STF<\/strong><\/a>.&nbsp;<\/p><p><em>(Su\u00e9len&nbsp;Pires\/AD)&nbsp;<\/em><\/p><p><strong>Fonte: STF<\/strong><\/p>\n    <div class=\"xs_social_share_widget xs_share_url after_content \t\tmain_content  wslu-style-1 wslu-share-box-shaped wslu-fill-colored wslu-none wslu-share-horizontal wslu-theme-font-no wslu-main_content\">\n\n\t\t\n        <ul>\n\t\t\t        <\/ul>\n    <\/div> \n","protected":false},"excerpt":{"rendered":"<p>Na sess\u00e3o desta quinta-feira (18\/09\/2025), o presidente do Supremo Tribunal Federal (STF), ministro Lu\u00eds Roberto Barroso, lan\u00e7ou o novo volume da cole\u00e7\u00e3o \u201cCadernos de Jurisprud\u00eancia do STF: Concretizando Direitos Humanos\u201d. A edi\u00e7\u00e3o aborda a prote\u00e7\u00e3o ambiental e o enfrentamento das mudan\u00e7as clim\u00e1ticas.\u00a0<\/p>\n","protected":false},"author":5,"featured_media":0,"comment_status":"open","ping_status":"open","sticky":false,"template":"","format":"standard","meta":{"postBodyCss":"","postBodyMargin":[],"postBodyPadding":[],"postBodyBackground":{"backgroundType":"classic","gradient":""},"_price":"","_stock":"","_tribe_ticket_header":"","_tribe_default_ticket_provider":"","_tribe_ticket_capacity":"0","_ticket_start_date":"","_ticket_end_date":"","_tribe_ticket_show_description":"","_tribe_ticket_show_not_going":false,"_tribe_ticket_use_global_stock":"","_tribe_ticket_global_stock_level":"","_global_stock_mode":"","_global_stock_cap":"","_tribe_rsvp_for_event":"","_tribe_ticket_going_count":"","_tribe_ticket_not_going_count":"","_tribe_tickets_list":"[]","_tribe_ticket_has_attendee_info_fields":false,"footnotes":""},"categories":[46],"tags":[13975,15521,15522,1926,3587,15520,445,1425,7983,8358,220,3535,15523,506,347,348],"class_list":["post-14550","post","type-post","status-publish","format-standard","hentry","category-noticias","tag-cadernos-de-jurisprudencia","tag-cadernos-de-jurisprudencia-do-supremo-tribunal-federal","tag-concretizando-direitos-humanos","tag-corte","tag-direitos-humanos","tag-emergencia-climatica","tag-jurisprudencia","tag-meio-ambiente","tag-ministro-luis-roberto-barroso","tag-mudancas-climaticas","tag-obra","tag-presidente-do-stf","tag-protecao-ambiental","tag-publicacao","tag-stf","tag-supremo-tribunal-federal"],"acf":[],"_links":{"self":[{"href":"https:\/\/sgpsolucoes.com.br\/site\/wp-json\/wp\/v2\/posts\/14550"}],"collection":[{"href":"https:\/\/sgpsolucoes.com.br\/site\/wp-json\/wp\/v2\/posts"}],"about":[{"href":"https:\/\/sgpsolucoes.com.br\/site\/wp-json\/wp\/v2\/types\/post"}],"author":[{"embeddable":true,"href":"https:\/\/sgpsolucoes.com.br\/site\/wp-json\/wp\/v2\/users\/5"}],"replies":[{"embeddable":true,"href":"https:\/\/sgpsolucoes.com.br\/site\/wp-json\/wp\/v2\/comments?post=14550"}],"version-history":[{"count":0,"href":"https:\/\/sgpsolucoes.com.br\/site\/wp-json\/wp\/v2\/posts\/14550\/revisions"}],"wp:attachment":[{"href":"https:\/\/sgpsolucoes.com.br\/site\/wp-json\/wp\/v2\/media?parent=14550"}],"wp:term":[{"taxonomy":"category","embeddable":true,"href":"https:\/\/sgpsolucoes.com.br\/site\/wp-json\/wp\/v2\/categories?post=14550"},{"taxonomy":"post_tag","embeddable":true,"href":"https:\/\/sgpsolucoes.com.br\/site\/wp-json\/wp\/v2\/tags?post=14550"}],"curies":[{"name":"wp","href":"https:\/\/api.w.org\/{rel}","templated":true}]}}