{"id":14553,"date":"2025-09-22T11:13:52","date_gmt":"2025-09-22T14:13:52","guid":{"rendered":"https:\/\/sgpsolucoes.com.br\/site\/?p=14553"},"modified":"2025-09-22T11:14:09","modified_gmt":"2025-09-22T14:14:09","slug":"lei-que-regulamenta-pesquisas-cientificas-com-seres-humanos-e-questionada-no-stf","status":"publish","type":"post","link":"https:\/\/sgpsolucoes.com.br\/site\/lei-que-regulamenta-pesquisas-cientificas-com-seres-humanos-e-questionada-no-stf\/","title":{"rendered":"Lei que regulamenta pesquisas cient\u00edficas com seres humanos \u00e9 questionada no STF"},"content":{"rendered":"<p class=\"has-text-align-center\"><em>Foto: Rosinei Coutinho\/STF<\/em><\/p><p><strong><em>Para Sociedade Brasileira de Bio\u00e9tica, norma viola direito \u00e0 sa\u00fade e autonomia de pacientes&nbsp;<\/em><\/strong><\/p><p>A Sociedade Brasileira de Bio\u00e9tica entrou com a\u00e7\u00e3o no Supremo Tribunal Federal (STF) contra a lei que regulamenta pesquisas cient\u00edficas com seres humanos. A A\u00e7\u00e3o Direta de Inconstitucionalidade&nbsp;<a href=\"https:\/\/portal.stf.jus.br\/processos\/detalhe.asp?incidente=7374850\" target=\"_blank\" rel=\"noreferrer noopener\">(ADI) 7875<\/a>&nbsp;foi distribu\u00edda ao ministro Cristiano Zanin.<\/p><p>A entidade sustenta que a Lei 14.874\/2024 restringe o direito de indiv\u00edduos em condi\u00e7\u00e3o de vulnerabilidade ao acesso cont\u00ednuo a tratamentos eficazes ap\u00f3s o t\u00e9rmino dos estudos, o que violaria princ\u00edpios constitucionais como o direito fundamental \u00e0 sa\u00fade.<\/p><p>Na a\u00e7\u00e3o, a entidade tamb\u00e9m sustenta que a norma, de origem parlamentar, criou \u00f3rg\u00e3o vinculado ao Minist\u00e9rio da Sa\u00fade, usurpando compet\u00eancia reservada ao Poder Executivo, levando \u00e0 sua inconstitucionalidade devido ao v\u00edcio de iniciativa. Argumenta, ainda, que a legisla\u00e7\u00e3o imp\u00f5e ao Sistema \u00danico de Sa\u00fade (SUS) e a institui\u00e7\u00f5es p\u00fablicas custos adicionais sem previs\u00e3o or\u00e7ament\u00e1ria e fragiliza garantias de autonomia e consentimento informado de participantes de pesquisas, especialmente em situa\u00e7\u00f5es de emerg\u00eancia.<\/p><p>Outro ponto destacado \u00e9 a aus\u00eancia de participa\u00e7\u00e3o social efetiva na governan\u00e7a da \u00e9tica em pesquisa, em desacordo com a diretriz constitucional de controle social no SUS.&nbsp;<\/p><p><em>(Cezar Camilo\/CR\/\/CF)<\/em><\/p><p><strong>Fonte: STF<\/strong><\/p>\n    <div class=\"xs_social_share_widget xs_share_url after_content \t\tmain_content  wslu-style-1 wslu-share-box-shaped wslu-fill-colored wslu-none wslu-share-horizontal wslu-theme-font-no wslu-main_content\">\n\n\t\t\n        <ul>\n\t\t\t        <\/ul>\n    <\/div> \n","protected":false},"excerpt":{"rendered":"<p>A Sociedade Brasileira de Bio\u00e9tica entrou com a\u00e7\u00e3o no Supremo Tribunal Federal (STF) contra a lei que regulamenta pesquisas cient\u00edficas com seres humanos. A A\u00e7\u00e3o Direta de Inconstitucionalidade\u00a0(ADI) 7875\u00a0foi distribu\u00edda ao ministro Cristiano Zanin.<\/p>\n","protected":false},"author":5,"featured_media":0,"comment_status":"open","ping_status":"open","sticky":false,"template":"","format":"standard","meta":{"postBodyCss":"","postBodyMargin":[],"postBodyPadding":[],"postBodyBackground":{"backgroundType":"classic","gradient":""},"_price":"","_stock":"","_tribe_ticket_header":"","_tribe_default_ticket_provider":"","_tribe_ticket_capacity":"0","_ticket_start_date":"","_ticket_end_date":"","_tribe_ticket_show_description":"","_tribe_ticket_show_not_going":false,"_tribe_ticket_use_global_stock":"","_tribe_ticket_global_stock_level":"","_global_stock_mode":"","_global_stock_cap":"","_tribe_rsvp_for_event":"","_tribe_ticket_going_count":"","_tribe_ticket_not_going_count":"","_tribe_tickets_list":"[]","_tribe_ticket_has_attendee_info_fields":false,"footnotes":""},"categories":[46],"tags":[15529,15527,391,7533,15531,12273,8975,1563,15532,13100,15524,15528,4471,2477,15526,15525,347,348,15530,3911],"class_list":["post-14553","post","type-post","status-publish","format-standard","hentry","category-noticias","tag-adi-7875","tag-autonomia-de-pacientes","tag-direito","tag-direito-a-saude","tag-direito-fundamental-a-saude","tag-estudos","tag-individuos","tag-lei","tag-lei-14-874-2024","tag-ministro-cristiano-zanin","tag-pesquisas-cientificas","tag-pesquisas-cientificas-com-seres-humanos-acao-direta-de-inconstitucionalidade","tag-principios-constitucionais","tag-regulamenta","tag-seres-humanos","tag-sociedade-brasileira-de-bioetica","tag-stf","tag-supremo-tribunal-federal","tag-tratamentos-eficazes","tag-vulnerabilidade"],"acf":[],"_links":{"self":[{"href":"https:\/\/sgpsolucoes.com.br\/site\/wp-json\/wp\/v2\/posts\/14553"}],"collection":[{"href":"https:\/\/sgpsolucoes.com.br\/site\/wp-json\/wp\/v2\/posts"}],"about":[{"href":"https:\/\/sgpsolucoes.com.br\/site\/wp-json\/wp\/v2\/types\/post"}],"author":[{"embeddable":true,"href":"https:\/\/sgpsolucoes.com.br\/site\/wp-json\/wp\/v2\/users\/5"}],"replies":[{"embeddable":true,"href":"https:\/\/sgpsolucoes.com.br\/site\/wp-json\/wp\/v2\/comments?post=14553"}],"version-history":[{"count":0,"href":"https:\/\/sgpsolucoes.com.br\/site\/wp-json\/wp\/v2\/posts\/14553\/revisions"}],"wp:attachment":[{"href":"https:\/\/sgpsolucoes.com.br\/site\/wp-json\/wp\/v2\/media?parent=14553"}],"wp:term":[{"taxonomy":"category","embeddable":true,"href":"https:\/\/sgpsolucoes.com.br\/site\/wp-json\/wp\/v2\/categories?post=14553"},{"taxonomy":"post_tag","embeddable":true,"href":"https:\/\/sgpsolucoes.com.br\/site\/wp-json\/wp\/v2\/tags?post=14553"}],"curies":[{"name":"wp","href":"https:\/\/api.w.org\/{rel}","templated":true}]}}