{"id":14556,"date":"2025-09-22T11:18:32","date_gmt":"2025-09-22T14:18:32","guid":{"rendered":"https:\/\/sgpsolucoes.com.br\/site\/?p=14556"},"modified":"2025-09-22T11:18:33","modified_gmt":"2025-09-22T14:18:33","slug":"stf-vai-decidir-se-causas-contra-os-correios-tem-de-ser-apresentadas-em-cinco-anos","status":"publish","type":"post","link":"https:\/\/sgpsolucoes.com.br\/site\/stf-vai-decidir-se-causas-contra-os-correios-tem-de-ser-apresentadas-em-cinco-anos\/","title":{"rendered":"STF vai decidir se causas contra os Correios t\u00eam de ser apresentadas em cinco anos"},"content":{"rendered":"<p class=\"has-text-align-center\"><em>Foto: Marcelo Camargo\/Ag\u00eancia Brasil<\/em><\/p><p><strong><em>Discuss\u00e3o \u00e9 sobre a aplica\u00e7\u00e3o \u00e0 estatal do prazo para processar Fazenda P\u00fablica<\/em><\/strong><\/p><p>O Supremo Tribunal Federal (STF) vai decidir se o prazo prescricional de cinco anos para entrar com a\u00e7\u00f5es na Justi\u00e7a contra a Fazenda P\u00fablica se estende \u00e0s causas contra a Empresa Brasileira de Correios e Tel\u00e9grafos (ECT). A mat\u00e9ria \u00e9 objeto do Recurso Extraordin\u00e1rio&nbsp;<a href=\"https:\/\/portal.stf.jus.br\/processos\/detalhe.asp?incidente=4511901\" target=\"_blank\" rel=\"noreferrer noopener\">(RE) 790059<\/a>, que teve repercuss\u00e3o geral reconhecida no Plen\u00e1rio Virtual (Tema 1.407). Com isso, a tese a ser definida dever\u00e1 ser seguida pelos tribunais do pa\u00eds.<\/p><h5 class=\"wp-block-heading\"><strong>Indeniza\u00e7\u00e3o<\/strong><\/h5><p>A discuss\u00e3o tem origem em uma a\u00e7\u00e3o movida pela Via\u00e7\u00e3o A\u00e9rea S\u00e3o Paulo (Vasp) para obter indeniza\u00e7\u00e3o por valores relativos \u00e0 corre\u00e7\u00e3o monet\u00e1ria de parcelas quitadas com atraso pelos Correios referentes a um contrato de transporte de cargas.<\/p><p>Na primeira inst\u00e2ncia, a a\u00e7\u00e3o foi julgada parcialmente procedente, e as duas partes recorreram. No julgamento dos apelos, o Tribunal Regional Federal da 1\u00aa Regi\u00e3o (TRF-1) estendeu \u00e0 ECT os privil\u00e9gios processuais da Fazenda P\u00fablica, previstos no Decreto 20.910\/1932 e no Decreto-Lei 4.597\/1942, entre eles o prazo de cinco anos para exercer direito de a\u00e7\u00e3o na Justi\u00e7a. De acordo com a Justi\u00e7a Federal, o STF tem decidido que, por prestar servi\u00e7o p\u00fablico, os Correios t\u00eam direito a privil\u00e9gios como imunidade rec\u00edproca e impenhorabilidade de bens.<\/p><p>No STF, a massa falida da VASP argumenta que o pr\u00f3prio Supremo j\u00e1 negou a concess\u00e3o de todas as prerrogativas da Fazenda P\u00fablica aos Correios, uma vez que empresas p\u00fablicas e sociedades de economia mista, de acordo com a Constitui\u00e7\u00e3o Federal, devem se submeter \u00e0s regras do regime privado.<\/p><h5 class=\"wp-block-heading\"><strong>Manifesta\u00e7\u00e3o<\/strong><\/h5><p>Ao se manifestar pela repercuss\u00e3o geral do tema, o ministro Luiz Fux destacou que o Supremo, no julgamento do RE 220906, reconheceu que a ECT \u00e9 pessoa jur\u00eddica equiparada \u00e0 Fazenda P\u00fablica e, portanto, aplica-se \u00e0 empresa o privil\u00e9gio da impenhorabilidade de seus bens, rendas e servi\u00e7os. Entretanto, a Corte ainda n\u00e3o enfrentou a constitucionalidade da prescri\u00e7\u00e3o quinquenal.<\/p><p>Para Fux, a quest\u00e3o ultrapassa os interesses das partes sob aspectos pol\u00edticos e sociais, e o tema de fundo deve ser examinado para fins de seguran\u00e7a jur\u00eddica.<\/p><p><em>(Su\u00e9len Pires\/CR\/\/CF)<\/em><\/p><p><strong>Fonte: STF<\/strong><\/p>\n    <div class=\"xs_social_share_widget xs_share_url after_content \t\tmain_content  wslu-style-1 wslu-share-box-shaped wslu-fill-colored wslu-none wslu-share-horizontal wslu-theme-font-no wslu-main_content\">\n\n\t\t\n        <ul>\n\t\t\t        <\/ul>\n    <\/div> \n","protected":false},"excerpt":{"rendered":"<p>O Supremo Tribunal Federal (STF) vai decidir se o prazo prescricional de cinco anos para entrar com a\u00e7\u00f5es na Justi\u00e7a contra a Fazenda P\u00fablica se estende \u00e0s causas contra a Empresa Brasileira de Correios e Tel\u00e9grafos (ECT). A mat\u00e9ria \u00e9 objeto do Recurso Extraordin\u00e1rio\u00a0(RE) 790059, que teve repercuss\u00e3o geral reconhecida no Plen\u00e1rio Virtual (Tema 1.407). Com isso, a tese a ser definida dever\u00e1 ser seguida pelos tribunais do pa\u00eds.<\/p>\n","protected":false},"author":5,"featured_media":0,"comment_status":"open","ping_status":"open","sticky":false,"template":"","format":"standard","meta":{"postBodyCss":"","postBodyMargin":[],"postBodyPadding":[],"postBodyBackground":{"backgroundType":"classic","gradient":""},"_price":"","_stock":"","_tribe_ticket_header":"","_tribe_default_ticket_provider":"","_tribe_ticket_capacity":"0","_ticket_start_date":"","_ticket_end_date":"","_tribe_ticket_show_description":"","_tribe_ticket_show_not_going":false,"_tribe_ticket_use_global_stock":"","_tribe_ticket_global_stock_level":"","_global_stock_mode":"","_global_stock_cap":"","_tribe_rsvp_for_event":"","_tribe_ticket_going_count":"","_tribe_ticket_not_going_count":"","_tribe_tickets_list":"[]","_tribe_ticket_has_attendee_info_fields":false,"footnotes":""},"categories":[46],"tags":[4638,804,15537,9208,4736,4745,4744,484,2991,200,394,15533,13544,663,6669,15536,1870,1731,347,348,15535,15538,15534],"class_list":["post-14556","post","type-post","status-publish","format-standard","hentry","category-noticias","tag-atraso","tag-cinco-anos","tag-contrato-de-transporte-de-cargas","tag-correcao-monetaria","tag-correios","tag-ect","tag-empresa-brasileira-de-correios-e-telegrafos","tag-estatal","tag-fazenda-publica","tag-indenizacao","tag-justica","tag-parcelas-quitadas","tag-plenario-virtual","tag-prazo","tag-prazo-prescricional","tag-re-790059","tag-recurso-extraordinario","tag-repercussao-geral","tag-stf","tag-supremo-tribunal-federal","tag-tema-1-407","tag-vasp","tag-viacao-aerea-sao-paulo"],"acf":[],"_links":{"self":[{"href":"https:\/\/sgpsolucoes.com.br\/site\/wp-json\/wp\/v2\/posts\/14556"}],"collection":[{"href":"https:\/\/sgpsolucoes.com.br\/site\/wp-json\/wp\/v2\/posts"}],"about":[{"href":"https:\/\/sgpsolucoes.com.br\/site\/wp-json\/wp\/v2\/types\/post"}],"author":[{"embeddable":true,"href":"https:\/\/sgpsolucoes.com.br\/site\/wp-json\/wp\/v2\/users\/5"}],"replies":[{"embeddable":true,"href":"https:\/\/sgpsolucoes.com.br\/site\/wp-json\/wp\/v2\/comments?post=14556"}],"version-history":[{"count":0,"href":"https:\/\/sgpsolucoes.com.br\/site\/wp-json\/wp\/v2\/posts\/14556\/revisions"}],"wp:attachment":[{"href":"https:\/\/sgpsolucoes.com.br\/site\/wp-json\/wp\/v2\/media?parent=14556"}],"wp:term":[{"taxonomy":"category","embeddable":true,"href":"https:\/\/sgpsolucoes.com.br\/site\/wp-json\/wp\/v2\/categories?post=14556"},{"taxonomy":"post_tag","embeddable":true,"href":"https:\/\/sgpsolucoes.com.br\/site\/wp-json\/wp\/v2\/tags?post=14556"}],"curies":[{"name":"wp","href":"https:\/\/api.w.org\/{rel}","templated":true}]}}