{"id":14562,"date":"2025-09-22T11:53:29","date_gmt":"2025-09-22T14:53:29","guid":{"rendered":"https:\/\/sgpsolucoes.com.br\/site\/?p=14562"},"modified":"2025-09-22T11:53:30","modified_gmt":"2025-09-22T14:53:30","slug":"informativo-traz-configuracao-de-dano-moral-coletivo-em-protesto-realizado-sem-comunicacao-previa-as-autoridades","status":"publish","type":"post","link":"https:\/\/sgpsolucoes.com.br\/site\/informativo-traz-configuracao-de-dano-moral-coletivo-em-protesto-realizado-sem-comunicacao-previa-as-autoridades\/","title":{"rendered":"Informativo traz configura\u00e7\u00e3o de dano moral coletivo em protesto realizado sem comunica\u00e7\u00e3o pr\u00e9via \u00e0s autoridades"},"content":{"rendered":"<p>\u200bA Secretaria de Jurisprud\u00eancia do Superior Tribunal de Justi\u00e7a (STJ) divulgou a&nbsp;<a href=\"https:\/\/processo.stj.jus.br\/SCON\/GetPDFINFJ?edicao=0862\">edi\u00e7\u00e3o 862 do Informativo de Jurisprud\u00eancia<\/a>. A equipe de publica\u00e7\u00e3o destacou dois julgamentos nesta edi\u00e7\u00e3o.&nbsp;<\/p><p>No primeiro processo em destaque, a Segunda Turma, por unanimidade, decidiu que a realiza\u00e7\u00e3o de protestos sem comunica\u00e7\u00e3o pr\u00e9via \u00e0s autoridades e com obstru\u00e7\u00e3o de diversas vias p\u00fablicas de acesso \u00e0 capital do Estado por lapso temporal consider\u00e1vel configura dano moral coletivo&nbsp;<em>in re ipsa<\/em>. A tese foi fixada no&nbsp;REsp&nbsp;2.026.929, de relatoria do ministro Marco Aur\u00e9lio Bellizze.&nbsp;<\/p><p>Em outro julgado mencionado na edi\u00e7\u00e3o, a Sexta Turma, por unanimidade, definiu que a configura\u00e7\u00e3o do delito de redu\u00e7\u00e3o \u00e0 condi\u00e7\u00e3o an\u00e1loga \u00e0 de escravo, previsto no artigo 149 do C\u00f3digo Penal, n\u00e3o exige a restri\u00e7\u00e3o da liberdade de locomo\u00e7\u00e3o dos trabalhadores, sendo suficiente a submiss\u00e3o a condi\u00e7\u00f5es degradantes de trabalho. O&nbsp;REsp&nbsp;2.204.503 teve como relator o ministro Sebasti\u00e3o Reis J\u00fanior.<\/p><h2 class=\"wp-block-heading\">Conhe\u00e7a o informativo<\/h2><p>O&nbsp;<a href=\"https:\/\/processo.stj.jus.br\/jurisprudencia\/externo\/informativo\/\">Informativo de Jurisprud\u00eancia<\/a>&nbsp;divulga periodicamente notas sobre teses de relev\u00e2ncia firmadas nos julgamentos do STJ, selecionadas pela repercuss\u00e3o no meio jur\u00eddico e pela novidade no \u00e2mbito do tribunal.<\/p><p>Para visualizar as novas edi\u00e7\u00f5es, acesse Jurisprud\u00eancia &gt; Informativo de Jurisprud\u00eancia, a partir do&nbsp;<em>menu<\/em>&nbsp;no alto da p\u00e1gina. A pesquisa de informativos anteriores pode ser feita pelo n\u00famero da edi\u00e7\u00e3o ou pelo ramo do direito.<\/p><p><strong>Fonte: STJ<\/strong><\/p>\n    <div class=\"xs_social_share_widget xs_share_url after_content \t\tmain_content  wslu-style-1 wslu-share-box-shaped wslu-fill-colored wslu-none wslu-share-horizontal wslu-theme-font-no wslu-main_content\">\n\n\t\t\n        <ul>\n\t\t\t        <\/ul>\n    <\/div> \n","protected":false},"excerpt":{"rendered":"<p>\u200bA Secretaria de Jurisprud\u00eancia do Superior Tribunal de Justi\u00e7a (STJ) divulgou a\u00a0edi\u00e7\u00e3o 862 do Informativo de Jurisprud\u00eancia. A equipe de publica\u00e7\u00e3o destacou dois julgamentos nesta edi\u00e7\u00e3o.\u00a0<\/p>\n","protected":false},"author":5,"featured_media":0,"comment_status":"open","ping_status":"open","sticky":false,"template":"","format":"standard","meta":{"postBodyCss":"","postBodyMargin":[],"postBodyPadding":[],"postBodyBackground":{"backgroundType":"classic","gradient":""},"_price":"","_stock":"","_tribe_ticket_header":"","_tribe_default_ticket_provider":"","_tribe_ticket_capacity":"0","_ticket_start_date":"","_ticket_end_date":"","_tribe_ticket_show_description":"","_tribe_ticket_show_not_going":false,"_tribe_ticket_use_global_stock":"","_tribe_ticket_global_stock_level":"","_global_stock_mode":"","_global_stock_cap":"","_tribe_rsvp_for_event":"","_tribe_ticket_going_count":"","_tribe_ticket_not_going_count":"","_tribe_tickets_list":"[]","_tribe_ticket_has_attendee_info_fields":false,"footnotes":""},"categories":[46],"tags":[1823,15550,15466,10887,15549,259,1306,15548,6757,229,230],"class_list":["post-14562","post","type-post","status-publish","format-standard","hentry","category-noticias","tag-autoridades","tag-comunicacao-previa","tag-configuracao","tag-dano-moral-coletivo","tag-edicao-862","tag-informativo","tag-informativo-de-jurisprudencia","tag-protesto","tag-secretaria-de-jurisprudencia","tag-stj","tag-superior-tribunal-de-justica"],"acf":[],"_links":{"self":[{"href":"https:\/\/sgpsolucoes.com.br\/site\/wp-json\/wp\/v2\/posts\/14562"}],"collection":[{"href":"https:\/\/sgpsolucoes.com.br\/site\/wp-json\/wp\/v2\/posts"}],"about":[{"href":"https:\/\/sgpsolucoes.com.br\/site\/wp-json\/wp\/v2\/types\/post"}],"author":[{"embeddable":true,"href":"https:\/\/sgpsolucoes.com.br\/site\/wp-json\/wp\/v2\/users\/5"}],"replies":[{"embeddable":true,"href":"https:\/\/sgpsolucoes.com.br\/site\/wp-json\/wp\/v2\/comments?post=14562"}],"version-history":[{"count":0,"href":"https:\/\/sgpsolucoes.com.br\/site\/wp-json\/wp\/v2\/posts\/14562\/revisions"}],"wp:attachment":[{"href":"https:\/\/sgpsolucoes.com.br\/site\/wp-json\/wp\/v2\/media?parent=14562"}],"wp:term":[{"taxonomy":"category","embeddable":true,"href":"https:\/\/sgpsolucoes.com.br\/site\/wp-json\/wp\/v2\/categories?post=14562"},{"taxonomy":"post_tag","embeddable":true,"href":"https:\/\/sgpsolucoes.com.br\/site\/wp-json\/wp\/v2\/tags?post=14562"}],"curies":[{"name":"wp","href":"https:\/\/api.w.org\/{rel}","templated":true}]}}