{"id":14565,"date":"2025-09-22T12:55:48","date_gmt":"2025-09-22T15:55:48","guid":{"rendered":"https:\/\/sgpsolucoes.com.br\/site\/?p=14565"},"modified":"2025-09-22T12:55:50","modified_gmt":"2025-09-22T15:55:50","slug":"tce-sc-diz-que-contratacao-de-acts-para-politica-publica-de-atuacao-junto-a-populacao-de-rua-deve-estar-prevista-em-legislacao-e-observar-o-interesse-publico","status":"publish","type":"post","link":"https:\/\/sgpsolucoes.com.br\/site\/tce-sc-diz-que-contratacao-de-acts-para-politica-publica-de-atuacao-junto-a-populacao-de-rua-deve-estar-prevista-em-legislacao-e-observar-o-interesse-publico\/","title":{"rendered":"TCE\/SC diz que contrata\u00e7\u00e3o de ACTs para pol\u00edtica p\u00fablica de atua\u00e7\u00e3o junto \u00e0 popula\u00e7\u00e3o de rua deve estar prevista em legisla\u00e7\u00e3o e observar o interesse p\u00fablico"},"content":{"rendered":"<p>A contrata\u00e7\u00e3o de agentes por prazo determinado, os chamados ACTs, para atendimento de demanda transit\u00f3ria vinculada \u00e0 pol\u00edtica p\u00fablica de atua\u00e7\u00e3o junto \u00e0 popula\u00e7\u00e3o em situa\u00e7\u00e3o de rua \u00e9 juridicamente vi\u00e1vel. Mas o Tribunal de Contas de Santa Catarina (TCE\/SC) destaca que \u00e9 preciso ter previs\u00e3o legislativa espec\u00edfica, delimita\u00e7\u00e3o do tempo de dura\u00e7\u00e3o e configura\u00e7\u00e3o de necessidade tempor\u00e1ria de excepcional interesse p\u00fablico.&nbsp;&nbsp;<\/p><p>O entendimento do TCE\/SC foi firmado na sess\u00e3o virtual encerrada em 18 de setembro, com base na proposta de voto da conselheira substituta Sabrina Nunes Iocken e no relat\u00f3rio da Diretoria de Atos de Pessoal (DAP), em reposta \u00e0 consulta (<a href=\"https:\/\/virtual.tce.sc.gov.br\/pwa\/#\/processo?nu_proc=25%2F00071264\" target=\"_blank\" rel=\"noreferrer noopener\">CON 25\/00071264<\/a>) formulada pelo prefeito de Florian\u00f3polis, Top\u00e1zio Silveira Neto. Est\u00e1 amparado na Constitui\u00e7\u00e3o Federal, em decis\u00f5es do Tribunal de Justi\u00e7a de Santa Catarina e do Supremo Tribunal Federal e na&nbsp;<a href=\"https:\/\/www.planalto.gov.br\/ccivil_03\/leis\/l8745cons.htm\" target=\"_blank\" rel=\"noreferrer noopener\">Lei n. 8.745\/1993<\/a>. \u201cA contrata\u00e7\u00e3o tempor\u00e1ria constitui exce\u00e7\u00e3o \u00e0 regra do concurso p\u00fablico\u201d, ressalta a conselheira Sabrina.&nbsp;<\/p><p>De acordo com auditores fiscais de Controle Externo da DAP, a norma regulamentadora tem que delimitar, de forma espec\u00edfica, a conting\u00eancia f\u00e1tica que justifica a contrata\u00e7\u00e3o, no intuito de demonstrar o car\u00e1ter de temporariedade e de precariedade dos v\u00ednculos contratuais. \u201cSucessivos processos seletivos para as mesmas fun\u00e7\u00f5es e cont\u00ednuas prorroga\u00e7\u00f5es contratuais podem configurar burla \u00e0 regra constitucional do concurso p\u00fablico\u201d, alertam.&nbsp;<\/p><h6 class=\"wp-block-heading\"><strong>Processo seletivo simplificado&nbsp;<\/strong><\/h6><p>Para a contrata\u00e7\u00e3o de pessoal por tempo determinado, a Administra\u00e7\u00e3o precisa realizar processo seletivo p\u00fablico simplificado, como disposto nos Prejulgados 1927, 2470 e 2041. O procedimento deve ter ampla divulga\u00e7\u00e3o e ser executado com total submiss\u00e3o \u00e0s condi\u00e7\u00f5es e \u00e0s hip\u00f3teses previstas na lei local, as quais devem guardar o n\u00edvel de detalhamento suficiente para que o processo seja legitimado.&nbsp;<\/p><p>A conselheira-relatora e a equipe da DAP destacam que, cabe ao edital ou ao instrumento convocat\u00f3rio equivalente, a defini\u00e7\u00e3o de crit\u00e9rios objetivos para a sele\u00e7\u00e3o. Dever\u00e3o constar, por exemplo, informa\u00e7\u00f5es m\u00ednimas sobre as fun\u00e7\u00f5es a serem desempenhadas, a qualifica\u00e7\u00e3o profissional exigida, a remunera\u00e7\u00e3o, o local de exerc\u00edcio, a carga hor\u00e1ria de trabalho, o prazo da contrata\u00e7\u00e3o, o prazo de validade da sele\u00e7\u00e3o e os documentos a serem apresentados na convoca\u00e7\u00e3o.&nbsp;<\/p><p>Os auditores fiscais explicam que o processo seletivo, em regra, deve ser realizado por meio de provas, provas e t\u00edtulos ou, em casos excepcionais, exclusivamente por an\u00e1lise de t\u00edtulos, desde que a escolha esteja justificada e regulamentada e sejam observados os princ\u00edpios da isonomia, da impessoalidade e da objetividade. Quando a situa\u00e7\u00e3o justificar a dispensa de provas, esclarecem que o edital deve estabelecer crit\u00e9rios objetivos de pontua\u00e7\u00e3o, como a forma\u00e7\u00e3o acad\u00eamica e a experi\u00eancia profissional na fun\u00e7\u00e3o pretendida, entre outros fatores.&nbsp;<\/p><p>As respostas \u00e0s consultas est\u00e3o dispon\u00edveis no menu superior do&nbsp;<a href=\"https:\/\/www.tcesc.tc.br\/\" target=\"_blank\" rel=\"noreferrer noopener\">Portal do TCE\/SC<\/a>, no item Jurisprud\u00eancia, subitem&nbsp;<a href=\"https:\/\/www.tcesc.tc.br\/prejulgados\" target=\"_blank\" rel=\"noreferrer noopener\">Prejulgados<\/a>.&nbsp;<\/p><p><strong>Fonte: TCE\/SC<\/strong><\/p>\n    <div class=\"xs_social_share_widget xs_share_url after_content \t\tmain_content  wslu-style-1 wslu-share-box-shaped wslu-fill-colored wslu-none wslu-share-horizontal wslu-theme-font-no wslu-main_content\">\n\n\t\t\n        <ul>\n\t\t\t        <\/ul>\n    <\/div> \n","protected":false},"excerpt":{"rendered":"<p>A contrata\u00e7\u00e3o de agentes por prazo determinado, os chamados ACTs, para atendimento de demanda transit\u00f3ria vinculada \u00e0 pol\u00edtica p\u00fablica de atua\u00e7\u00e3o junto \u00e0 popula\u00e7\u00e3o em situa\u00e7\u00e3o de rua \u00e9 juridicamente vi\u00e1vel. Mas o Tribunal de Contas de Santa Catarina (TCE\/SC) destaca que \u00e9 preciso ter previs\u00e3o legislativa espec\u00edfica, delimita\u00e7\u00e3o do tempo de dura\u00e7\u00e3o e configura\u00e7\u00e3o de necessidade tempor\u00e1ria de excepcional interesse p\u00fablico.\u00a0\u00a0<\/p>\n","protected":false},"author":5,"featured_media":0,"comment_status":"open","ping_status":"open","sticky":false,"template":"","format":"standard","meta":{"postBodyCss":"","postBodyMargin":[],"postBodyPadding":[],"postBodyBackground":{"backgroundType":"classic","gradient":""},"_price":"","_stock":"","_tribe_ticket_header":"","_tribe_default_ticket_provider":"","_tribe_ticket_capacity":"0","_ticket_start_date":"","_ticket_end_date":"","_tribe_ticket_show_description":"","_tribe_ticket_show_not_going":false,"_tribe_ticket_use_global_stock":"","_tribe_ticket_global_stock_level":"","_global_stock_mode":"","_global_stock_cap":"","_tribe_rsvp_for_event":"","_tribe_ticket_going_count":"","_tribe_ticket_not_going_count":"","_tribe_tickets_list":"[]","_tribe_ticket_has_attendee_info_fields":false,"footnotes":""},"categories":[46],"tags":[15551,13821,15552,15557,15555,2298,688,15556,3700,8003,15553,15558,15554,1307,590,589],"class_list":["post-14565","post","type-post","status-publish","format-standard","hentry","category-noticias","tag-act","tag-acts","tag-contratacao-por-prazo-determinado","tag-delimitacao-do-tempo-de-duracao","tag-demanda-transitoria","tag-interesse-publico-2","tag-legislacao","tag-necessidade-temporaria-de-excepcional-interesse-publico","tag-politica-publica","tag-populacao","tag-populacao-de-rua","tag-previsao-legislativa-especifica","tag-situacao-de-rua","tag-tce-sc-2","tag-tce-sc","tag-tribunal-de-contas-de-santa-catarina"],"acf":[],"_links":{"self":[{"href":"https:\/\/sgpsolucoes.com.br\/site\/wp-json\/wp\/v2\/posts\/14565"}],"collection":[{"href":"https:\/\/sgpsolucoes.com.br\/site\/wp-json\/wp\/v2\/posts"}],"about":[{"href":"https:\/\/sgpsolucoes.com.br\/site\/wp-json\/wp\/v2\/types\/post"}],"author":[{"embeddable":true,"href":"https:\/\/sgpsolucoes.com.br\/site\/wp-json\/wp\/v2\/users\/5"}],"replies":[{"embeddable":true,"href":"https:\/\/sgpsolucoes.com.br\/site\/wp-json\/wp\/v2\/comments?post=14565"}],"version-history":[{"count":0,"href":"https:\/\/sgpsolucoes.com.br\/site\/wp-json\/wp\/v2\/posts\/14565\/revisions"}],"wp:attachment":[{"href":"https:\/\/sgpsolucoes.com.br\/site\/wp-json\/wp\/v2\/media?parent=14565"}],"wp:term":[{"taxonomy":"category","embeddable":true,"href":"https:\/\/sgpsolucoes.com.br\/site\/wp-json\/wp\/v2\/categories?post=14565"},{"taxonomy":"post_tag","embeddable":true,"href":"https:\/\/sgpsolucoes.com.br\/site\/wp-json\/wp\/v2\/tags?post=14565"}],"curies":[{"name":"wp","href":"https:\/\/api.w.org\/{rel}","templated":true}]}}