{"id":14571,"date":"2025-09-23T11:39:03","date_gmt":"2025-09-23T14:39:03","guid":{"rendered":"https:\/\/sgpsolucoes.com.br\/site\/?p=14571"},"modified":"2025-09-23T11:39:04","modified_gmt":"2025-09-23T14:39:04","slug":"stf-suspende-lei-paulista-que-regulamenta-mototaxis","status":"publish","type":"post","link":"https:\/\/sgpsolucoes.com.br\/site\/stf-suspende-lei-paulista-que-regulamenta-mototaxis\/","title":{"rendered":"STF suspende lei paulista que regulamenta motot\u00e1xis\u00a0"},"content":{"rendered":"<p class=\"has-text-align-center\"><em>Foto: Rovena Rosa\/Ag\u00eancia Brasil<\/em><\/p><p><strong><em>Ministro Alexandre de Moraes citou anteriormente que vedam restri\u00e7\u00f5es ao transporte individual de passageiros&nbsp;<\/em><\/strong><\/p><p>O ministro Alexandre de Moraes, do Supremo Tribunal Federal (STF), suspendeu a efic\u00e1cia de uma lei do Estado de S\u00e3o Paulo que cria regras para o transporte individual remunerado de passageiros por motocicleta. A decis\u00e3o foi tomada na A\u00e7\u00e3o Direta de Inconstitucionalidade&nbsp;<a href=\"https:\/\/portal.stf.jus.br\/processos\/detalhe.asp?incidente=7323585\" target=\"_blank\" rel=\"noreferrer noopener\"><strong>(ADI) 7852<\/strong><\/a>&nbsp;.&nbsp;<\/p><p>Entre outros pontos, a Lei estadual 18.156\/2025 condiciona a presta\u00e7\u00e3o desse servi\u00e7o \u00e0 autoriza\u00e7\u00e3o e \u00e0 regulamenta\u00e7\u00e3o pelos munic\u00edpios. Na a\u00e7\u00e3o, a Confedera\u00e7\u00e3o Nacional de Servi\u00e7os (CNS) aponta invas\u00e3o da compet\u00eancia da Uni\u00e3o para legislar sobre tr\u00e2nsito e transporte. Tamb\u00e9m aponta que a norma viola a livre iniciativa, pois classifica o transporte privado individual de passageiros por aplicativo como atividade econ\u00f4mica, e n\u00e3o como servi\u00e7o p\u00fablico.&nbsp;&nbsp;&nbsp;<\/p><h5 class=\"wp-block-heading\"><strong>Manifesta\u00e7\u00f5es&nbsp;<\/strong><\/h5><p>Em informa\u00e7\u00f5es prestadas nos autom\u00f3veis, a Assembleia Legislativa do Estado de S\u00e3o Paulo (Alesp) defende que uma norma trata de prote\u00e7\u00e3o ao consumidor e \u00e0 sa\u00fade. No mesmo sentido, o governador de S\u00e3o Paulo argumentou que o estado tem compet\u00eancia para suplementar a legisla\u00e7\u00e3o federal nesses temas.&nbsp;&nbsp;<\/p><p>A Advocacia-Geral da Uni\u00e3o (AGU) e a Procuradoria-Geral da Rep\u00fablica (PGR), por sua vez, consideram que ocorreu uma invas\u00e3o da compet\u00eancia da Uni\u00e3o para legislar sobre tr\u00e2nsito e transporte.&nbsp;&nbsp;<\/p><h5 class=\"wp-block-heading\"><strong>Iniciativa livre e livre concorr\u00eancia&nbsp;<\/strong><\/h5><p>Na decis\u00e3o, o relator informou que o STF j\u00e1 fixou, no Tema 967 da repercuss\u00e3o geral, que proibir ou restringir o transporte por motorista de aplicativo \u00e9 inconstitucional, por violar os princ\u00edpios da livre iniciativa e da livre concorr\u00eancia. Ainda segundo a tese, a atividade comercial, os munic\u00edpios e o Distrito Federal n\u00e3o podem contrariar a norma federal.&nbsp;&nbsp;&nbsp;<\/p><p>O ministro salientou que a lei paulista, embora n\u00e3o pro\u00edba a atividade, cria crit\u00e9rios e crit\u00e9rios n\u00e3o previstos na lei federal que dificultam seu exerc\u00edcio. Ele considerou que uma norma contr\u00e1ria ao modelo constitucional de divis\u00e3o de compet\u00eancias ao permitir que os munic\u00edpios controlem a oferta de transporte por aplicativos e regulamentem o servi\u00e7o de forma incompat\u00edvel com a legisla\u00e7\u00e3o federal.&nbsp;&nbsp;<\/p><p>A decis\u00e3o de suspender a efic\u00e1cia da lei, at\u00e9 a decis\u00e3o final do STF, levou em considera\u00e7\u00e3o que, al\u00e9m dos obst\u00e1culos excessivos ao exerc\u00edcio profissional do servi\u00e7o, existe o risco de que os demais estados editem normas semelhantes, invadindo a compet\u00eancia da Uni\u00e3o para legislar sobre o tema.&nbsp;&nbsp;&nbsp;<\/p><p>Leia a&nbsp;<strong><a href=\"https:\/\/portal.stf.jus.br\/processos\/downloadPeca.asp?id=15380470936&amp;ext=.pdf\" target=\"_blank\" rel=\"noreferrer noopener\">\u00edntegra da decis\u00e3o<\/a><\/strong>&nbsp;.&nbsp;&nbsp;<\/p><p><em>(Pedro Rocha\/CR\/\/CF)&nbsp;<\/em><\/p><p><strong>Fonte: STF<\/strong><\/p>\n    <div class=\"xs_social_share_widget xs_share_url after_content \t\tmain_content  wslu-style-1 wslu-share-box-shaped wslu-fill-colored wslu-none wslu-share-horizontal wslu-theme-font-no wslu-main_content\">\n\n\t\t\n        <ul>\n\t\t\t        <\/ul>\n    <\/div> \n","protected":false},"excerpt":{"rendered":"<p>O ministro Alexandre de Moraes, do Supremo Tribunal Federal (STF), suspendeu a efic\u00e1cia de uma lei do Estado de S\u00e3o Paulo que cria regras para o transporte individual remunerado de passageiros por motocicleta. A decis\u00e3o foi tomada na A\u00e7\u00e3o Direta de Inconstitucionalidade\u00a0(ADI) 7852\u00a0.\u00a0<\/p>\n","protected":false},"author":5,"featured_media":0,"comment_status":"open","ping_status":"open","sticky":false,"template":"","format":"standard","meta":{"postBodyCss":"","postBodyMargin":[],"postBodyPadding":[],"postBodyBackground":{"backgroundType":"classic","gradient":""},"_price":"","_stock":"","_tribe_ticket_header":"","_tribe_default_ticket_provider":"","_tribe_ticket_capacity":"0","_ticket_start_date":"","_ticket_end_date":"","_tribe_ticket_show_description":"","_tribe_ticket_show_not_going":false,"_tribe_ticket_use_global_stock":"","_tribe_ticket_global_stock_level":"","_global_stock_mode":"","_global_stock_cap":"","_tribe_rsvp_for_event":"","_tribe_ticket_going_count":"","_tribe_ticket_not_going_count":"","_tribe_tickets_list":"[]","_tribe_ticket_has_attendee_info_fields":false,"footnotes":""},"categories":[46],"tags":[1054,13593,3779,1410,8777,2781,1471,15567,1563,13592,13584,9439,15566,15563,10891,1805,1775,347,348,1962,1097,15564,15565],"class_list":["post-14571","post","type-post","status-publish","format-standard","hentry","category-noticias","tag-acao-direta-de-inconstitucionalidade","tag-adi-7852","tag-alexandre-de-moraes","tag-cns","tag-confederacao-nacional-de-servicos","tag-eficacia","tag-estado-de-sao-paulo","tag-invasao-da-competencia-da-uniao","tag-lei","tag-lei-estadual-18-156-2025","tag-lei-paulista","tag-ministro-alexandre-de-moraes","tag-motocicleta","tag-mototaxis","tag-passageiros","tag-regras","tag-restricoes","tag-stf","tag-supremo-tribunal-federal","tag-transito","tag-transporte","tag-transporte-individual-de-passageiros","tag-transporte-individual-remunerado"],"acf":[],"_links":{"self":[{"href":"https:\/\/sgpsolucoes.com.br\/site\/wp-json\/wp\/v2\/posts\/14571"}],"collection":[{"href":"https:\/\/sgpsolucoes.com.br\/site\/wp-json\/wp\/v2\/posts"}],"about":[{"href":"https:\/\/sgpsolucoes.com.br\/site\/wp-json\/wp\/v2\/types\/post"}],"author":[{"embeddable":true,"href":"https:\/\/sgpsolucoes.com.br\/site\/wp-json\/wp\/v2\/users\/5"}],"replies":[{"embeddable":true,"href":"https:\/\/sgpsolucoes.com.br\/site\/wp-json\/wp\/v2\/comments?post=14571"}],"version-history":[{"count":0,"href":"https:\/\/sgpsolucoes.com.br\/site\/wp-json\/wp\/v2\/posts\/14571\/revisions"}],"wp:attachment":[{"href":"https:\/\/sgpsolucoes.com.br\/site\/wp-json\/wp\/v2\/media?parent=14571"}],"wp:term":[{"taxonomy":"category","embeddable":true,"href":"https:\/\/sgpsolucoes.com.br\/site\/wp-json\/wp\/v2\/categories?post=14571"},{"taxonomy":"post_tag","embeddable":true,"href":"https:\/\/sgpsolucoes.com.br\/site\/wp-json\/wp\/v2\/tags?post=14571"}],"curies":[{"name":"wp","href":"https:\/\/api.w.org\/{rel}","templated":true}]}}