{"id":14574,"date":"2025-09-23T11:43:19","date_gmt":"2025-09-23T14:43:19","guid":{"rendered":"https:\/\/sgpsolucoes.com.br\/site\/?p=14574"},"modified":"2025-09-23T11:43:27","modified_gmt":"2025-09-23T14:43:27","slug":"stf-limita-emendas-individuais-na-assembleia-da-paraiba-a-155-da-receita-liquida-do-estado","status":"publish","type":"post","link":"https:\/\/sgpsolucoes.com.br\/site\/stf-limita-emendas-individuais-na-assembleia-da-paraiba-a-155-da-receita-liquida-do-estado\/","title":{"rendered":"STF limita emendas individuais na Assembleia da Para\u00edba a 1,55% da receita l\u00edquida do estado"},"content":{"rendered":"<p class=\"has-text-align-center\"><em>Foto: Felipe Sampaio\/STF<\/em><\/p><p><strong><em>Em liminar, ministro Alexandre de Moraes equiparou percentual do parlamento estadual ao previsto pela Constitui\u00e7\u00e3o para C\u00e2mara dos Deputados<\/em><\/strong><\/p><p>O ministro Alexandre de Moraes, do Supremo Tribunal Federal (STF), determinou que as emendas parlamentares individuais ao or\u00e7amento da Para\u00edba fiquem limitadas a 1,55% da receita corrente l\u00edquida do estado no exerc\u00edcio financeiro anterior ao do encaminhamento do projeto de lei or\u00e7ament\u00e1ria. Emenda \u00e0 Constitui\u00e7\u00e3o estadual havia fixado o percentual em 2%. A decis\u00e3o foi tomada na A\u00e7\u00e3o Direta de Inconstitucionalidade&nbsp;<a href=\"https:\/\/portal.stf.jus.br\/processos\/detalhe.asp?incidente=7357161\" target=\"_blank\" rel=\"noreferrer noopener\"><strong>(ADI) 7869<\/strong><\/a>.<\/p><p>Na liminar, o ministro Alexandre fixou interpreta\u00e7\u00e3o \u00e0s normas da Constitui\u00e7\u00e3o da Para\u00edba que tratam de emendas individuais de execu\u00e7\u00e3o obrigat\u00f3ria. Ele equiparou o percentual destinado \u00e0 Assembleia Legislativa ao aplicado na C\u00e2mara dos Deputados. Na decis\u00e3o, o ministro refor\u00e7ou ainda que metade do percentual deve ser destinada a a\u00e7\u00f5es e servi\u00e7os p\u00fablicos de sa\u00fade.<\/p><h5 class=\"wp-block-heading\"><strong>Simetria<\/strong><\/h5><p>O ministro destacou que, ao definir regras sobre o poder de emenda ao or\u00e7amento, a Constitui\u00e7\u00e3o estadual deve seguir os par\u00e2metros nacionais. Segundo ele, a correta simetria das Assembleias Legislativas \u00e9 com a C\u00e2mara dos Deputados \u2013 e n\u00e3o com o Congresso Nacional como um todo. Por isso, a base de c\u00e1lculo das emendas individuais deve ser de 1,55%, e n\u00e3o de 2%.<\/p><p>\u201c\u00c9 que a Assembleia Legislativa estadual se aproxima, na arquitetura federativa, da C\u00e2mara dos Deputados, ambas casas de representa\u00e7\u00e3o popular em seus respectivos planos federativos\u201d, afirmou o ministro Alexandre. \u201cN\u00e3o fosse essa a interpreta\u00e7\u00e3o, os deputados estaduais teriam um percentual substancialmente maior da receita corrente l\u00edquida para propor emendas impositivas do que seus pares federais\u201d, ponderou.<\/p><h5 class=\"wp-block-heading\"><strong>ADI 7869<\/strong><\/h5><p>A a\u00e7\u00e3o foi proposta pelo governador da Para\u00edba, Jo\u00e3o Azev\u00eado (PSB), contra a Emenda Constitucional 59\/2025, que alterou dispositivos da Constitui\u00e7\u00e3o estadual para fixar em 2% o percentual das emendas parlamentares individuais.<\/p><p>Leia a&nbsp;<a href=\"https:\/\/portal.stf.jus.br\/processos\/downloadPeca.asp?id=15380470930&amp;ext=.pdf\" target=\"_blank\" rel=\"noreferrer noopener\">\u00edntegra da decis\u00e3o<\/a>.<\/p><p><em>(Gustavo Aguiar\/\/AD)<\/em><\/p><p><strong>Fonte: STF<\/strong><\/p>\n    <div class=\"xs_social_share_widget xs_share_url after_content \t\tmain_content  wslu-style-1 wslu-share-box-shaped wslu-fill-colored wslu-none wslu-share-horizontal wslu-theme-font-no wslu-main_content\">\n\n\t\t\n        <ul>\n\t\t\t        <\/ul>\n    <\/div> \n","protected":false},"excerpt":{"rendered":"<p>O ministro Alexandre de Moraes, do Supremo Tribunal Federal (STF), determinou que as emendas parlamentares individuais ao or\u00e7amento da Para\u00edba fiquem limitadas a 1,55% da receita corrente l\u00edquida do estado no exerc\u00edcio financeiro anterior ao do encaminhamento do projeto de lei or\u00e7ament\u00e1ria. Emenda \u00e0 Constitui\u00e7\u00e3o estadual havia fixado o percentual em 2%. A decis\u00e3o foi tomada na A\u00e7\u00e3o Direta de Inconstitucionalidade\u00a0(ADI) 7869.<\/p>\n","protected":false},"author":5,"featured_media":0,"comment_status":"open","ping_status":"open","sticky":false,"template":"","format":"standard","meta":{"postBodyCss":"","postBodyMargin":[],"postBodyPadding":[],"postBodyBackground":{"backgroundType":"classic","gradient":""},"_price":"","_stock":"","_tribe_ticket_header":"","_tribe_default_ticket_provider":"","_tribe_ticket_capacity":"0","_ticket_start_date":"","_ticket_end_date":"","_tribe_ticket_show_description":"","_tribe_ticket_show_not_going":false,"_tribe_ticket_use_global_stock":"","_tribe_ticket_global_stock_level":"","_global_stock_mode":"","_global_stock_cap":"","_tribe_rsvp_for_event":"","_tribe_ticket_going_count":"","_tribe_ticket_not_going_count":"","_tribe_tickets_list":"[]","_tribe_ticket_has_attendee_info_fields":false,"footnotes":""},"categories":[46],"tags":[15572,15573,1054,15576,3779,15569,1457,1363,1811,94,6700,15575,2062,7486,1835,15570,9439,2471,8551,15571,15574,15577,15568,347,348],"class_list":["post-14574","post","type-post","status-publish","format-standard","hentry","category-noticias","tag-15572","tag-15573","tag-acao-direta-de-inconstitucionalidade","tag-adi-7869","tag-alexandre-de-moraes","tag-assembleia-da-paraiba","tag-camara-dos-deputados","tag-constituicao","tag-constituicao-estadual","tag-emenda","tag-emendas-individuais","tag-emendas-parlamentares-individuais","tag-estado","tag-exercicio-financeiro","tag-liminar","tag-limita","tag-ministro-alexandre-de-moraes","tag-orcamento","tag-paraiba","tag-parlamento-estadual","tag-projeto-de-lei-orcamentaria","tag-receita-corrente-liquida","tag-receita-liquida","tag-stf","tag-supremo-tribunal-federal"],"acf":[],"_links":{"self":[{"href":"https:\/\/sgpsolucoes.com.br\/site\/wp-json\/wp\/v2\/posts\/14574"}],"collection":[{"href":"https:\/\/sgpsolucoes.com.br\/site\/wp-json\/wp\/v2\/posts"}],"about":[{"href":"https:\/\/sgpsolucoes.com.br\/site\/wp-json\/wp\/v2\/types\/post"}],"author":[{"embeddable":true,"href":"https:\/\/sgpsolucoes.com.br\/site\/wp-json\/wp\/v2\/users\/5"}],"replies":[{"embeddable":true,"href":"https:\/\/sgpsolucoes.com.br\/site\/wp-json\/wp\/v2\/comments?post=14574"}],"version-history":[{"count":0,"href":"https:\/\/sgpsolucoes.com.br\/site\/wp-json\/wp\/v2\/posts\/14574\/revisions"}],"wp:attachment":[{"href":"https:\/\/sgpsolucoes.com.br\/site\/wp-json\/wp\/v2\/media?parent=14574"}],"wp:term":[{"taxonomy":"category","embeddable":true,"href":"https:\/\/sgpsolucoes.com.br\/site\/wp-json\/wp\/v2\/categories?post=14574"},{"taxonomy":"post_tag","embeddable":true,"href":"https:\/\/sgpsolucoes.com.br\/site\/wp-json\/wp\/v2\/tags?post=14574"}],"curies":[{"name":"wp","href":"https:\/\/api.w.org\/{rel}","templated":true}]}}