{"id":14583,"date":"2025-09-23T12:07:01","date_gmt":"2025-09-23T15:07:01","guid":{"rendered":"https:\/\/sgpsolucoes.com.br\/site\/?p=14583"},"modified":"2025-09-23T12:07:02","modified_gmt":"2025-09-23T15:07:02","slug":"capacitacao-de-responsaveis-por-servicos-tecnicos-deve-ser-comprovada-em-licitacao","status":"publish","type":"post","link":"https:\/\/sgpsolucoes.com.br\/site\/capacitacao-de-responsaveis-por-servicos-tecnicos-deve-ser-comprovada-em-licitacao\/","title":{"rendered":"Capacita\u00e7\u00e3o de respons\u00e1veis por servi\u00e7os t\u00e9cnicos deve ser comprovada em licita\u00e7\u00e3o"},"content":{"rendered":"<p>Ao expedir medida cautelar, o conselheiro Augustinho Zucchi refor\u00e7ou o entendimento do Tribunal de Contas do Estado do Paran\u00e1 (TCE-PR) de que os licitantes devem comprovar, em suas propostas, a capacita\u00e7\u00e3o dos profissionais respons\u00e1veis pela execu\u00e7\u00e3o de servi\u00e7os t\u00e9cnicos a serem contratados pela administra\u00e7\u00e3o p\u00fablica.<\/p><p>Expedida em 27 de agosto de 2025, a medida liminar determinou a suspens\u00e3o imediata da Concorr\u00eancia Eletr\u00f4nica n\u00ba 1\/25 do Munic\u00edpio de Rebou\u00e7as (Sul do Estado). O objetivo da licita\u00e7\u00e3o, com valor m\u00e1ximo de R$ 1,68 milh\u00e3o, \u00e9 a contrata\u00e7\u00e3o de empresa para fornecer e instalar sistema de gera\u00e7\u00e3o de energia solar, tamb\u00e9m conhecida como fotovoltaica, em pr\u00e9dios p\u00fablicos.<\/p><p>O TCE-PR acatou Representa\u00e7\u00e3o da Lei de Licita\u00e7\u00f5es (Lei n\u00ba 14.133\/21) formulada pela empresa Crossover Engenharia Ltda. em face da Concorr\u00eancia Eletr\u00f4nica n\u00ba 1\/25 da Prefeitura de Rebou\u00e7as, por meio da qual apontou que a empresa vencedora do certame n\u00e3o havia cumprido as disposi\u00e7\u00f5es do edital da licita\u00e7\u00e3o relativas \u00e0 apresenta\u00e7\u00e3o de documentos que comprovassem a capacidade t\u00e9cnica dos profissionais respons\u00e1veis pelos servi\u00e7os t\u00e9cnicos a serem executados.<\/p><p><strong>Decis\u00e3o monocr\u00e1tica<\/strong><\/p><p>Ao emitir a cautelar, Zucchi concordou com a representante quanto \u00e0 aus\u00eancia da comprova\u00e7\u00e3o da qualifica\u00e7\u00e3o t\u00e9cnico-profissional dos funcion\u00e1rios da empresa vencedora da licita\u00e7\u00e3o para a execu\u00e7\u00e3o do objeto a ser contratado. Ele lembrou que o inciso I do artigo 67 da Lei n\u00ba 14.133\/21 disp\u00f5e que a documenta\u00e7\u00e3o relativa \u00e0 qualifica\u00e7\u00e3o t\u00e9cnico-profissional e t\u00e9cnico-operacional abrange a apresenta\u00e7\u00e3o de profissional, devidamente registrado no conselho profissional competente, quando for o caso, detentor de atestado de responsabilidade t\u00e9cnica por execu\u00e7\u00e3o de obra ou servi\u00e7o de caracter\u00edsticas semelhantes, para fins de contrata\u00e7\u00e3o.<\/p><p>O conselheiro ressaltou que a empresa vencedora do certame n\u00e3o apresentou nenhuma certid\u00e3o de acervo t\u00e9cnico dos engenheiros apontados com respons\u00e1veis pelas obras na sua Declara\u00e7\u00e3o de Responsabilidade T\u00e9cnica. Ele destacou que os documentos juntados no processo trazem como profissional respons\u00e1vel um engenheiro que n\u00e3o foi elencado pela empresa como respons\u00e1vel t\u00e9cnico das obras objeto da licita\u00e7\u00e3o e sem qualquer indicativo de v\u00ednculo exigido no edital.<\/p><p>O Despacho n\u00ba 1185\/25, emitido pelo Gabinete do Conselheiro Augustinho Zucchi, foi veiculado em 29 de agosto, na&nbsp;<a href=\"https:\/\/www1.tce.pr.gov.br\/multimidia\/2025\/8\/pdf\/00397375.pdf\">edi\u00e7\u00e3o n\u00ba 3.516&nbsp; do Di\u00e1rio Eletr\u00f4nico do TCE-PR<\/a>. Com validade imediata a partir da data da expedi\u00e7\u00e3o, a cautelar ser\u00e1 submetida a homologa\u00e7\u00e3o pelo Tribunal Pleno do TCE-PR. O Munic\u00edpio de Rebou\u00e7as suspendeu a licita\u00e7\u00e3o e j\u00e1 apresentou defesa. Caso n\u00e3o seja revogada, os efeitos da medida cautelar perduram at\u00e9 que o Tribunal decida sobre o m\u00e9rito do processo.<\/p><p><strong>Servi\u00e7o<\/strong><\/p><figure class=\"wp-block-table\"><table class=\"has-fixed-layout\"><tbody><tr><td><strong>Processo n\u00ba<\/strong>:<\/td><td>400886\/25<\/td><\/tr><tr><td><strong>Despacho n\u00ba<\/strong>:<\/td><td>1185\/25 &#8211; Gabinete do Conselheiro Augustinho Zucchi<\/td><\/tr><tr><td><strong>Assunto<\/strong>:<\/td><td>Representa\u00e7\u00e3o da Lei de Licita\u00e7\u00f5es<\/td><\/tr><tr><td><strong>Entidade<\/strong>:<\/td><td>Munic\u00edpio de Rebou\u00e7as<\/td><\/tr><tr><td><strong>Interessados:<\/strong><\/td><td>Crossover Engenharia Ltda. e Laercio Ant\u00f4nio Cipriano<\/td><\/tr><tr><td><strong>Relator<\/strong>:<\/td><td>Conselheiro Augustinho Zucchi<\/td><\/tr><\/tbody><\/table><\/figure><p><strong>Fonte:&nbsp;TCE\/PR<\/strong><\/p>\n    <div class=\"xs_social_share_widget xs_share_url after_content \t\tmain_content  wslu-style-1 wslu-share-box-shaped wslu-fill-colored wslu-none wslu-share-horizontal wslu-theme-font-no wslu-main_content\">\n\n\t\t\n        <ul>\n\t\t\t        <\/ul>\n    <\/div> \n","protected":false},"excerpt":{"rendered":"<p>Ao expedir medida cautelar, o conselheiro Augustinho Zucchi refor\u00e7ou o entendimento do Tribunal de Contas do Estado do Paran\u00e1 (TCE-PR) de que os licitantes devem comprovar, em suas propostas, a capacita\u00e7\u00e3o dos profissionais respons\u00e1veis pela execu\u00e7\u00e3o de servi\u00e7os t\u00e9cnicos a serem contratados pela administra\u00e7\u00e3o p\u00fablica.<\/p>\n","protected":false},"author":5,"featured_media":0,"comment_status":"open","ping_status":"open","sticky":false,"template":"","format":"standard","meta":{"postBodyCss":"","postBodyMargin":[],"postBodyPadding":[],"postBodyBackground":{"backgroundType":"classic","gradient":""},"_price":"","_stock":"","_tribe_ticket_header":"","_tribe_default_ticket_provider":"","_tribe_ticket_capacity":"0","_ticket_start_date":"","_ticket_end_date":"","_tribe_ticket_show_description":"","_tribe_ticket_show_not_going":false,"_tribe_ticket_use_global_stock":"","_tribe_ticket_global_stock_level":"","_global_stock_mode":"","_global_stock_cap":"","_tribe_rsvp_for_event":"","_tribe_ticket_going_count":"","_tribe_ticket_not_going_count":"","_tribe_tickets_list":"[]","_tribe_ticket_has_attendee_info_fields":false,"footnotes":""},"categories":[46],"tags":[129,2050,15586,4896,12129,15587,7493,218,159,138,1195,1394,15588,4789,2797,6079,536,717,1681,14087,15589,354,356],"class_list":["post-14583","post","type-post","status-publish","format-standard","hentry","category-noticias","tag-administracao-publica","tag-capacitacao","tag-comprovada","tag-concorrencia-eletronica","tag-conselheiro-augustinho-zucchi","tag-crossover-engenharia","tag-fotovoltaica","tag-lei-de-licitacoes","tag-lei-no-14-133-21","tag-licitacao-2","tag-licitantes","tag-medida-cautelar","tag-municipio-de-reboucas","tag-objetivo","tag-predios-publicos","tag-profissionais","tag-propostas","tag-representacao","tag-responsaveis","tag-servicos-tecnicos","tag-sistema-de-geracao-de-energia-solar","tag-tce-pr","tag-tribunal-de-contas-do-estado-do-parana"],"acf":[],"_links":{"self":[{"href":"https:\/\/sgpsolucoes.com.br\/site\/wp-json\/wp\/v2\/posts\/14583"}],"collection":[{"href":"https:\/\/sgpsolucoes.com.br\/site\/wp-json\/wp\/v2\/posts"}],"about":[{"href":"https:\/\/sgpsolucoes.com.br\/site\/wp-json\/wp\/v2\/types\/post"}],"author":[{"embeddable":true,"href":"https:\/\/sgpsolucoes.com.br\/site\/wp-json\/wp\/v2\/users\/5"}],"replies":[{"embeddable":true,"href":"https:\/\/sgpsolucoes.com.br\/site\/wp-json\/wp\/v2\/comments?post=14583"}],"version-history":[{"count":0,"href":"https:\/\/sgpsolucoes.com.br\/site\/wp-json\/wp\/v2\/posts\/14583\/revisions"}],"wp:attachment":[{"href":"https:\/\/sgpsolucoes.com.br\/site\/wp-json\/wp\/v2\/media?parent=14583"}],"wp:term":[{"taxonomy":"category","embeddable":true,"href":"https:\/\/sgpsolucoes.com.br\/site\/wp-json\/wp\/v2\/categories?post=14583"},{"taxonomy":"post_tag","embeddable":true,"href":"https:\/\/sgpsolucoes.com.br\/site\/wp-json\/wp\/v2\/tags?post=14583"}],"curies":[{"name":"wp","href":"https:\/\/api.w.org\/{rel}","templated":true}]}}