{"id":14590,"date":"2025-09-23T12:24:02","date_gmt":"2025-09-23T15:24:02","guid":{"rendered":"https:\/\/sgpsolucoes.com.br\/site\/?p=14590"},"modified":"2025-09-23T12:24:03","modified_gmt":"2025-09-23T15:24:03","slug":"1a-camara-do-tce-ba-desaprova-contas-de-convenio-e-imputa-debito-de-r-125-mil-a-entidade-e-ao-gestor-responsavel","status":"publish","type":"post","link":"https:\/\/sgpsolucoes.com.br\/site\/1a-camara-do-tce-ba-desaprova-contas-de-convenio-e-imputa-debito-de-r-125-mil-a-entidade-e-ao-gestor-responsavel\/","title":{"rendered":"1\u00aa C\u00e2mara do TCE\/BA desaprova contas de conv\u00eanio e imputa d\u00e9bito de R$ 125 mil a entidade e ao gestor respons\u00e1vel \u00a0"},"content":{"rendered":"<p><a href=\"https:\/\/www.tce.ba.gov.br\/noticias\/1-camara-do-tce-ba-desaprova-contas-de-convenio-e-imputa-debito-de-r-125-mil-a-entidade-e-ao-gestor-responsavel?tmpl=component&amp;print=1&amp;layout=default\"><strong><br><\/strong><\/a>Em sess\u00e3o ordin\u00e1ria desta ter\u00e7a-feira (23.09), a Primeira C\u00e2mara do Tribunal de Contas do Estado da Bahia (TCE\/BA), al\u00e9m de desaprovar a presta\u00e7\u00e3o de contas do conv\u00eanio 422\/2016 (Processo&nbsp;<a href=\"https:\/\/www.tce.ba.gov.br\/servicos\/processo\/tce-003699-2024\" target=\"_blank\" rel=\"noreferrer noopener\"><strong>TCE\/003699\/2024<\/strong><\/a>), firmado pela Companhia de Desenvolvimento e A\u00e7\u00e3o Regional (CAR) com o Centro de Apoio aos Empreendimentos da Economia Solid\u00e1ria (Caees), decidiu pela imputa\u00e7\u00e3o de d\u00e9bito, de forma solid\u00e1ria, \u00e0 entidade e ao gestor respons\u00e1vel, F\u00e1bio Augusto de Freitas, no valor de R$ 125.000,00 (quantia que deve ser ressarcida ao er\u00e1rio estadual com acr\u00e9scimo de corre\u00e7\u00e3o monet\u00e1ria e juros de mora). As duas san\u00e7\u00f5es, mais a aplica\u00e7\u00e3o de multa de R$ 2 mil ao gestor respons\u00e1vel, foram impostas com o voto un\u00e2nime dos conselheiros.<\/p><p>O conv\u00eanio teve como objeto o apoio financeiro para a contrata\u00e7\u00e3o de servi\u00e7os de m\u00e1quina para execu\u00e7\u00e3o de servi\u00e7os de limpeza e requalifica\u00e7\u00e3o de aguadas, em comunidades de diversos munic\u00edpios, no territ\u00f3rio da Bacia do Jacu\u00edpe. A desaprova\u00e7\u00e3o e aplica\u00e7\u00e3o de multa foram causadas pela n\u00e3o execu\u00e7\u00e3o integral do objeto e da n\u00e3o comprova\u00e7\u00e3o da despesa relacionada \u00e0 segunda parcela da presta\u00e7\u00e3o de contas. Ainda foram expedidas recomenda\u00e7\u00f5es aos atuais gestores da CAR e tamb\u00e9m \u00e0 unidade t\u00e9cnica do TCE respons\u00e1vel pelo acompanhamento e an\u00e1lise da presta\u00e7\u00e3o de contas.<\/p><p>Na mesma sess\u00e3o, que contou com a participa\u00e7\u00e3o pontual do conselheiro Jo\u00e3o Evil\u00e1sio Bonfim (na condi\u00e7\u00e3o de conselheiro vacante), a C\u00e2mara aprovou de forma plena as presta\u00e7\u00f5es de contas de quatro processos:<\/p><p>O&nbsp;<a href=\"https:\/\/www.tce.ba.gov.br\/servicos\/processo\/tce-011904-2023\" target=\"_blank\" rel=\"noreferrer noopener\"><strong>TCE\/011904\/2023<\/strong><\/a>, do conv\u00eanio 005\/2022, firmado pela Superintend\u00eancia de Fomento ao Turismo do Estado da Bahia (Bahiatursa) com o munic\u00edpio de Conde\u00faba, que teve como objeto a coopera\u00e7\u00e3o t\u00e9cnica e financeira entre o estado e o munic\u00edpio para viabilizar a realiza\u00e7\u00e3o do projeto \u201cS\u00e3o Jo\u00e3o da Bahia e Demais Festas Juninas 2022\u201d;<\/p><p>O&nbsp;<a href=\"https:\/\/www.tce.ba.gov.br\/servicos\/processo\/tce-001575-2025\" target=\"_blank\" rel=\"noreferrer noopener\"><strong>TCE\/001575\/2025<\/strong><\/a>, relativo ao conv\u00eanio 442\/2022, que a Companhia de Desenvolvimento e A\u00e7\u00e3o Regional (CAR) firmou com a Prefeitura Municipal de Presidente Dutra, com o objetivo de estabelecer coopera\u00e7\u00e3o t\u00e9cnica e financeira visando a reforma e a amplia\u00e7\u00e3o do mercado de carnes, na sede do munic\u00edpio convenente.<\/p><p>O&nbsp;<a href=\"https:\/\/www.tce.ba.gov.br\/servicos\/processo\/tce-002683-2025\" target=\"_blank\" rel=\"noreferrer noopener\"><strong>TCE\/002683\/2025<\/strong><\/a>, referente ao Termo de Outorga SUS 0016\/2021, que teve como outorgante a Funda\u00e7\u00e3o de Amparo \u00e0 Pesquisa do Estado da Bahia (Fapesb) e como outorgado Ryan dos Santos Costa, celebrado com o objetivo de apoio financeiro \u00e0 execu\u00e7\u00e3o do projeto intitulado \u201cDesenvolvimento de painel de marcadores gen\u00e9ticos e epigen\u00e9ticos envolvidos na via mTOR (via de sinaliza\u00e7\u00e3o que funciona como um \u2018sensor\u2019 de nutrientes e energia) para o progn\u00f3stico da gravidade da Covid-19\u201d.<\/p><p>E, por fim, o processo&nbsp;<a href=\"https:\/\/www.tce.ba.gov.br\/servicos\/processo\/tce-009218-2024\" target=\"_blank\" rel=\"noreferrer noopener\"><strong>TCE\/009218\/2024<\/strong><\/a>, do Termo de Coopera\u00e7\u00e3o T\u00e9cnica e Financeira 01\/2021, que teve como part\u00edcipes a Secretaria de Infraestrutura do Estado da Bahia (Seinfra), o munic\u00edpio de Salvador\/Secretaria Municipal de Ordem P\u00fablica (Semop) e a Companhia de Eletricidade da Bahia (Neoenergia Coelba). O ajuste teve como objeto a execu\u00e7\u00e3o de obras de infraestrutura de ilumina\u00e7\u00e3o p\u00fablica no Centro Administrativo da Bahia (CAB).<\/p><p><strong>DECIS\u00d5ES MONOCR\u00c1TICAS:<\/strong>&nbsp;Foram apreciados, de forma monocr\u00e1tica, pelos conselheiros da Primeira C\u00e2mara outros 14 processos, sendo sete referentes a aposentadorias e sete a nova\u00e7\u00f5es. Os resultados est\u00e3o dispon\u00edveis nas edi\u00e7\u00f5es do Di\u00e1rio Oficial Eletr\u00f4nico do TCE\/BA (<a href=\"https:\/\/www.tce.ba.gov.br\/servicos\/doe\"><strong>https:\/\/www.tce.ba.gov.br\/servicos\/doe<\/strong><\/a>) entre os dias 17 e 23 de setembro de 2025.<\/p><p><strong>OBS.:<\/strong>&nbsp;Ainda cabem recursos dos julgamentos realizados<\/p><p><strong>Fonte: TCE-BA<\/strong><\/p>\n    <div class=\"xs_social_share_widget xs_share_url after_content \t\tmain_content  wslu-style-1 wslu-share-box-shaped wslu-fill-colored wslu-none wslu-share-horizontal wslu-theme-font-no wslu-main_content\">\n\n\t\t\n        <ul>\n\t\t\t        <\/ul>\n    <\/div> \n","protected":false},"excerpt":{"rendered":"<p>Em sess\u00e3o ordin\u00e1ria desta ter\u00e7a-feira (23.09), a Primeira C\u00e2mara do Tribunal de Contas do Estado da Bahia (TCE\/BA), al\u00e9m de desaprovar a presta\u00e7\u00e3o de contas do conv\u00eanio 422\/2016 (Processo\u00a0TCE\/003699\/2024), firmado pela Companhia de Desenvolvimento e A\u00e7\u00e3o Regional (CAR) com o Centro de Apoio aos Empreendimentos da Economia Solid\u00e1ria (Caees), decidiu pela imputa\u00e7\u00e3o de d\u00e9bito, de forma solid\u00e1ria, \u00e0 entidade e ao gestor respons\u00e1vel, F\u00e1bio Augusto de Freitas, no valor de R$ 125.000,00 (quantia que deve ser ressarcida ao er\u00e1rio estadual com acr\u00e9scimo de corre\u00e7\u00e3o monet\u00e1ria e juros de mora). As duas san\u00e7\u00f5es, mais a aplica\u00e7\u00e3o de multa de R$ 2 mil ao gestor respons\u00e1vel, foram impostas com o voto un\u00e2nime dos conselheiros.<\/p>\n","protected":false},"author":5,"featured_media":0,"comment_status":"open","ping_status":"open","sticky":false,"template":"","format":"standard","meta":{"postBodyCss":"","postBodyMargin":[],"postBodyPadding":[],"postBodyBackground":{"backgroundType":"classic","gradient":""},"_price":"","_stock":"","_tribe_ticket_header":"","_tribe_default_ticket_provider":"","_tribe_ticket_capacity":"0","_ticket_start_date":"","_ticket_end_date":"","_tribe_ticket_show_description":"","_tribe_ticket_show_not_going":false,"_tribe_ticket_use_global_stock":"","_tribe_ticket_global_stock_level":"","_global_stock_mode":"","_global_stock_cap":"","_tribe_rsvp_for_event":"","_tribe_ticket_going_count":"","_tribe_ticket_not_going_count":"","_tribe_tickets_list":"[]","_tribe_ticket_has_attendee_info_fields":false,"footnotes":""},"categories":[46],"tags":[7610,15601,7614,15599,7618,743,9208,652,8914,4846,3226,15600,454,426,12069,291,1259,678,456,313,7615,8915,7611],"class_list":["post-14590","post","type-post","status-publish","format-standard","hentry","category-noticias","tag-1a-camara","tag-caees","tag-car","tag-centro-de-apoio-aos-empreendimentos-da-economia-solidaria","tag-companhia-de-desenvolvimento-e-acao-regional","tag-convenio","tag-correcao-monetaria","tag-debito","tag-desaprova-contas","tag-entidade","tag-erario","tag-fabio-augusto-de-freitas","tag-gestor","tag-juros","tag-mora","tag-multa","tag-prestacao-de-contas-2","tag-primeira-camara","tag-responsavel","tag-sancoes","tag-tce-ba","tag-tce-ba-2","tag-tribunal-de-contas-do-estado-da-bahia"],"acf":[],"_links":{"self":[{"href":"https:\/\/sgpsolucoes.com.br\/site\/wp-json\/wp\/v2\/posts\/14590"}],"collection":[{"href":"https:\/\/sgpsolucoes.com.br\/site\/wp-json\/wp\/v2\/posts"}],"about":[{"href":"https:\/\/sgpsolucoes.com.br\/site\/wp-json\/wp\/v2\/types\/post"}],"author":[{"embeddable":true,"href":"https:\/\/sgpsolucoes.com.br\/site\/wp-json\/wp\/v2\/users\/5"}],"replies":[{"embeddable":true,"href":"https:\/\/sgpsolucoes.com.br\/site\/wp-json\/wp\/v2\/comments?post=14590"}],"version-history":[{"count":0,"href":"https:\/\/sgpsolucoes.com.br\/site\/wp-json\/wp\/v2\/posts\/14590\/revisions"}],"wp:attachment":[{"href":"https:\/\/sgpsolucoes.com.br\/site\/wp-json\/wp\/v2\/media?parent=14590"}],"wp:term":[{"taxonomy":"category","embeddable":true,"href":"https:\/\/sgpsolucoes.com.br\/site\/wp-json\/wp\/v2\/categories?post=14590"},{"taxonomy":"post_tag","embeddable":true,"href":"https:\/\/sgpsolucoes.com.br\/site\/wp-json\/wp\/v2\/tags?post=14590"}],"curies":[{"name":"wp","href":"https:\/\/api.w.org\/{rel}","templated":true}]}}