{"id":14617,"date":"2025-09-23T17:28:48","date_gmt":"2025-09-23T20:28:48","guid":{"rendered":"https:\/\/sgpsolucoes.com.br\/site\/?p=14617"},"modified":"2025-09-23T17:28:49","modified_gmt":"2025-09-23T20:28:49","slug":"informativo-semanal-1190-2","status":"publish","type":"post","link":"https:\/\/sgpsolucoes.com.br\/site\/informativo-semanal-1190-2\/","title":{"rendered":"Informativo Semanal 1190"},"content":{"rendered":"<p><strong>BOLETIM DE JURISPRUD\u00caNCIA n\u00b0 556 do TCU<\/strong><\/p><p>J\u00e1 est\u00e1 dispon\u00edvel o Boletim de Jurisprud\u00eancia n\u00b0 556 do Tribunal de contas da Uni\u00e3o, referente \u00e0s sess\u00f5es de 2 e 3 de setembro de 2025.<\/p><p><strong>Confira alguns de nossos destaques:<\/strong><\/p><ul class=\"wp-block-list\"><li><strong>Ac\u00f3rd\u00e3o 2002\/2025 Plen\u00e1rio <\/strong>(Administrativo, Relator Ministro Walton Alencar Rodrigues). Pessoal. Ato sujeito a registro. Princ\u00edpio da ampla defesa. Princ\u00edpio do contradit\u00f3rio. Registro t\u00e1cito. Revis\u00e3o de of\u00edcio. M\u00e1-f\u00e9. S\u00famula. <strong>S\u00daMULA TCU 256: <\/strong>N\u00e3o se exige a observ\u00e2ncia do contradit\u00f3rio e da ampla defesa na aprecia\u00e7\u00e3o da legalidade de ato de concess\u00e3o inicial de aposentadoria, reforma e pens\u00e3o, bem como de ato que lhes altere os fundamentos legais, salvo se decorrido prazo igual ou superior a cinco anos, a partir do ingresso do ato no TCU, hip\u00f3tese em que ocorre o registro t\u00e1cito, tornando-se obrigat\u00f3rias, em caso de revis\u00e3o de of\u00edcio, as garantias do contradit\u00f3rio e da ampla defesa, quando nele verificada irregularidade e desde que tenha ingressado h\u00e1 menos de dez anos no TCU, ou, ainda, no caso de imputa\u00e7\u00e3o de m\u00e1-f\u00e9 ao interessado, independentemente do prazo decorrido.<ul class=\"wp-block-list\"><li><\/li><\/ul><\/li>\n\n<li><strong>Ac\u00f3rd\u00e3o 2007\/2025 Plen\u00e1rio <\/strong>(Consulta, Relator Ministro Aroldo Cedraz). Pessoal. Regime Pr\u00f3prio de Previd\u00eancia Social. Op\u00e7\u00e3o. Benef\u00edcio especial. C\u00e1lculo. Limite m\u00e1ximo. Regime Geral de Previd\u00eancia Social. Atualiza\u00e7\u00e3o. Proventos. Aposentadoria. Pens\u00e3o. Consulta. Para fins de c\u00e1lculo do benef\u00edcio especial previsto na Lei 12.618\/2012, o teto remunerat\u00f3rio do Regime Geral de Previd\u00eancia Social a ser utilizado ser\u00e1 o valor vigente \u00e0 data da op\u00e7\u00e3o pelo regime de previd\u00eancia complementar formalizada pelo servidor (art. 40, \u00a7 16, da Constitui\u00e7\u00e3o Federal), n\u00e3o cabendo a atualiza\u00e7\u00e3o futura do teto em comento, uma vez que, ap\u00f3s a apura\u00e7\u00e3o do benef\u00edcio especial, o valor obtido ser\u00e1 atualizado pelo mesmo \u00edndice aplic\u00e1vel ao benef\u00edcio de aposentadoria ou pens\u00e3o mantido pelo Regime Geral de Previd\u00eancia Social at\u00e9 a data da aposentadoria ou do \u00f3bito do servidor, se falecido na ativa, e o valor atualizado do benef\u00edcio especial ser\u00e1 pago ao inativo ou pensionista juntamente com os proventos de aposentadoria ou pens\u00e3o, estes limitados ao teto do RGPS em vigor \u00e0 data da inativa\u00e7\u00e3o ou do \u00f3bito.<ul class=\"wp-block-list\"><li><\/li><\/ul><\/li>\n\n<li><strong>Ac\u00f3rd\u00e3o 2024\/2025 Plen\u00e1rio <\/strong>(Consulta, Relator Ministro Jhonatan de Jesus). Licita\u00e7\u00e3o. Oscip. Participa\u00e7\u00e3o. Sociedade de economia mista. Programa Nacional de Microcr\u00e9dito Produtivo Orientado. Consulta. \u00c9 juridicamente admiss\u00edvel a participa\u00e7\u00e3o de Organiza\u00e7\u00e3o da Sociedade Civil de Interesse P\u00fablico (Oscip) em licita\u00e7\u00f5es promovidas por sociedade de economia mista federal, regidas pela Lei 13.303\/2016, para contrata\u00e7\u00e3o dos servi\u00e7os de operacionaliza\u00e7\u00e3o do Programa Nacional de Microcr\u00e9dito Produtivo Orientado (PNMPO) previstos no art. 3\u00ba, \u00a7\u00a7 5\u00ba e 6\u00ba, da Lei 13.636\/2018.<ul class=\"wp-block-list\"><li><\/li><\/ul><\/li>\n\n<li><strong>Ac\u00f3rd\u00e3o 2026\/2025 Plen\u00e1rio <\/strong>(Monitoramento, Relator Ministro-Substituto Weder de Oliveira). Responsabilidade. D\u00e9bito. Prescri\u00e7\u00e3o. Ressarcimento administrativo. Prazo. Legisla\u00e7\u00e3o. Analogia. O ressarcimento administrativo de parcelas indevidamente pagas a agentes p\u00fablicos n\u00e3o se submete ao regime prescricional previsto na Resolu\u00e7\u00e3o-TCU 344\/2022, que disciplina a imputa\u00e7\u00e3o de dano ao er\u00e1rio, mas sim, por analogia, \u00e0s regras de prescri\u00e7\u00e3o estabelecidas no Decreto 20.910\/1932.<ul class=\"wp-block-list\"><li><\/li><\/ul><\/li>\n\n<li><strong>Ac\u00f3rd\u00e3o 5284\/2025 Segunda C\u00e2mara <\/strong>(Recurso de Reconsidera\u00e7\u00e3o, Relator Ministro Augusto Nardes). Responsabilidade. D\u00e9bito. Culpa. Dolo. Lei de Introdu\u00e7\u00e3o \u00e0s Normas do Direito Brasileiro. Erro grosseiro. A regra prevista no art. 28 do Decreto-lei 4.657\/1942 (Lindb), que estabelece que o agente p\u00fablico s\u00f3 responder\u00e1 pessoalmente por suas decis\u00f5es ou opini\u00f5es t\u00e9cnicas em caso de dolo ou erro grosseiro, n\u00e3o se aplica \u00e0 responsabilidade financeira por dano ao er\u00e1rio. O dever de indenizar preju\u00edzos aos cofres p\u00fablicos permanece sujeito \u00e0 comprova\u00e7\u00e3o de dolo ou culpa, sem qualquer grada\u00e7\u00e3o, tendo em vista o tratamento constitucional dado \u00e0 mat\u00e9ria (art. 37, \u00a7 6\u00ba, da Constitui\u00e7\u00e3o Federal).<\/li><\/ul><p>Acesse a \u00edntegra desta edi\u00e7\u00e3o nos links abaixo:<\/p><p><a href=\"https:\/\/contas.tcu.gov.br\/egestao\/ObterDocumentoSisdoc?codArqCatalogado=32027713\" target=\"_blank\" rel=\"noreferrer noopener\">vers\u00e3o PDF<\/a><\/p><p><a href=\"https:\/\/contas.tcu.gov.br\/egestao\/ObterDocumentoSisdoc?codArqCatalogado=32027713&amp;codVersao=1\" target=\"_blank\" rel=\"noreferrer noopener\">vers\u00e3o DOCX<\/a><strong><\/strong><\/p><p><strong>Fonte: TCU<\/strong><\/p>\n    <div class=\"xs_social_share_widget xs_share_url after_content \t\tmain_content  wslu-style-1 wslu-share-box-shaped wslu-fill-colored wslu-none wslu-share-horizontal wslu-theme-font-no wslu-main_content\">\n\n\t\t\n        <ul>\n\t\t\t        <\/ul>\n    <\/div> \n","protected":false},"excerpt":{"rendered":"<p>J\u00e1 est\u00e1 dispon\u00edvel o Boletim de Jurisprud\u00eancia n\u00b0 556 do Tribunal de contas da Uni\u00e3o, referente \u00e0s sess\u00f5es de 2 e 3 de setembro de 2025.<\/p>\n","protected":false},"author":5,"featured_media":0,"comment_status":"open","ping_status":"open","sticky":false,"template":"","format":"standard","meta":{"postBodyCss":"","postBodyMargin":[],"postBodyPadding":[],"postBodyBackground":{"backgroundType":"classic","gradient":""},"_price":"","_stock":"","_tribe_ticket_header":"","_tribe_default_ticket_provider":"","_tribe_ticket_capacity":"0","_ticket_start_date":"","_ticket_end_date":"","_tribe_ticket_show_description":"","_tribe_ticket_show_not_going":false,"_tribe_ticket_use_global_stock":"","_tribe_ticket_global_stock_level":"","_global_stock_mode":"","_global_stock_cap":"","_tribe_rsvp_for_event":"","_tribe_ticket_going_count":"","_tribe_ticket_not_going_count":"","_tribe_tickets_list":"[]","_tribe_ticket_has_attendee_info_fields":false,"footnotes":""},"categories":[46],"tags":[15682,15688,15690,15693,15695,247,15696,799,3167,275,15685,447,15681,3139,1349,1242,652,15694,2071,1250,688,15692,15089,5642,138,15502,5640,15687,1159,3185,2950,2948,1467,3970,608,351,15088,663,598,1255,1261,15086,847,3157,4486,4565,15683,15684,1936,14878,14882,1991,655,682,15686,372,654,2011,15691,258,15689,450],"class_list":["post-14617","post","type-post","status-publish","format-standard","hentry","category-noticias","tag-acordao-2002-2025","tag-acordao-2007-2025","tag-acordao-2024-2025","tag-acordao-2026-2025","tag-acordao-5284-2025","tag-administrativo","tag-analogia","tag-aposentadoria","tag-ato-sujeito-a-registro","tag-atualizacao","tag-beneficio-especial","tag-boletim-de-jurisprudencia","tag-boletim-de-jurisprudencia-n-556-do-tcu","tag-calculo","tag-consulta","tag-culpa","tag-debito","tag-decreto-lei-4-657-1942","tag-dolo","tag-erro-grosseiro","tag-legislacao","tag-lei-12-618-2012","tag-lei-13-303-2016","tag-lei-de-introducao-as-normas-do-direito-brasileiro","tag-licitacao-2","tag-limite-maximo","tag-lindb","tag-ma-fe","tag-monitoramento","tag-opcao","tag-organizacao-da-sociedade-civil-de-interesse-publico","tag-oscip","tag-participacao","tag-pensao","tag-pessoal","tag-plenario","tag-pnmpo","tag-prazo","tag-prescricao","tag-principio-da-ampla-defesa","tag-principio-do-contraditorio","tag-programa-nacional-de-microcredito-produtivo-orientado","tag-proventos","tag-recurso-de-reconsideracao-2","tag-regime-geral-de-previdencia-social","tag-regime-proprio-de-previdencia-social","tag-registro-tacito","tag-relator-ministro-aroldo-cedraz","tag-relator-ministro-augusto-nardes","tag-relator-ministro-jhonatan-de-jesus","tag-relator-ministro-walton-alencar-rodrigues","tag-relator-ministro-substituto-weder-de-oliveira","tag-responsabilidade","tag-ressarcimento-administrativo","tag-revisao-de-oficio","tag-segunda-camara","tag-sociedade-de-economia-mista","tag-sumula","tag-sumula-tcu-256","tag-tcu","tag-teto-remuneratorio","tag-tribunal-de-contas-da-uniao"],"acf":[],"_links":{"self":[{"href":"https:\/\/sgpsolucoes.com.br\/site\/wp-json\/wp\/v2\/posts\/14617"}],"collection":[{"href":"https:\/\/sgpsolucoes.com.br\/site\/wp-json\/wp\/v2\/posts"}],"about":[{"href":"https:\/\/sgpsolucoes.com.br\/site\/wp-json\/wp\/v2\/types\/post"}],"author":[{"embeddable":true,"href":"https:\/\/sgpsolucoes.com.br\/site\/wp-json\/wp\/v2\/users\/5"}],"replies":[{"embeddable":true,"href":"https:\/\/sgpsolucoes.com.br\/site\/wp-json\/wp\/v2\/comments?post=14617"}],"version-history":[{"count":0,"href":"https:\/\/sgpsolucoes.com.br\/site\/wp-json\/wp\/v2\/posts\/14617\/revisions"}],"wp:attachment":[{"href":"https:\/\/sgpsolucoes.com.br\/site\/wp-json\/wp\/v2\/media?parent=14617"}],"wp:term":[{"taxonomy":"category","embeddable":true,"href":"https:\/\/sgpsolucoes.com.br\/site\/wp-json\/wp\/v2\/categories?post=14617"},{"taxonomy":"post_tag","embeddable":true,"href":"https:\/\/sgpsolucoes.com.br\/site\/wp-json\/wp\/v2\/tags?post=14617"}],"curies":[{"name":"wp","href":"https:\/\/api.w.org\/{rel}","templated":true}]}}