{"id":14620,"date":"2025-09-24T16:06:41","date_gmt":"2025-09-24T19:06:41","guid":{"rendered":"https:\/\/sgpsolucoes.com.br\/site\/?p=14620"},"modified":"2025-09-24T16:06:43","modified_gmt":"2025-09-24T19:06:43","slug":"1a-turma-anula-decisao-do-tst-que-obrigava-os-correios-a-demitir-trabalhadores-temporarios","status":"publish","type":"post","link":"https:\/\/sgpsolucoes.com.br\/site\/1a-turma-anula-decisao-do-tst-que-obrigava-os-correios-a-demitir-trabalhadores-temporarios\/","title":{"rendered":"1\u00aa Turma anula decis\u00e3o do TST que obrigava os Correios a demitir trabalhadores tempor\u00e1rios\u00a0\u00a0"},"content":{"rendered":"<p class=\"has-text-align-center\"><em>Foto: Marcos Oliveira\/Ag\u00eancia Senado<\/em><\/p><p><strong><em>Segundo o colegiado, n\u00e3o ficou provado que a contrata\u00e7\u00e3o se deu em vagas destinadas a concursados&nbsp;&nbsp;&nbsp;<\/em><\/strong><\/p><p>Por unanimidade, a Primeira Turma do Supremo Tribunal Federal (STF) reverteu decis\u00e3o do Tribunal Superior do Trabalho (TST) que determinou \u00e0 Empresa Brasileira de Correios e Tel\u00e9grafos (ECT) a substitui\u00e7\u00e3o de trabalhadores tempor\u00e1rios com a convoca\u00e7\u00e3o de todos os candidatos aprovados em um concurso p\u00fablico realizado em 2011.&nbsp;&nbsp;&nbsp;<\/p><p>A decis\u00e3o do TST, em a\u00e7\u00e3o apresentada pelo Minist\u00e9rio P\u00fablico do Trabalho, reconhecia que a ECT teria contratado m\u00e3o de obra tempor\u00e1ria para a carga de agente de correios, preterindo os candidatos aprovados no concurso p\u00fablico anterior. Para o corte trabalhista, deveria ser aplicado o Tema 784 da repercuss\u00e3o geral, segundo o qual, quando surgirem novas vagas ou para concurso realizado durante a validade do anterior, o candidato aprovado dentro das vagas, mas que n\u00e3o tenha visualizado sua ordem de classifica\u00e7\u00e3o, tem direito \u00e0 nomea\u00e7\u00e3o.&nbsp;&nbsp;<\/p><p>Na Reclama\u00e7\u00e3o&nbsp;<strong><a href=\"https:\/\/portal.stf.jus.br\/processos\/detalhe.asp?incidente=6566708\" target=\"_blank\" rel=\"noreferrer noopener\">(RCL) 57848<\/a><\/strong>&nbsp;, a ECT argumentou que n\u00e3o foi realizado novo concurso durante a validade do anterior e que os trabalhadores tempor\u00e1rios foram contratados em vagas diversas das previs\u00f5es no Edital 11\/2011. Alegou tamb\u00e9m que a decis\u00e3o determinou a contrata\u00e7\u00e3o cont\u00ednua de candidatos aprovados fora do n\u00famero de vagas, mesmo ap\u00f3s o fim da vig\u00eancia do concurso p\u00fablico.&nbsp;<\/p><h5 class=\"wp-block-heading\"><strong>Contrata\u00e7\u00e3o de tempor\u00e1rios n\u00e3o configurada com preteri\u00e7\u00e3o&nbsp;&nbsp;<\/strong><\/h5><p>No julgamento realizado na sess\u00e3o desta ter\u00e7a-feira (23), o entendimento da Turma foi de que as contrata\u00e7\u00f5es tempor\u00e1rias n\u00e3o configuram, por si s\u00f3, a preteri\u00e7\u00e3o dos candidatos. Segundo o colegiado, n\u00e3o ficou comprovado que as contrata\u00e7\u00f5es se deram nas mesmas vagas previstas no concurso.&nbsp;&nbsp;<\/p><p>O ministro Fl\u00e1vio Dino destacou que, se fosse mantida a decis\u00e3o do TST, a ECT teria de contratar 20 mil novos empregados, porque esse foi o volume de contrata\u00e7\u00f5es tempor\u00e1rias ocorridas ap\u00f3s 2011. O ministro Cristiano Zanin destacou que, de acordo com a ECT, foram contratados cerca de 2.213 candidatos do cadastro de reserva do concurso de 2011. Tamb\u00e9m se manifestaram no mesmo sentido o ministro Alexandre de Moraes e a ministra C\u00e1rmen L\u00facia.&nbsp;&nbsp;&nbsp;<\/p><p>O ministro Luiz Fux, relator da a\u00e7\u00e3o, inicialmente mantinha a decis\u00e3o do TST, mas reajustou seu voto. Ele levou em conta as consequ\u00eancias para a empresa, que seria obrigada a demitir 20 mil pessoas e contratar outras tantas, o que, a seu ver, geraria inseguran\u00e7a jur\u00eddica.&nbsp;&nbsp;&nbsp;&nbsp;<\/p><p><em>(Pedro Rocha\/CR\/\/CF)&nbsp;&nbsp;<\/em><\/p><p><strong>Fonte: STF<\/strong><\/p>\n    <div class=\"xs_social_share_widget xs_share_url after_content \t\tmain_content  wslu-style-1 wslu-share-box-shaped wslu-fill-colored wslu-none wslu-share-horizontal wslu-theme-font-no wslu-main_content\">\n\n\t\t\n        <ul>\n\t\t\t        <\/ul>\n    <\/div> \n","protected":false},"excerpt":{"rendered":"<p>Por unanimidade, a Primeira Turma do Supremo Tribunal Federal (STF) reverteu decis\u00e3o do Tribunal Superior do Trabalho (TST) que determinou \u00e0 Empresa Brasileira de Correios e Tel\u00e9grafos (ECT) a substitui\u00e7\u00e3o de trabalhadores tempor\u00e1rios com a convoca\u00e7\u00e3o de todos os candidatos aprovados em um concurso p\u00fablico realizado em 2011.\u00a0\u00a0\u00a0<\/p>\n","protected":false},"author":5,"featured_media":0,"comment_status":"open","ping_status":"open","sticky":false,"template":"","format":"standard","meta":{"postBodyCss":"","postBodyMargin":[],"postBodyPadding":[],"postBodyBackground":{"backgroundType":"classic","gradient":""},"_price":"","_stock":"","_tribe_ticket_header":"","_tribe_default_ticket_provider":"","_tribe_ticket_capacity":"0","_ticket_start_date":"","_ticket_end_date":"","_tribe_ticket_show_description":"","_tribe_ticket_show_not_going":false,"_tribe_ticket_use_global_stock":"","_tribe_ticket_global_stock_level":"","_global_stock_mode":"","_global_stock_cap":"","_tribe_rsvp_for_event":"","_tribe_ticket_going_count":"","_tribe_ticket_not_going_count":"","_tribe_tickets_list":"[]","_tribe_ticket_has_attendee_info_fields":false,"footnotes":""},"categories":[46],"tags":[3968,1808,15700,15701,201,4736,1461,4745,4744,15702,2178,15703,7564,347,10504,348,15698,15699,15697,1043,619],"class_list":["post-14620","post","type-post","status-publish","format-standard","hentry","category-noticias","tag-1a-turma","tag-anula","tag-candidatos-aprovados","tag-concursados","tag-concurso-publico","tag-correios","tag-decisao","tag-ect","tag-empresa-brasileira-de-correios-e-telegrafos","tag-ministerio-publico-do-trabalho","tag-primeira-turma","tag-rcl-57848","tag-reclamacao","tag-stf","tag-substituicao","tag-supremo-tribunal-federal","tag-trabalhadores-temporarios","tag-tribunal-superior-do-trabalho","tag-tst","tag-unanimidade","tag-vagas"],"acf":[],"_links":{"self":[{"href":"https:\/\/sgpsolucoes.com.br\/site\/wp-json\/wp\/v2\/posts\/14620"}],"collection":[{"href":"https:\/\/sgpsolucoes.com.br\/site\/wp-json\/wp\/v2\/posts"}],"about":[{"href":"https:\/\/sgpsolucoes.com.br\/site\/wp-json\/wp\/v2\/types\/post"}],"author":[{"embeddable":true,"href":"https:\/\/sgpsolucoes.com.br\/site\/wp-json\/wp\/v2\/users\/5"}],"replies":[{"embeddable":true,"href":"https:\/\/sgpsolucoes.com.br\/site\/wp-json\/wp\/v2\/comments?post=14620"}],"version-history":[{"count":0,"href":"https:\/\/sgpsolucoes.com.br\/site\/wp-json\/wp\/v2\/posts\/14620\/revisions"}],"wp:attachment":[{"href":"https:\/\/sgpsolucoes.com.br\/site\/wp-json\/wp\/v2\/media?parent=14620"}],"wp:term":[{"taxonomy":"category","embeddable":true,"href":"https:\/\/sgpsolucoes.com.br\/site\/wp-json\/wp\/v2\/categories?post=14620"},{"taxonomy":"post_tag","embeddable":true,"href":"https:\/\/sgpsolucoes.com.br\/site\/wp-json\/wp\/v2\/tags?post=14620"}],"curies":[{"name":"wp","href":"https:\/\/api.w.org\/{rel}","templated":true}]}}