{"id":14623,"date":"2025-09-24T16:11:15","date_gmt":"2025-09-24T19:11:15","guid":{"rendered":"https:\/\/sgpsolucoes.com.br\/site\/?p=14623"},"modified":"2025-09-24T16:11:16","modified_gmt":"2025-09-24T19:11:16","slug":"stf-afasta-requisitos-para-novas-unidades-de-preservacao-ambiental-em-mt","status":"publish","type":"post","link":"https:\/\/sgpsolucoes.com.br\/site\/stf-afasta-requisitos-para-novas-unidades-de-preservacao-ambiental-em-mt\/","title":{"rendered":"STF afasta requisitos para novas unidades de preserva\u00e7\u00e3o ambiental em MT"},"content":{"rendered":"<p class=\"has-text-align-center\"><em>Foto: Pol\u00edcia Federal<\/em><\/p><p><strong><em>Decis\u00e3o do ministro Alexandre de Moraes refor\u00e7a poss\u00edvel preju\u00edzo ao meio ambiente e regramento diverso do adotado pela Uni\u00e3o<\/em><\/strong><\/p><p>O ministro do Supremo Tribunal Federal (STF) Alexandre de Moraes suspendeu trechos da Constitui\u00e7\u00e3o do Estado de Mato Grosso que imp\u00f5em requisitos para a cria\u00e7\u00e3o de unidades de conserva\u00e7\u00e3o de dom\u00ednio p\u00fablico em propriedades privadas do estado. A liminar foi concedida na A\u00e7\u00e3o Direta de Inconstitucionalidade&nbsp;<strong><a href=\"https:\/\/portal.stf.jus.br\/processos\/detalhe.asp?incidente=7303360\" target=\"_blank\" rel=\"noreferrer noopener\">(ADI) 7842<\/a><\/strong>.<\/p><p>Na a\u00e7\u00e3o, a Procuradoria-Geral da Rep\u00fablica questiona regras inseridas na Constitui\u00e7\u00e3o estadual pela Assembleia Legislativa mato-grossense por meio da Emenda Constitucional 119\/2024. Os dispositivos condicionam a cria\u00e7\u00e3o de novas unidades de conserva\u00e7\u00e3o \u00e0 porcentagem da \u00e1rea de regulariza\u00e7\u00e3o fundi\u00e1ria j\u00e1 existente, al\u00e9m de disponibilidade or\u00e7ament\u00e1ria para indenizar os propriet\u00e1rios afetados.<\/p><p>Ao analisar o pedido, o ministro Alexandre verificou que h\u00e1 ind\u00edcios de viola\u00e7\u00e3o \u00e0 compet\u00eancia da Uni\u00e3o, em linha com precedentes j\u00e1 firmados pelo STF.&nbsp; Ressaltou ainda a urg\u00eancia da medida, uma vez que a manuten\u00e7\u00e3o da norma estadual poderia impedir a cria\u00e7\u00e3o de novas unidades de conserva\u00e7\u00e3o e gerar preju\u00edzos ao meio ambiente.&nbsp;<\/p><p>Leia a&nbsp;<strong><a href=\"https:\/\/portal.stf.jus.br\/processos\/downloadPeca.asp?id=15380470978&amp;ext=.pdf\" target=\"_blank\" rel=\"noreferrer noopener\">\u00edntegra da decis\u00e3o<\/a><\/strong>.<\/p><p><em>(Cezar Camilo\/AS\/\/CF)<\/em><\/p><p><strong>Fonte: STF<\/strong><\/p>\n    <div class=\"xs_social_share_widget xs_share_url after_content \t\tmain_content  wslu-style-1 wslu-share-box-shaped wslu-fill-colored wslu-none wslu-share-horizontal wslu-theme-font-no wslu-main_content\">\n\n\t\t\n        <ul>\n\t\t\t        <\/ul>\n    <\/div> \n","protected":false},"excerpt":{"rendered":"<p>O ministro do Supremo Tribunal Federal (STF) Alexandre de Moraes suspendeu trechos da Constitui\u00e7\u00e3o do Estado de Mato Grosso que imp\u00f5em requisitos para a cria\u00e7\u00e3o de unidades de conserva\u00e7\u00e3o de dom\u00ednio p\u00fablico em propriedades privadas do estado. A liminar foi concedida na A\u00e7\u00e3o Direta de Inconstitucionalidade\u00a0(ADI) 7842.<\/p>\n","protected":false},"author":5,"featured_media":0,"comment_status":"open","ping_status":"open","sticky":false,"template":"","format":"standard","meta":{"postBodyCss":"","postBodyMargin":[],"postBodyPadding":[],"postBodyBackground":{"backgroundType":"classic","gradient":""},"_price":"","_stock":"","_tribe_ticket_header":"","_tribe_default_ticket_provider":"","_tribe_ticket_capacity":"0","_ticket_start_date":"","_ticket_end_date":"","_tribe_ticket_show_description":"","_tribe_ticket_show_not_going":false,"_tribe_ticket_use_global_stock":"","_tribe_ticket_global_stock_level":"","_global_stock_mode":"","_global_stock_cap":"","_tribe_rsvp_for_event":"","_tribe_ticket_going_count":"","_tribe_ticket_not_going_count":"","_tribe_tickets_list":"[]","_tribe_ticket_has_attendee_info_fields":false,"footnotes":""},"categories":[46],"tags":[1054,15707,3779,1070,15704,1811,2529,15708,1425,9439,15705,3224,1066,7012,2940,347,348,1627,15709,15706],"class_list":["post-14623","post","type-post","status-publish","format-standard","hentry","category-noticias","tag-acao-direta-de-inconstitucionalidade","tag-adi-7842","tag-alexandre-de-moraes","tag-assembleia-legislativa","tag-constituicao-do-estado-de-mato-grosso","tag-constituicao-estadual","tag-criacao","tag-emenda-constitucional-119-2024","tag-meio-ambiente","tag-ministro-alexandre-de-moraes","tag-mt","tag-prejuizo","tag-procuradoria-geral-da-republica","tag-propriedades-privadas","tag-requisitos","tag-stf","tag-supremo-tribunal-federal","tag-uniao","tag-unidades-de-conservacao-de-dominio-publico","tag-unidades-de-preservacao-ambiental"],"acf":[],"_links":{"self":[{"href":"https:\/\/sgpsolucoes.com.br\/site\/wp-json\/wp\/v2\/posts\/14623"}],"collection":[{"href":"https:\/\/sgpsolucoes.com.br\/site\/wp-json\/wp\/v2\/posts"}],"about":[{"href":"https:\/\/sgpsolucoes.com.br\/site\/wp-json\/wp\/v2\/types\/post"}],"author":[{"embeddable":true,"href":"https:\/\/sgpsolucoes.com.br\/site\/wp-json\/wp\/v2\/users\/5"}],"replies":[{"embeddable":true,"href":"https:\/\/sgpsolucoes.com.br\/site\/wp-json\/wp\/v2\/comments?post=14623"}],"version-history":[{"count":0,"href":"https:\/\/sgpsolucoes.com.br\/site\/wp-json\/wp\/v2\/posts\/14623\/revisions"}],"wp:attachment":[{"href":"https:\/\/sgpsolucoes.com.br\/site\/wp-json\/wp\/v2\/media?parent=14623"}],"wp:term":[{"taxonomy":"category","embeddable":true,"href":"https:\/\/sgpsolucoes.com.br\/site\/wp-json\/wp\/v2\/categories?post=14623"},{"taxonomy":"post_tag","embeddable":true,"href":"https:\/\/sgpsolucoes.com.br\/site\/wp-json\/wp\/v2\/tags?post=14623"}],"curies":[{"name":"wp","href":"https:\/\/api.w.org\/{rel}","templated":true}]}}