{"id":14638,"date":"2025-09-24T17:03:31","date_gmt":"2025-09-24T20:03:31","guid":{"rendered":"https:\/\/sgpsolucoes.com.br\/site\/?p=14638"},"modified":"2025-09-24T17:03:38","modified_gmt":"2025-09-24T20:03:38","slug":"tce-pr-determina-que-municipio-de-perola-retome-e-conclua-obra-parada-de-creche","status":"publish","type":"post","link":"https:\/\/sgpsolucoes.com.br\/site\/tce-pr-determina-que-municipio-de-perola-retome-e-conclua-obra-parada-de-creche\/","title":{"rendered":"TCE-PR determina que Munic\u00edpio de P\u00e9rola retome e conclua obra parada de creche"},"content":{"rendered":"<p>O Tribunal de Contas do Estado do Paran\u00e1 (TCE-PR) determinou ao Munic\u00edpio de P\u00e9rola (Regi\u00e3o Noroeste) que, no prazo de 180 dias, retome e conclua a constru\u00e7\u00e3o de uma creche cuja obra est\u00e1 paralisada desde outubro de 2022. O objetivo \u00e9 prevenir futuras irregularidades e assegurar a correta gest\u00e3o dos recursos p\u00fablicos. O prazo passar\u00e1 a contar a partir do tr\u00e2nsito em julgado da decis\u00e3o, da qual cabe recurso.<\/p><p>A decis\u00e3o foi expedida no processo em que o Tribunal julgou procedente Tomada de Contas Extraordin\u00e1ria instaurada em decorr\u00eancia de Comunica\u00e7\u00e3o de Irregularidade proposta pela sua Coordenadoria de Obras P\u00fablicas (COP), tendo por objeto irregularidade detectada em fiscaliza\u00e7\u00e3o de obras p\u00fablicas em P\u00e9rola, no \u00e2mbito do projeto&nbsp;<em>Obras Paralisadas<\/em>&nbsp;e do Plano de Fiscaliza\u00e7\u00e3o (PAF) do TCE-PR no bi\u00eanio 2024-2025.<\/p><p>O TCE-PR ressalvou a contrata\u00e7\u00e3o de novas obras pelo Munic\u00edpio de P\u00e9rola com a exist\u00eancia de obras inacabadas e paralisadas, sem o atendimento adequado dos projetos em andamento, em ofensa \u00e0s disposi\u00e7\u00f5es do artigo 45 da Lei Complementar Federal n\u00ba 101\/2000 (Lei de Responsabilidade Fiscal &#8211; LRF). A obra com determina\u00e7\u00e3o de retomada e conclus\u00e3o est\u00e1 classificada tecnicamente como Interven\u00e7\u00e3o n\u00ba 12438-8-2020, vinculada \u00e0 constru\u00e7\u00e3o de &#8220;Creche Padr\u00e3o Tipo II Convencional&#8221;.<\/p><p>O artigo 45 da LRF disp\u00f5e que a lei or\u00e7ament\u00e1ria e as de cr\u00e9ditos adicionais s\u00f3 incluir\u00e3o novos projetos ap\u00f3s adequadamente atendidos aqueles em andamento e contempladas as despesas de conserva\u00e7\u00e3o do patrim\u00f4nio p\u00fablico, nos termos em que dispuser a Lei de Diretrizes Or\u00e7ament\u00e1rias (LDO).<\/p><p>Os conselheiros tamb\u00e9m ressalvaram a inser\u00e7\u00e3o inadequada e fora dos prazos de informa\u00e7\u00f5es de obras do munic\u00edpio no M\u00f3dulo de Obras P\u00fablicas do&nbsp;<a href=\"https:\/\/www1.tce.pr.gov.br\/conteudo\/sim-sistema-de-informacao-municipal\/213\/area\/251\">Sistema de Informa\u00e7\u00e3o Municipal &#8211; Acompanhamento Mensal (SIM-AM)<\/a>. As informa\u00e7\u00f5es sobre as obras municipais inseridas no SIM-AM comp\u00f5em o Portal Informa\u00e7\u00e3o para Todos (PIT), dispon\u00edvel na&nbsp;<a href=\"https:\/\/www1.tce.pr.gov.br\/\">p\u00e1gina inicial do site do Tribunal<\/a>, e s\u00e3o essenciais tanto para o controle externo quanto para o controle social do gasto p\u00fablico.<\/p><p><strong>Recomenda\u00e7\u00f5es<\/strong><\/p><p>O TCE-PR expediu tr\u00eas recomenda\u00e7\u00f5es ao munic\u00edpio, que devem ser cumpridas no prazo de seis meses, a contar do tr\u00e2nsito em julgado da decis\u00e3o. A primeira \u00e9 para que a administra\u00e7\u00e3o municipal implemente e mantenha atualizados os programas de capacita\u00e7\u00e3o dos agentes respons\u00e1veis pela inser\u00e7\u00e3o de dados no SIM-AM.<\/p><p>As segunda, para que estabele\u00e7a procedimento formal para o cadastro tempestivo de novas interven\u00e7\u00f5es no M\u00f3dulo Obras P\u00fablicas do SIM-AM, logo ap\u00f3s a assinatura do contrato, com observ\u00e2ncia da periodicidade mensal prevista na&nbsp;<a href=\"https:\/\/www1.tce.pr.gov.br\/conteudo\/instrucao-normativa-n-84-de-20-de-dezembro-de-2012\/237581\/area\/10\">Instru\u00e7\u00e3o Normativa n\u00ba 84\/2012 do TCE-PR<\/a>, incluindo a documenta\u00e7\u00e3o relativa ao registro dos acompanhamentos, endere\u00e7os e coordenadas geogr\u00e1ficas das obras, a fim de viabilizar os controles externo e social de forma oportuna.<\/p><p>A \u00faltima recomenda\u00e7\u00e3o foi para que o Munic\u00edpio de P\u00e9rola elabore procedimento formal que regulamente a utiliza\u00e7\u00e3o do M\u00f3dulo de Obras P\u00fablicas do SIM-AM de forma integrada aos demais m\u00f3dulos do sistema, com vistas a seu uso como ferramenta de gest\u00e3o e transpar\u00eancia p\u00fablica, definindo as responsabilidades dos agentes e setores envolvidos na inser\u00e7\u00e3o e valida\u00e7\u00e3o das informa\u00e7\u00f5es, inclusive no \u00e2mbito do PIT.<\/p><p><strong>Decis\u00e3o<\/strong><\/p><p>O relator do processo, conselheiro Fabio Camargo, concordou com a ent\u00e3o Coordenadoria de Gest\u00e3o Municipal (CGM) do TCE-PR e o Minist\u00e9rio P\u00fablico de Contas do Paran\u00e1 (MPC-PR) quanto \u00e0 proced\u00eancia parcial da tomada de contas, com expedi\u00e7\u00e3o de determina\u00e7\u00e3o e recomenda\u00e7\u00f5es.<\/p><p>Camargo afirmou que, desde a paralisa\u00e7\u00e3o da obra da creche, em 6 de outubro de 2022, 20 obras ou servi\u00e7os de engenharia haviam sido iniciados at\u00e9 a o fim de 2024, em viola\u00e7\u00e3o ao disposto no artigo 45 da LRF. No entanto, ele destacou que o munic\u00edpio esclareceu que n\u00e3o tinha condi\u00e7\u00f5es financeiras para dar continuidade \u00e0 obra, em decorr\u00eancia da falta de repasses do Fundo Nacional de Desenvolvimento da Educa\u00e7\u00e3o (FNDE) e da situa\u00e7\u00e3o de calamidade p\u00fablica causada pela pandemia de Covid-19.<\/p><p>Assim, o conselheiro n\u00e3o considerou razo\u00e1vel nem proporcional a imposi\u00e7\u00e3o da irregularidade e de qualquer penalidade aos respons\u00e1veis, especialmente em raz\u00e3o dos argumentos apresentados pela Prefeitura de P\u00e9rola, que atribuiu a paralisa\u00e7\u00e3o \u00e0 conjuntura excepcional.<\/p><p>O relator tamb\u00e9m ressalvou a inser\u00e7\u00e3o intempestiva dos endere\u00e7os e coordenadas geogr\u00e1ficas dos locais vinculados \u00e0 Interven\u00e7\u00e3o n\u00ba 12438-2-2017 do Munic\u00edpio de P\u00e9rola no PIT\/SIM-AM do TCE-PR. Ele considerou que o munic\u00edpio sanou a irregularidade ao inserir os dados no sistema do Tribunal, mesmo com atraso.<\/p><p>Os conselheiros aprovaram por maioria absoluta o voto do relator, ap\u00f3s a apresenta\u00e7\u00e3o de voto divergente pelo conselheiro Fernando Guimar\u00e3es pela irregularidade das contas. A decis\u00e3o foi tomada na Sess\u00e3o de Plen\u00e1rio Virtual n\u00ba 15\/25 da Segunda C\u00e2mara de julgamentos do TCE-PR, conclu\u00edda em 4 de setembro. A decis\u00e3o, contra a qual cabe recurso, est\u00e1 expressa no Ac\u00f3rd\u00e3o n\u00ba 2490\/25 &#8211; Segunda C\u00e2mara, disponibilizado, em 11 de setembro, na&nbsp;<a href=\"https:\/\/www1.tce.pr.gov.br\/multimidia\/2025\/9\/pdf\/00397644.pdf\">edi\u00e7\u00e3o n\u00ba 3.524 do Di\u00e1rio Eletr\u00f4nico do TCE-PR (DETC)<\/a>.<\/p><p><strong><u>Servi\u00e7o<\/u><\/strong><\/p><figure class=\"wp-block-table\"><table class=\"has-fixed-layout\"><tbody><tr><td><strong>Processo<\/strong>&nbsp;<strong>n\u00ba<\/strong>:<\/td><td>572306\/24<\/td><\/tr><tr><td><strong>Ac\u00f3rd\u00e3o n\u00ba<\/strong><\/td><td>2490\/25 &#8211; Segunda C\u00e2mara<\/td><\/tr><tr><td><strong>Assunto<\/strong>:<\/td><td>Tomada de Contas Extraordin\u00e1ria<\/td><\/tr><tr><td><strong>Entidade<\/strong>:<\/td><td>Munic\u00edpio de P\u00e9rola<\/td><\/tr><tr><td><strong>Interessados<\/strong>:<\/td><td>Munic\u00edpio de P\u00e9rola e outros<\/td><\/tr><tr><td><strong>Relator<\/strong>:<\/td><td>Conselheiro Fabio de Souza Camargo<\/td><\/tr><\/tbody><\/table><\/figure><p><strong>Fonte:&nbsp;TCE\/PR<\/strong><\/p>\n    <div class=\"xs_social_share_widget xs_share_url after_content \t\tmain_content  wslu-style-1 wslu-share-box-shaped wslu-fill-colored wslu-none wslu-share-horizontal wslu-theme-font-no wslu-main_content\">\n\n\t\t\n        <ul>\n\t\t\t        <\/ul>\n    <\/div> \n","protected":false},"excerpt":{"rendered":"<p>O Tribunal de Contas do Estado do Paran\u00e1 (TCE-PR) determinou ao Munic\u00edpio de P\u00e9rola (Regi\u00e3o Noroeste) que, no prazo de 180 dias, retome e conclua a constru\u00e7\u00e3o de uma creche cuja obra est\u00e1 paralisada desde outubro de 2022. O objetivo \u00e9 prevenir futuras irregularidades e assegurar a correta gest\u00e3o dos recursos p\u00fablicos. O prazo passar\u00e1 a contar a partir do tr\u00e2nsito em julgado da decis\u00e3o, da qual cabe recurso.<\/p>\n","protected":false},"author":5,"featured_media":0,"comment_status":"open","ping_status":"open","sticky":false,"template":"","format":"standard","meta":{"postBodyCss":"","postBodyMargin":[],"postBodyPadding":[],"postBodyBackground":{"backgroundType":"classic","gradient":""},"_price":"","_stock":"","_tribe_ticket_header":"","_tribe_default_ticket_provider":"","_tribe_ticket_capacity":"0","_ticket_start_date":"","_ticket_end_date":"","_tribe_ticket_show_description":"","_tribe_ticket_show_not_going":false,"_tribe_ticket_use_global_stock":"","_tribe_ticket_global_stock_level":"","_global_stock_mode":"","_global_stock_cap":"","_tribe_rsvp_for_event":"","_tribe_ticket_going_count":"","_tribe_ticket_not_going_count":"","_tribe_tickets_list":"[]","_tribe_ticket_has_attendee_info_fields":false,"footnotes":""},"categories":[46],"tags":[2117,13151,12224,15729,89,15730,1393,489,2773,2232,659,15728,220,14527,217,4868,354,12480,1586,356],"class_list":["post-14638","post","type-post","status-publish","format-standard","hentry","category-noticias","tag-comunicacao","tag-coordenadoria-de-obras-publicas","tag-cop","tag-creche","tag-fiscalizacao","tag-gestao-dos-recursos-publicos","tag-irregularidade","tag-irregularidades","tag-lei-complementar-no-101-2000","tag-lei-de-responsabilidade-fiscal","tag-lrf","tag-municipio-de-perola","tag-obra","tag-obra-paralisada","tag-obras-publicas","tag-plano-de-fiscalizacao","tag-tce-pr","tag-tce-pr-3","tag-tomada-de-contas-extraordinaria","tag-tribunal-de-contas-do-estado-do-parana"],"acf":[],"_links":{"self":[{"href":"https:\/\/sgpsolucoes.com.br\/site\/wp-json\/wp\/v2\/posts\/14638"}],"collection":[{"href":"https:\/\/sgpsolucoes.com.br\/site\/wp-json\/wp\/v2\/posts"}],"about":[{"href":"https:\/\/sgpsolucoes.com.br\/site\/wp-json\/wp\/v2\/types\/post"}],"author":[{"embeddable":true,"href":"https:\/\/sgpsolucoes.com.br\/site\/wp-json\/wp\/v2\/users\/5"}],"replies":[{"embeddable":true,"href":"https:\/\/sgpsolucoes.com.br\/site\/wp-json\/wp\/v2\/comments?post=14638"}],"version-history":[{"count":0,"href":"https:\/\/sgpsolucoes.com.br\/site\/wp-json\/wp\/v2\/posts\/14638\/revisions"}],"wp:attachment":[{"href":"https:\/\/sgpsolucoes.com.br\/site\/wp-json\/wp\/v2\/media?parent=14638"}],"wp:term":[{"taxonomy":"category","embeddable":true,"href":"https:\/\/sgpsolucoes.com.br\/site\/wp-json\/wp\/v2\/categories?post=14638"},{"taxonomy":"post_tag","embeddable":true,"href":"https:\/\/sgpsolucoes.com.br\/site\/wp-json\/wp\/v2\/tags?post=14638"}],"curies":[{"name":"wp","href":"https:\/\/api.w.org\/{rel}","templated":true}]}}