{"id":14641,"date":"2025-09-24T17:11:15","date_gmt":"2025-09-24T20:11:15","guid":{"rendered":"https:\/\/sgpsolucoes.com.br\/site\/?p=14641"},"modified":"2025-09-24T17:11:16","modified_gmt":"2025-09-24T20:11:16","slug":"ex-prefeito-de-presidente-tancredo-neves-ba-e-punido-por-sobrepreco-em-contratos","status":"publish","type":"post","link":"https:\/\/sgpsolucoes.com.br\/site\/ex-prefeito-de-presidente-tancredo-neves-ba-e-punido-por-sobrepreco-em-contratos\/","title":{"rendered":"Ex-prefeito de Presidente Tancredo Neves\/BA \u00e9 punido por sobrepre\u00e7o em contratos"},"content":{"rendered":"<p id=\"tags\">Os conselheiros do Tribunal de Contas dos Munic\u00edpios da Bahia consideraram procedente den\u00fancia apresentada contra o ex-prefeito do munic\u00edpio de Presidente Tancredo Neves, Ant\u00f4nio dos Santos Mendes, em raz\u00e3o da pr\u00e1tica de sobrepre\u00e7o e superfaturamento nos contratos decorrentes do Registro de Pre\u00e7o n\u00ba 06, realizado no exerc\u00edcio de 2019. O certame teve como vencedora a empresa \u201cComercial MSS Atacados e Servi\u00e7os\u201d, cujo objeto foi a \u201csele\u00e7\u00e3o das melhores propostas para fornecimento de material el\u00e9trico\u201d, com valor inicial estimado em R$1.467.209,03.<\/p><p>O conselheiro Pl\u00ednio Carneiro Filho, relator do processo, determinou a formula\u00e7\u00e3o de representa\u00e7\u00e3o ao Minist\u00e9rio P\u00fablico Estadual contra o gestor, para que seja apurada a pr\u00e1tica de ato de improbidade administrativa. Tamb\u00e9m foi determinada a devolu\u00e7\u00e3o aos cofres municipais \u2013 com recursos pessoais do ex-prefeito \u2013 de R$191.745,21 e aplicada uma multa de R$2 mil.<\/p><p>Segundo a \u00e1rea t\u00e9cnica do TCM, a Prefeitura de Presidente Tancredo Neves pagou R$191.745,21 em materiais el\u00e9tricos que estavam com os pre\u00e7os acima da m\u00e9dia superior do mercado.<\/p><p>O ex-prefeito, apesar de ter afirmado n\u00e3o possuir inger\u00eancia ou controle direto na elabora\u00e7\u00e3o do or\u00e7amento estimado, n\u00e3o indicou, em nenhum momento da sua defesa, quais os agentes p\u00fablicos foram respons\u00e1veis pela elabora\u00e7\u00e3o da planilha de custos com pre\u00e7os destoantes do mercado ou que tenham realizado a compra dos materiais el\u00e9tricos com sobrepre\u00e7o.<\/p><p>Para o conselheiro Pl\u00ednio Carneiro Filho, ao silenciar e n\u00e3o identificar quais foram os agentes p\u00fablicos respons\u00e1veis pelos danos causados ao er\u00e1rio, o gestor assumiu a responsabilidade por tais irregularidades, tomando para si o \u00f4nus que decorre do seu compromisso em gerir corretamente os recursos p\u00fablicos.<\/p><p>Cabe recurso da decis\u00e3o.<\/p><p><strong>Fonte: TCMBA<\/strong><\/p>\n    <div class=\"xs_social_share_widget xs_share_url after_content \t\tmain_content  wslu-style-1 wslu-share-box-shaped wslu-fill-colored wslu-none wslu-share-horizontal wslu-theme-font-no wslu-main_content\">\n\n\t\t\n        <ul>\n\t\t\t        <\/ul>\n    <\/div> \n","protected":false},"excerpt":{"rendered":"<p>Os conselheiros do Tribunal de Contas dos Munic\u00edpios da Bahia consideraram procedente den\u00fancia apresentada contra o ex-prefeito do munic\u00edpio de Presidente Tancredo Neves, Ant\u00f4nio dos Santos Mendes, em raz\u00e3o da pr\u00e1tica de sobrepre\u00e7o e superfaturamento nos contratos decorrentes do Registro de Pre\u00e7o n\u00ba 06, realizado no exerc\u00edcio de 2019. O certame teve como vencedora a empresa \u201cComercial MSS Atacados e Servi\u00e7os\u201d, cujo objeto foi a \u201csele\u00e7\u00e3o das melhores propostas para fornecimento de material el\u00e9trico\u201d, com valor inicial estimado em R$1.467.209,03.<\/p>\n","protected":false},"author":5,"featured_media":0,"comment_status":"open","ping_status":"open","sticky":false,"template":"","format":"standard","meta":{"postBodyCss":"","postBodyMargin":[],"postBodyPadding":[],"postBodyBackground":{"backgroundType":"classic","gradient":""},"_price":"","_stock":"","_tribe_ticket_header":"","_tribe_default_ticket_provider":"","_tribe_ticket_capacity":"0","_ticket_start_date":"","_ticket_end_date":"","_tribe_ticket_show_description":"","_tribe_ticket_show_not_going":false,"_tribe_ticket_use_global_stock":"","_tribe_ticket_global_stock_level":"","_global_stock_mode":"","_global_stock_cap":"","_tribe_rsvp_for_event":"","_tribe_ticket_going_count":"","_tribe_ticket_not_going_count":"","_tribe_tickets_list":"[]","_tribe_ticket_has_attendee_info_fields":false,"footnotes":""},"categories":[46],"tags":[15731,10510,15735,75,726,494,2378,214,15734,15733,7363,15732,488,487],"class_list":["post-14641","post","type-post","status-publish","format-standard","hentry","category-noticias","tag-antonio-dos-santos-mendes","tag-ato-de-improbidade-administrativa","tag-cofres-municipais","tag-contratos","tag-denuncia","tag-ex-prefeito","tag-fornecimento","tag-improbidade-administrativa","tag-material-eletrico","tag-presidente-tancredo-neves","tag-registro-de-preco","tag-sobrepreco-e-superfaturamento","tag-superfaturamento","tag-tribunal-de-contas-dos-municipios-da-bahia"],"acf":[],"_links":{"self":[{"href":"https:\/\/sgpsolucoes.com.br\/site\/wp-json\/wp\/v2\/posts\/14641"}],"collection":[{"href":"https:\/\/sgpsolucoes.com.br\/site\/wp-json\/wp\/v2\/posts"}],"about":[{"href":"https:\/\/sgpsolucoes.com.br\/site\/wp-json\/wp\/v2\/types\/post"}],"author":[{"embeddable":true,"href":"https:\/\/sgpsolucoes.com.br\/site\/wp-json\/wp\/v2\/users\/5"}],"replies":[{"embeddable":true,"href":"https:\/\/sgpsolucoes.com.br\/site\/wp-json\/wp\/v2\/comments?post=14641"}],"version-history":[{"count":0,"href":"https:\/\/sgpsolucoes.com.br\/site\/wp-json\/wp\/v2\/posts\/14641\/revisions"}],"wp:attachment":[{"href":"https:\/\/sgpsolucoes.com.br\/site\/wp-json\/wp\/v2\/media?parent=14641"}],"wp:term":[{"taxonomy":"category","embeddable":true,"href":"https:\/\/sgpsolucoes.com.br\/site\/wp-json\/wp\/v2\/categories?post=14641"},{"taxonomy":"post_tag","embeddable":true,"href":"https:\/\/sgpsolucoes.com.br\/site\/wp-json\/wp\/v2\/tags?post=14641"}],"curies":[{"name":"wp","href":"https:\/\/api.w.org\/{rel}","templated":true}]}}