{"id":14651,"date":"2025-09-24T17:37:02","date_gmt":"2025-09-24T20:37:02","guid":{"rendered":"https:\/\/sgpsolucoes.com.br\/site\/?p=14651"},"modified":"2025-09-24T17:37:18","modified_gmt":"2025-09-24T20:37:18","slug":"ministro-barroso-lanca-obra-com-investigacao-do-stf-sobre-direitos-das-pessoas-com-deficiencia","status":"publish","type":"post","link":"https:\/\/sgpsolucoes.com.br\/site\/ministro-barroso-lanca-obra-com-investigacao-do-stf-sobre-direitos-das-pessoas-com-deficiencia\/","title":{"rendered":"Ministro Barroso lan\u00e7a obra com investiga\u00e7\u00e3o do STF sobre direitos das pessoas com defici\u00eancia\u00a0"},"content":{"rendered":"<p><strong><em>Publica\u00e7\u00e3o integra a s\u00e9rie \u201cCadernos de Jurisprud\u00eancia do Supremo Tribunal Federal: Concretizando Direitos Humanos\u201d<\/em><\/strong><\/p><p>Na abertura da sess\u00e3o plen\u00e1ria desta quarta-feira (24\/09\/2025), o presidente do Supremo Tribunal Federal (STF), ministro Lu\u00eds Roberto Barroso, lan\u00e7ou mais um volume da cole\u00e7\u00e3o \u201cCadernos de Jurisprud\u00eancia do STF: Concretizando Direitos Humanos\u201d. A edi\u00e7\u00e3o \u00e9 dedicada ao direito das pessoas com defici\u00eancia.\u00a0<\/p><p>No texto de apresenta\u00e7\u00e3o, o ministro destacou a singularidade desse campo jur\u00eddico, lembrando que a Conven\u00e7\u00e3o sobre os Direitos das Pessoas com Defici\u00eancia (CDPD) foi incorporada ao ordenamento brasileiro com status de emenda constitucional. \u201cNormas que est\u00e3o em contrariedade com a Conven\u00e7\u00e3o s\u00e3o declaradas inv\u00e1lidas pela Suprema Corte\u201d, explicou.&nbsp;<\/p><p>Barroso ressaltou ainda que a supervis\u00e3o do STF tem contribu\u00eddo para consolidar, no plano interno, os compromissos refor\u00e7ados pelo Brasil perante a Organiza\u00e7\u00e3o das Na\u00e7\u00f5es Unidas (ONU) em favor da inclus\u00e3o das pessoas com defici\u00eancia.&nbsp;<\/p><p>O ministro lembrou que o Tribunal, em diversos precedentes, reafirmou a necessidade de uma postura antidiscriminat\u00f3ria capaz de garantir uma inclus\u00e3o efetiva. \u201cN\u00e3o basta n\u00e3o discriminar, \u00e9 preciso atuar na inclus\u00e3o desse grupo hist\u00f3rico e estigmatizado\u201d, estimulado.&nbsp;<\/p><h5 class=\"wp-block-heading\"><strong>Casos emblem\u00e1ticos&nbsp;<\/strong><\/h5><p>Entre os destaques do volume est\u00e3o precedentes que tratam da obrigatoriedade de escolas oferecer particulares em ensino inclusivo (ADI 5357 MC-Ref), da adapta\u00e7\u00e3o de provas f\u00edsicas em concursos p\u00fablicos para candidatos com defici\u00eancia (ADI 6476) e da redu\u00e7\u00e3o da jornada de trabalho para servidores respons\u00e1veis \u200b\u200bpor pessoas com defici\u00eancia (RE 1237867).\u202f&nbsp;<\/p><p>A sele\u00e7\u00e3o tamb\u00e9m inclui decis\u00f5es sobre a isen\u00e7\u00e3o de IPI para pessoas com defici\u00eancia auditiva na compra de ve\u00edculos (ADO 30), a necessidade de acessibilidade em transportes coletivos intermunicipais (ADI 903) e a dedu\u00e7\u00e3o do imposto de renda em raz\u00e3o de dependente com defici\u00eancia (ADI 5583). Outro destaque \u00e9 o julgado (ADI 6590 MC-Ref) que tratou da Pol\u00edtica Nacional de Educa\u00e7\u00e3o Especial e refor\u00e7ou o modelo de ensino inclusivo no pa\u00eds.<\/p><h5 class=\"wp-block-heading\"><strong>Uma cole\u00e7\u00e3o\u202f&nbsp;<\/strong><\/h5><p>Os Cadernos de Jurisprud\u00eancia resultam de parceria entre o STF, o Conselho Nacional de Justi\u00e7a (CNJ), o Instituto Max-Planck de Direito P\u00fablico Comparado e Direito Internacional (MPIL) e a Rede ICCAL Brasil, formada por professores de diversas universidades brasileiras.\u202f&nbsp;<\/p><p>Desde a cria\u00e7\u00e3o, a s\u00e9rie j\u00e1 publicou volumes sobre os direitos da popula\u00e7\u00e3o LGBTQIAP+, das mulheres, da igualdade racial, dos povos ind\u00edgenas, das pessoas privadas de liberdade, al\u00e9m de edi\u00e7\u00f5es sobre liberdade de express\u00e3o, democracia e novas tecnologias; direito ao cuidado e prote\u00e7\u00e3o ambiental e ao enfrentamento das mudan\u00e7as clim\u00e1ticas.\u202f&nbsp;<\/p><p>Acesse&nbsp;<a href=\"https:\/\/livrariasupremo.stf.jus.br\/produto\/detalhe?id=5305&amp;detalheProdutoNovo=sim\" target=\"_blank\" rel=\"noreferrer noopener\"><strong>a vers\u00e3o digital gratuita da publica\u00e7\u00e3o<\/strong><\/a>&nbsp;.<\/p><p>A vers\u00e3o impressa pode ser adquirida na&nbsp;<strong><a href=\"https:\/\/nam02.safelinks.protection.outlook.com\/?url=https%3A%2F%2Flivrariasupremo.stf.jus.br%2F&amp;data=05%7C02%7Cvirginia.siqueira%40stf.jus.br%7C69149a74b75448b0a8e208ddfadb61b9%7C52e207685e724c998e252a6d81a83903%7C0%7C0%7C638942542328603622%7CUnknown%7CTWFpbGZsb3d8eyJFbXB0eU1hcGkiOnRydWUsIlYiOiIwLjAuMDAwMCIsIlAiOiJXaW4zMiIsIkFOIjoiTWFpbCIsIldUIjoyfQ%3D%3D%7C0%7C%7C%7C&amp;sdata=fSVSVBqCKTuWsnXJrqHeyOq0%2BofNqH8r1a9NRU4axbY%3D&amp;reserved=0\" target=\"_blank\" rel=\"noreferrer noopener\">Livraria do STF<\/a>&nbsp;.\u202f\u202f<\/strong>&nbsp;<\/p><p><em>(Jorge Macedo\/AD)\u202f&nbsp;<\/em><\/p><p><strong>Fonte: STF<\/strong><\/p>\n    <div class=\"xs_social_share_widget xs_share_url after_content \t\tmain_content  wslu-style-1 wslu-share-box-shaped wslu-fill-colored wslu-none wslu-share-horizontal wslu-theme-font-no wslu-main_content\">\n\n\t\t\n        <ul>\n\t\t\t        <\/ul>\n    <\/div> \n","protected":false},"excerpt":{"rendered":"<p>Na abertura da sess\u00e3o plen\u00e1ria desta quarta-feira (24\/09\/2025), o presidente do Supremo Tribunal Federal (STF), ministro Lu\u00eds Roberto Barroso, lan\u00e7ou mais um volume da cole\u00e7\u00e3o \u201cCadernos de Jurisprud\u00eancia do STF: Concretizando Direitos Humanos\u201d. A edi\u00e7\u00e3o \u00e9 dedicada ao direito das pessoas com defici\u00eancia.\u00a0<\/p>\n","protected":false},"author":5,"featured_media":0,"comment_status":"open","ping_status":"open","sticky":false,"template":"","format":"standard","meta":{"postBodyCss":"","postBodyMargin":[],"postBodyPadding":[],"postBodyBackground":{"backgroundType":"classic","gradient":""},"_price":"","_stock":"","_tribe_ticket_header":"","_tribe_default_ticket_provider":"","_tribe_ticket_capacity":"0","_ticket_start_date":"","_ticket_end_date":"","_tribe_ticket_show_description":"","_tribe_ticket_show_not_going":false,"_tribe_ticket_use_global_stock":"","_tribe_ticket_global_stock_level":"","_global_stock_mode":"","_global_stock_cap":"","_tribe_rsvp_for_event":"","_tribe_ticket_going_count":"","_tribe_ticket_not_going_count":"","_tribe_tickets_list":"[]","_tribe_ticket_has_attendee_info_fields":false,"footnotes":""},"categories":[46],"tags":[13974,15521,10929,15754,15522,15753,12527,3587,2511,15752,8361,7983,220,3082,9154,347,348],"class_list":["post-14651","post","type-post","status-publish","format-standard","hentry","category-noticias","tag-cadernos-de-jurisprudencia-do-stf","tag-cadernos-de-jurisprudencia-do-supremo-tribunal-federal","tag-campo-juridico","tag-cdpd","tag-concretizando-direitos-humanos","tag-convencao-sobre-os-direitos-das-pessoas-com-deficiencia","tag-direitos-das-pessoas-com-deficiencia","tag-direitos-humanos","tag-emenda-constitucional","tag-investigacao-do-stf","tag-ministro-barroso","tag-ministro-luis-roberto-barroso","tag-obra","tag-pessoas-com-deficiencia","tag-singularidade","tag-stf","tag-supremo-tribunal-federal"],"acf":[],"_links":{"self":[{"href":"https:\/\/sgpsolucoes.com.br\/site\/wp-json\/wp\/v2\/posts\/14651"}],"collection":[{"href":"https:\/\/sgpsolucoes.com.br\/site\/wp-json\/wp\/v2\/posts"}],"about":[{"href":"https:\/\/sgpsolucoes.com.br\/site\/wp-json\/wp\/v2\/types\/post"}],"author":[{"embeddable":true,"href":"https:\/\/sgpsolucoes.com.br\/site\/wp-json\/wp\/v2\/users\/5"}],"replies":[{"embeddable":true,"href":"https:\/\/sgpsolucoes.com.br\/site\/wp-json\/wp\/v2\/comments?post=14651"}],"version-history":[{"count":0,"href":"https:\/\/sgpsolucoes.com.br\/site\/wp-json\/wp\/v2\/posts\/14651\/revisions"}],"wp:attachment":[{"href":"https:\/\/sgpsolucoes.com.br\/site\/wp-json\/wp\/v2\/media?parent=14651"}],"wp:term":[{"taxonomy":"category","embeddable":true,"href":"https:\/\/sgpsolucoes.com.br\/site\/wp-json\/wp\/v2\/categories?post=14651"},{"taxonomy":"post_tag","embeddable":true,"href":"https:\/\/sgpsolucoes.com.br\/site\/wp-json\/wp\/v2\/tags?post=14651"}],"curies":[{"name":"wp","href":"https:\/\/api.w.org\/{rel}","templated":true}]}}