{"id":14688,"date":"2025-09-25T16:50:11","date_gmt":"2025-09-25T19:50:11","guid":{"rendered":"https:\/\/sgpsolucoes.com.br\/site\/?p=14688"},"modified":"2025-09-25T16:50:12","modified_gmt":"2025-09-25T19:50:12","slug":"stf-lanca-edicao-da-revista-suprema-com-tematica-sobre-diversidade-e-inclusao-nas-instituicoes","status":"publish","type":"post","link":"https:\/\/sgpsolucoes.com.br\/site\/stf-lanca-edicao-da-revista-suprema-com-tematica-sobre-diversidade-e-inclusao-nas-instituicoes\/","title":{"rendered":"STF lan\u00e7a edi\u00e7\u00e3o da Revista Suprema com tem\u00e1tica sobre diversidade e inclus\u00e3o nas institui\u00e7\u00f5es"},"content":{"rendered":"<p><strong><em>Nova edi\u00e7\u00e3o do peri\u00f3dico sobre estudos constitucionais j\u00e1 est\u00e1 dispon\u00edvel e re\u00fane artigos nacionais e internacionais<\/em><\/strong><\/p><p>O presidente do Supremo Tribunal Federal (STF), ministro Lu\u00eds Roberto Barroso, lan\u00e7ou, no in\u00edcio da sess\u00e3o plen\u00e1ria desta quarta-feira (24\/09\/2025), a nova edi\u00e7\u00e3o da Revista Suprema. O n\u00famero traz o dossi\u00ea tem\u00e1tico \u201cDiversidade e inclus\u00e3o nas institui\u00e7\u00f5es\u201d, composto por artigos que abordam quest\u00f5es como reconhecimento de direitos de minorias, pol\u00edticas de inclus\u00e3o e diversidade nos tr\u00eas poderes, viol\u00eancia institucional, acesso de grupos vulner\u00e1veis \u200b\u200bao Judici\u00e1rio e participa\u00e7\u00e3o cidad\u00e3 nas institui\u00e7\u00f5es.<\/p><p>Os artigos cient\u00edficos fomentam o debate sobre quem ocupa posi\u00e7\u00f5es formais na estrutura de poder em institui\u00e7\u00f5es p\u00fablicas e privadas, tratando tanto do reconhecimento e do incentivo ao empoderamento de indiv\u00edduos marginalizados quanto da busca por solu\u00e7\u00f5es distributivas mais eficazes no combate \u00e0s exclus\u00f5es.<\/p><p>Segundo o ministro Barroso, no texto de apresenta\u00e7\u00e3o da obra, o dossi\u00ea refor\u00e7a a voca\u00e7\u00e3o constitucional do Tribunal, \u201cao propor a discuss\u00e3o a respeito de pol\u00edticas inclusivas em uma sociedade plural, complexa e diversa\u201d.<\/p><h5 class=\"wp-block-heading\"><strong>Entrevistas<\/strong><\/h5><p>A edi\u00e7\u00e3o abre com um di\u00e1logo entre o ministro Lu\u00eds Roberto Barroso e o entrevistador G. Marcus Cole, reitor e professor da Faculdade de Direito da Universidade de Notre Dame, ocorrido em evento realizado no STF em mar\u00e7o deste ano. A conversa tratou de temas como a pr\u00e1tica jur\u00eddica, o papel das cortes constitucionais, a rela\u00e7\u00e3o entre pol\u00edtica e Poder Judici\u00e1rio, a atua\u00e7\u00e3o judicial em casos complexos e o uso de instrumentos de participa\u00e7\u00e3o social, como as audi\u00eancias p\u00fablicas.<\/p><p>O volume apresenta ainda entrevista com Nilton Tubino, assessor da Secretaria-Executiva da Presid\u00eancia da Rep\u00fablica e chefe da Casa de Governo de Roraima. Tubino, importante ator nos processos de desintrus\u00e3o de terras ind\u00edgenas brasileiras, traz reflex\u00f5es sobre a disputa hist\u00f3rica fundi\u00e1ria no pa\u00eds, o papel do STF nesse enfrentamento e a pauta ind\u00edgena em sentido mais amplo.<\/p><h5 class=\"wp-block-heading\"><strong>Padr\u00f5es internacionais<\/strong><\/h5><p>A nova edi\u00e7\u00e3o da Suprema reafirma seu compromisso com os padr\u00f5es exigidos para a manuten\u00e7\u00e3o da qualidade do debate acad\u00eamico. Entre as pr\u00e1ticas adotadas, destacam-se a avalia\u00e7\u00e3o dos artigos submetidos por pares no sistema&nbsp;<em>duplo-cego (double-blind peer review<\/em>&nbsp;), a diversidade nacional e internacional, o suporte de um conselho editorial composto por especialistas do Brasil e do exterior e a identifica\u00e7\u00e3o dos textos por meio de DOI (Identificador Digital de Objeto).<\/p><p>A equipe editorial da revista tamb\u00e9m avan\u00e7a na adapta\u00e7\u00e3o ao cen\u00e1rio de expans\u00e3o das ferramentas de Intelig\u00eancia Artificial (IA) generativas. Com base nas recomenda\u00e7\u00f5es mais confi\u00e1veis, a publica\u00e7\u00e3o adotada cuidados para prevenir poss\u00edveis problemas relacionados \u00e0 integridade das pesquisas, \u00e0 confiabilidade e ao vi\u00e9s de tais ferramentas, al\u00e9m de garantir a originalidade e o ineditismo dos trabalhos, aspectos centrais dessa nova realidade.<\/p><p><a href=\"https:\/\/suprema.stf.jus.br\/index.php\/suprema\/issue\/view\/11\" target=\"_blank\" rel=\"noreferrer noopener\">Acesse aqui o novo n\u00famero da Suprema \u2013 Revista de Estudos Constitucionais<\/a>&nbsp;.<\/p><p><em>(Allan Diego Melo\/SAE)<\/em><\/p><p><strong>Fonte: STF<\/strong><\/p><p><\/p>\n    <div class=\"xs_social_share_widget xs_share_url after_content \t\tmain_content  wslu-style-1 wslu-share-box-shaped wslu-fill-colored wslu-none wslu-share-horizontal wslu-theme-font-no wslu-main_content\">\n\n\t\t\n        <ul>\n\t\t\t        <\/ul>\n    <\/div> \n","protected":false},"excerpt":{"rendered":"<p>O presidente do Supremo Tribunal Federal (STF), ministro Lu\u00eds Roberto Barroso, lan\u00e7ou, no in\u00edcio da sess\u00e3o plen\u00e1ria desta quarta-feira (24\/09\/2025), a nova edi\u00e7\u00e3o da Revista Suprema. O n\u00famero traz o dossi\u00ea tem\u00e1tico \u201cDiversidade e inclus\u00e3o nas institui\u00e7\u00f5es\u201d, composto por artigos que abordam quest\u00f5es como reconhecimento de direitos de minorias, pol\u00edticas de inclus\u00e3o e diversidade nos tr\u00eas poderes, viol\u00eancia institucional, acesso de grupos vulner\u00e1veis \u200b\u200bao Judici\u00e1rio e participa\u00e7\u00e3o cidad\u00e3 nas institui\u00e7\u00f5es.<\/p>\n","protected":false},"author":5,"featured_media":0,"comment_status":"open","ping_status":"open","sticky":false,"template":"","format":"standard","meta":{"postBodyCss":"","postBodyMargin":[],"postBodyPadding":[],"postBodyBackground":{"backgroundType":"classic","gradient":""},"_price":"","_stock":"","_tribe_ticket_header":"","_tribe_default_ticket_provider":"","_tribe_ticket_capacity":"0","_ticket_start_date":"","_ticket_end_date":"","_tribe_ticket_show_description":"","_tribe_ticket_show_not_going":false,"_tribe_ticket_use_global_stock":"","_tribe_ticket_global_stock_level":"","_global_stock_mode":"","_global_stock_cap":"","_tribe_rsvp_for_event":"","_tribe_ticket_going_count":"","_tribe_ticket_not_going_count":"","_tribe_tickets_list":"[]","_tribe_ticket_has_attendee_info_fields":false,"footnotes":""},"categories":[46],"tags":[15757,15759,5167,15758,3881,15755,7983,241,8384,347,348,15756],"class_list":["post-14688","post","type-post","status-publish","format-standard","hentry","category-noticias","tag-artigos-internacionais","tag-artigos-nacionais","tag-diversidade","tag-estudos-constitucionais","tag-inclusao","tag-instituicoes","tag-ministro-luis-roberto-barroso","tag-periodico","tag-revista-suprema","tag-stf","tag-supremo-tribunal-federal","tag-tematica"],"acf":[],"_links":{"self":[{"href":"https:\/\/sgpsolucoes.com.br\/site\/wp-json\/wp\/v2\/posts\/14688"}],"collection":[{"href":"https:\/\/sgpsolucoes.com.br\/site\/wp-json\/wp\/v2\/posts"}],"about":[{"href":"https:\/\/sgpsolucoes.com.br\/site\/wp-json\/wp\/v2\/types\/post"}],"author":[{"embeddable":true,"href":"https:\/\/sgpsolucoes.com.br\/site\/wp-json\/wp\/v2\/users\/5"}],"replies":[{"embeddable":true,"href":"https:\/\/sgpsolucoes.com.br\/site\/wp-json\/wp\/v2\/comments?post=14688"}],"version-history":[{"count":0,"href":"https:\/\/sgpsolucoes.com.br\/site\/wp-json\/wp\/v2\/posts\/14688\/revisions"}],"wp:attachment":[{"href":"https:\/\/sgpsolucoes.com.br\/site\/wp-json\/wp\/v2\/media?parent=14688"}],"wp:term":[{"taxonomy":"category","embeddable":true,"href":"https:\/\/sgpsolucoes.com.br\/site\/wp-json\/wp\/v2\/categories?post=14688"},{"taxonomy":"post_tag","embeddable":true,"href":"https:\/\/sgpsolucoes.com.br\/site\/wp-json\/wp\/v2\/tags?post=14688"}],"curies":[{"name":"wp","href":"https:\/\/api.w.org\/{rel}","templated":true}]}}