{"id":14724,"date":"2025-09-26T16:43:04","date_gmt":"2025-09-26T19:43:04","guid":{"rendered":"https:\/\/sgpsolucoes.com.br\/site\/?p=14724"},"modified":"2025-09-26T16:43:05","modified_gmt":"2025-09-26T19:43:05","slug":"stf-vai-definir-se-empregador-tem-de-recolher-inss-sobre-desconto-do-vale-transporte-e-auxilio-alimentacao","status":"publish","type":"post","link":"https:\/\/sgpsolucoes.com.br\/site\/stf-vai-definir-se-empregador-tem-de-recolher-inss-sobre-desconto-do-vale-transporte-e-auxilio-alimentacao\/","title":{"rendered":"STF vai definir se empregador tem de recolher INSS sobre desconto do vale-transporte e aux\u00edlio alimenta\u00e7\u00e3o"},"content":{"rendered":"<p class=\"has-text-align-center\"><em>Gustavo Moreno\/STF<\/em><\/p><p><strong><em>Controv\u00e9rsia teve repercuss\u00e3o geral reconhecida pelo Tribunal<\/em><\/strong><\/p><p>O Supremo Tribunal Federal (STF) vai decidir se o valor descontado do empregado referente ao vale-transporte e ao aux\u00edlio-alimenta\u00e7\u00e3o deve ser considerado remunera\u00e7\u00e3o e integrado \u00e0 base de c\u00e1lculo da contribui\u00e7\u00e3o previdenci\u00e1ria. A quest\u00e3o, tratada no Recurso Extraordin\u00e1rio com Agravo&nbsp;<a href=\"https:\/\/nam02.safelinks.protection.outlook.com\/?url=https%3A%2F%2Fportal.stf.jus.br%2FjurisprudenciaRepercussao%2FverPronunciamento.asp%3Fpronunciamento%3D12001742&amp;data=05%7C02%7Ccarmem.feijo%40stf.jus.br%7Cdcf99d42e121482c0bcd08ddecc5329b%7C52e207685e724c998e252a6d81a83903%7C0%7C0%7C638927053878418290%7CUnknown%7CTWFpbGZsb3d8eyJFbXB0eU1hcGkiOnRydWUsIlYiOiIwLjAuMDAwMCIsIlAiOiJXaW4zMiIsIkFOIjoiTWFpbCIsIldUIjoyfQ%3D%3D%7C0%7C%7C%7C&amp;sdata=n8vDU9OOrYYYbSWyREk3HoqeVxnUkAKkT2xUmPcQVyA%3D&amp;reserved=0\" target=\"_blank\" rel=\"noreferrer noopener\"><strong>(ARE) 1370843<\/strong><\/a>, teve repercuss\u00e3o geral reconhecida (Tema 1.415) pelo Plen\u00e1rio Virtual, e a solu\u00e7\u00e3o do caso ser\u00e1 aplicada aos processos semelhantes em todas as inst\u00e2ncias da Justi\u00e7a. O julgamento de m\u00e9rito ser\u00e1 agendado posteriormente.<\/p><p>O recurso foi apresentado por uma empresa contra decis\u00e3o do Tribunal Regional Federal da 4\u00aa Regi\u00e3o (TRF-4) que rejeitou sua pretens\u00e3o de excluir da base de c\u00e1lculo da contribui\u00e7\u00e3o patronal os valores descontados dos empregados a t\u00edtulo de vale-transporte e aux\u00edlio-alimenta\u00e7\u00e3o. Segundo a decis\u00e3o, considerar que essas parcelas n\u00e3o integram a remunera\u00e7\u00e3o representaria uma desonera\u00e7\u00e3o tribut\u00e1ria em favor do empregador.<\/p><p>Em manifesta\u00e7\u00e3o pelo reconhecimento da repercuss\u00e3o geral, o ministro Andr\u00e9 Mendon\u00e7a (relator) destacou a relev\u00e2ncia jur\u00eddica, econ\u00f4mica e social da controv\u00e9rsia. Segundo ele, a resolu\u00e7\u00e3o do caso ter\u00e1 impactos significativos para a Fazenda Nacional, em termos de arrecada\u00e7\u00e3o tribut\u00e1ria, para empregadores e para empregados que recebem esses benef\u00edcios. A manifesta\u00e7\u00e3o do relator foi seguida por unanimidade.<\/p><p><em>(Pedro Rocha\/CR\/\/CF)<\/em><\/p><p><strong>Fonte: STF<\/strong><\/p>\n    <div class=\"xs_social_share_widget xs_share_url after_content \t\tmain_content  wslu-style-1 wslu-share-box-shaped wslu-fill-colored wslu-none wslu-share-horizontal wslu-theme-font-no wslu-main_content\">\n\n\t\t\n        <ul>\n\t\t\t        <\/ul>\n    <\/div> \n","protected":false},"excerpt":{"rendered":"<p>O Supremo Tribunal Federal (STF) vai decidir se o valor descontado do empregado referente ao vale-transporte e ao aux\u00edlio-alimenta\u00e7\u00e3o deve ser considerado remunera\u00e7\u00e3o e integrado \u00e0 base de c\u00e1lculo da contribui\u00e7\u00e3o previdenci\u00e1ria. A quest\u00e3o, tratada no Recurso Extraordin\u00e1rio com Agravo\u00a0(ARE) 1370843, teve repercuss\u00e3o geral reconhecida (Tema 1.415) pelo Plen\u00e1rio Virtual, e a solu\u00e7\u00e3o do caso ser\u00e1 aplicada aos processos semelhantes em todas as inst\u00e2ncias da Justi\u00e7a. O julgamento de m\u00e9rito ser\u00e1 agendado posteriormente.<\/p>\n","protected":false},"author":5,"featured_media":0,"comment_status":"open","ping_status":"open","sticky":false,"template":"","format":"standard","meta":{"postBodyCss":"","postBodyMargin":[],"postBodyPadding":[],"postBodyBackground":{"backgroundType":"classic","gradient":""},"_price":"","_stock":"","_tribe_ticket_header":"","_tribe_default_ticket_provider":"","_tribe_ticket_capacity":"0","_ticket_start_date":"","_ticket_end_date":"","_tribe_ticket_show_description":"","_tribe_ticket_show_not_going":false,"_tribe_ticket_use_global_stock":"","_tribe_ticket_global_stock_level":"","_global_stock_mode":"","_global_stock_cap":"","_tribe_rsvp_for_event":"","_tribe_ticket_going_count":"","_tribe_ticket_not_going_count":"","_tribe_tickets_list":"[]","_tribe_ticket_has_attendee_info_fields":false,"footnotes":""},"categories":[46],"tags":[15820,2157,233,2352,9104,6919,2136,2654,13544,8371,692,1731,347,348,15819,4333],"class_list":["post-14724","post","type-post","status-publish","format-standard","hentry","category-noticias","tag-are-1370843","tag-auxilio-alimentacao-2","tag-base-de-calculo","tag-contribuicao-previdenciaria","tag-controversia","tag-desconto","tag-empregador","tag-inss","tag-plenario-virtual","tag-recurso-extraordinario-com-agravo","tag-remuneracao","tag-repercussao-geral","tag-stf","tag-supremo-tribunal-federal","tag-tema-1-415","tag-vale-transporte"],"acf":[],"_links":{"self":[{"href":"https:\/\/sgpsolucoes.com.br\/site\/wp-json\/wp\/v2\/posts\/14724"}],"collection":[{"href":"https:\/\/sgpsolucoes.com.br\/site\/wp-json\/wp\/v2\/posts"}],"about":[{"href":"https:\/\/sgpsolucoes.com.br\/site\/wp-json\/wp\/v2\/types\/post"}],"author":[{"embeddable":true,"href":"https:\/\/sgpsolucoes.com.br\/site\/wp-json\/wp\/v2\/users\/5"}],"replies":[{"embeddable":true,"href":"https:\/\/sgpsolucoes.com.br\/site\/wp-json\/wp\/v2\/comments?post=14724"}],"version-history":[{"count":0,"href":"https:\/\/sgpsolucoes.com.br\/site\/wp-json\/wp\/v2\/posts\/14724\/revisions"}],"wp:attachment":[{"href":"https:\/\/sgpsolucoes.com.br\/site\/wp-json\/wp\/v2\/media?parent=14724"}],"wp:term":[{"taxonomy":"category","embeddable":true,"href":"https:\/\/sgpsolucoes.com.br\/site\/wp-json\/wp\/v2\/categories?post=14724"},{"taxonomy":"post_tag","embeddable":true,"href":"https:\/\/sgpsolucoes.com.br\/site\/wp-json\/wp\/v2\/tags?post=14724"}],"curies":[{"name":"wp","href":"https:\/\/api.w.org\/{rel}","templated":true}]}}