{"id":14772,"date":"2025-09-29T14:22:01","date_gmt":"2025-09-29T17:22:01","guid":{"rendered":"https:\/\/sgpsolucoes.com.br\/site\/?p=14772"},"modified":"2025-09-29T16:42:31","modified_gmt":"2025-09-29T19:42:31","slug":"desatencao-a-prazo-para-retificacao-do-contrato-de-limpeza-reprova-licitacao-da-emlur","status":"publish","type":"post","link":"https:\/\/sgpsolucoes.com.br\/site\/desatencao-a-prazo-para-retificacao-do-contrato-de-limpeza-reprova-licitacao-da-emlur\/","title":{"rendered":"Desaten\u00e7\u00e3o a prazo para retifica\u00e7\u00e3o do contrato de limpeza reprova licita\u00e7\u00e3o da Emlur"},"content":{"rendered":"<p>A 1\u00aa C\u00e2mara do Tribunal de Contas da Para\u00edba decidiu pela irregularidade da Licita\u00e7\u00e3o n\u00ba 61001\/21 procedida pela Autarquia Especial Municipal de Limpeza Urbana (Emlur) que n\u00e3o atendeu, no prazo estabelecido, \u00e0 determina\u00e7\u00e3o para retifica\u00e7\u00f5es do processo de contrata\u00e7\u00e3o de servi\u00e7os de limpeza urbana e manejo de res\u00edduos s\u00f3lidos em vias e logradouros de Jo\u00e3o Pessoa.<\/p><p>A decis\u00e3o, ap\u00f3s voto-vista do conselheiro Fernando Cat\u00e3o, deu-se conforme entendimento anteriormente expresso pelo relator Antonio Gomes Vieira Filho. O ent\u00e3o gestor da Emlur Ricardo Jos\u00e9 Veloso sofreu multa de R$ 4 mil e a Auditoria do TCE disp\u00f5e de 90 dias para verifica\u00e7\u00e3o da execu\u00e7\u00e3o dos servi\u00e7os que, por serem de car\u00e1ter cont\u00ednuo, n\u00e3o podem ser interrompidos.<\/p><p>Reunida na manh\u00e3 desta quinta-feira (25\/09\/2025), a 1\u00aa C\u00e2mara do TCE aprovou com ressalvas as contas anuais dos Institutos de Previd\u00eancia dos Servidores de Cuit\u00e9, Guarabira e \u00c1gua Branca (exerc\u00edcio de 2022). Tamb\u00e9m tiveram suas contas aprovadas as C\u00e2maras Municipais de Serraria, Alagoa Nova, Lagoa e Riacho dos Cavalos, todas referentes a 2024.<\/p><p>A 1\u00aa C\u00e2mara do Tribunal de Contas da Para\u00edba \u00e9 integrada pelos conselheiros Antonio Gomes Vieira Filho (presidente), Nominando Diniz, Fernando Cat\u00e3o e Renato S\u00e9rgio Santiago Melo (substituto). O Minist\u00e9rio P\u00fablico de Contas est\u00e1 a\u00ed representado pelo subprocurador geral Luciano Andrade Farias. A TV TCE-PB, Canal no YouTube, exibe os julgamentos presenciais e remotos.<\/p><p><strong>Fonte: TCE-PB<\/strong><\/p>\n    <div class=\"xs_social_share_widget xs_share_url after_content \t\tmain_content  wslu-style-1 wslu-share-box-shaped wslu-fill-colored wslu-none wslu-share-horizontal wslu-theme-font-no wslu-main_content\">\n\n\t\t\n        <ul>\n\t\t\t        <\/ul>\n    <\/div> \n","protected":false},"excerpt":{"rendered":"<p>A 1\u00aa C\u00e2mara do Tribunal de Contas da Para\u00edba decidiu pela irregularidade da Licita\u00e7\u00e3o n\u00ba 61001\/21 procedida pela Autarquia Especial Municipal de Limpeza Urbana (Emlur) que n\u00e3o atendeu, no prazo estabelecido, \u00e0 determina\u00e7\u00e3o para retifica\u00e7\u00f5es do processo de contrata\u00e7\u00e3o de servi\u00e7os de limpeza urbana e manejo de res\u00edduos s\u00f3lidos em vias e logradouros de Jo\u00e3o Pessoa.<\/p>\n","protected":false},"author":5,"featured_media":0,"comment_status":"open","ping_status":"open","sticky":false,"template":"","format":"standard","meta":{"postBodyCss":"","postBodyMargin":[],"postBodyPadding":[],"postBodyBackground":{"backgroundType":"classic","gradient":""},"_price":"","_stock":"","_tribe_ticket_header":"","_tribe_default_ticket_provider":"","_tribe_ticket_capacity":"0","_ticket_start_date":"","_ticket_end_date":"","_tribe_ticket_show_description":"","_tribe_ticket_show_not_going":false,"_tribe_ticket_use_global_stock":"","_tribe_ticket_global_stock_level":"","_global_stock_mode":"","_global_stock_cap":"","_tribe_rsvp_for_event":"","_tribe_ticket_going_count":"","_tribe_ticket_not_going_count":"","_tribe_tickets_list":"[]","_tribe_ticket_has_attendee_info_fields":false,"footnotes":""},"categories":[46],"tags":[7610,15906,491,15905,15902,1393,15908,138,8616,8274,15909,5820,663,13902,15903,3026,15904,15907,500,4981,9352],"class_list":["post-14772","post","type-post","status-publish","format-standard","hentry","category-noticias","tag-1a-camara","tag-autarquia-especial-municipal-de-limpeza-urbana","tag-contrato","tag-desatencao","tag-emlur","tag-irregularidade","tag-joao-pessoa","tag-licitacao-2","tag-limpeza","tag-limpeza-urbana","tag-logradouros","tag-manejo","tag-prazo","tag-processo-de-contratacao","tag-reprova-licitacao","tag-residuos-solidos","tag-retificacao","tag-retificacoes","tag-servicos-2","tag-tribunal-de-contas-da-paraiba","tag-vias"],"acf":[],"_links":{"self":[{"href":"https:\/\/sgpsolucoes.com.br\/site\/wp-json\/wp\/v2\/posts\/14772"}],"collection":[{"href":"https:\/\/sgpsolucoes.com.br\/site\/wp-json\/wp\/v2\/posts"}],"about":[{"href":"https:\/\/sgpsolucoes.com.br\/site\/wp-json\/wp\/v2\/types\/post"}],"author":[{"embeddable":true,"href":"https:\/\/sgpsolucoes.com.br\/site\/wp-json\/wp\/v2\/users\/5"}],"replies":[{"embeddable":true,"href":"https:\/\/sgpsolucoes.com.br\/site\/wp-json\/wp\/v2\/comments?post=14772"}],"version-history":[{"count":0,"href":"https:\/\/sgpsolucoes.com.br\/site\/wp-json\/wp\/v2\/posts\/14772\/revisions"}],"wp:attachment":[{"href":"https:\/\/sgpsolucoes.com.br\/site\/wp-json\/wp\/v2\/media?parent=14772"}],"wp:term":[{"taxonomy":"category","embeddable":true,"href":"https:\/\/sgpsolucoes.com.br\/site\/wp-json\/wp\/v2\/categories?post=14772"},{"taxonomy":"post_tag","embeddable":true,"href":"https:\/\/sgpsolucoes.com.br\/site\/wp-json\/wp\/v2\/tags?post=14772"}],"curies":[{"name":"wp","href":"https:\/\/api.w.org\/{rel}","templated":true}]}}