{"id":14790,"date":"2025-09-29T16:46:55","date_gmt":"2025-09-29T19:46:55","guid":{"rendered":"https:\/\/sgpsolucoes.com.br\/site\/?p=14790"},"modified":"2025-09-29T16:46:56","modified_gmt":"2025-09-29T19:46:56","slug":"trf6-mantem-cobranca-da-ans-sobre-dividas-de-planos-em-prejuizo-ao-sus","status":"publish","type":"post","link":"https:\/\/sgpsolucoes.com.br\/site\/trf6-mantem-cobranca-da-ans-sobre-dividas-de-planos-em-prejuizo-ao-sus\/","title":{"rendered":"TRF6 mant\u00e9m cobran\u00e7a da ANS sobre d\u00edvidas de planos em preju\u00edzo ao SUS"},"content":{"rendered":"<ul class=\"wp-block-list\"><li><strong><em>Resumo em Linguagem Simples<\/em><\/strong><\/li><\/ul><ul class=\"wp-block-list\"><li><em>A 3\u00aa Turma do TRF6 decidiu, por unanimidade, que a Ag\u00eancia Nacional de Sa\u00fade Suplementar (ANS) pode continuar cobrando valores devidos por planos de sa\u00fade ao Sistema \u00danico de Sa\u00fade (SUS).<\/em><\/li>\n\n<li><em>A decis\u00e3o reconhece que o prazo prescricional \u00e9 de 5 anos, seguindo a regra aplicada \u00e0 Fazenda P\u00fablica, e n\u00e3o de 3 anos, como alegavam as operadoras.<\/em><\/li>\n\n<li><em>O relator, desembargador federal Dolzany da Costa, destacou que o ressarcimento ao SUS, previsto na Lei 9.656\/98, tem car\u00e1ter indenizat\u00f3rio e busca evitar o enriquecimento il\u00edcito do setor privado.<\/em><\/li>\n\n<li><em>Com isso, a cobran\u00e7a referente a despesas de interna\u00e7\u00f5es hospitalares realizadas em 2005 poder\u00e1 prosseguir na Justi\u00e7a de Primeira Inst\u00e2ncia.<\/em><\/li><\/ul><p>A Terceira Turma do Tribunal Regional Federal da 6\u00aa Regi\u00e3o (TRF6), por unanimidade, deu provimento \u00e0 apela\u00e7\u00e3o da Ag\u00eancia Nacional de Sa\u00fade Suplementar (ANS) contra senten\u00e7a dada pelo Ju\u00edzo Federal da Subse\u00e7\u00e3o Judici\u00e1ria de Paracatu (localizada no Noroeste de Minas). A decis\u00e3o reverteu o reconhecimento da prescri\u00e7\u00e3o que impedia a cobran\u00e7a de valores gastos pelo Sistema \u00danico de Sa\u00fade (SUS) com tratamentos de benefici\u00e1rios de planos de sa\u00fade privados. Agora, a ANS poder\u00e1 continuar a cobran\u00e7a dos cr\u00e9ditos referentes a esses custos, com base nos contratos de presta\u00e7\u00e3o de servi\u00e7os. O desembargador federal Dolzany da Costa foi o relator da apela\u00e7\u00e3o e o julgamento ocorreu no dia 21 de maio de 2025.<\/p><p>O relator destacou que o ressarcimento ao Sistema \u00danico de Sa\u00fade (SUS), previsto no artigo 32 da Lei 9.656\/98, que regula os planos de sa\u00fade privados, est\u00e1 sujeito \u00e0s regras de prescri\u00e7\u00e3o aplic\u00e1veis \u00e0 Fazenda P\u00fablica. Esse prazo, conhecido como quinquenal, \u00e9 de cinco anos para a cobran\u00e7a dos valores devidos pelos planos de sa\u00fade ao SUS. Fazenda P\u00fablica \u00e9 o nome dado ao Poder P\u00fablico quando \u00e9 parte processual.<\/p><p>O artigo 32 da Lei n\u00ba 9.656\/1998, segundo o desembargador federal, tem car\u00e1ter claramente indenizat\u00f3rio ao determinar que as operadoras de planos privados de sa\u00fade devem ressarcir ao Sistema \u00danico de Sa\u00fade (SUS) os valores referentes aos servi\u00e7os prestados a seus benefici\u00e1rios em institui\u00e7\u00f5es p\u00fablicas ou privadas conveniadas. A medida visa, sobretudo, evitar o enriquecimento il\u00edcito do setor privado \u00e0s custas do sistema p\u00fablico.<\/p><p>O Superior Tribunal de Justi\u00e7a (STJ), segundo o relator, consolidou o entendimento de que o prazo para cobran\u00e7a de d\u00edvida ativa de natureza n\u00e3o tribut\u00e1ria \u00e9 de cinco anos. O tribunal refor\u00e7ou que, com base no princ\u00edpio da igualdade jur\u00eddica, o prazo prescricional de tr\u00eas anos previsto no artigo 206, \u00a7 3\u00ba, inciso V, do C\u00f3digo Civil de 2002 \u2014 alegado pelos planos de sa\u00fade \u2014 n\u00e3o se aplica nesses casos.<\/p><p>O desembargador federal explicou, por outro lado, que a data de in\u00edcio da prescri\u00e7\u00e3o quinquenal ser\u00e1 o dia da notifica\u00e7\u00e3o feita ao plano de sa\u00fade sobre a decis\u00e3o, em processo administrativo, que trate da d\u00edvida a ser paga.<\/p><p>Ele destacou que, se o prazo para empresas privadas cobrarem valores do Poder P\u00fablico \u00e9 de cinco anos \u2014 conforme estabelece o Decreto n\u00ba 20.910\/1932 \u2014, o mesmo prazo prescricional deve ser aplicado \u00e0 cobran\u00e7a feita pela ANS.<\/p><p>O desembargador federal Dolzany da Costa observou que, no caso concreto, as despesas cobradas pela ANS se referem a autoriza\u00e7\u00f5es de interna\u00e7\u00e3o hospitalar (AIHs) relativas a atendimentos realizados em 2005 e arroladas em certid\u00e3o de d\u00edvida ativa (CDA). Segundo o relator, a ANS instaurou o processo administrativo e intimou a operadora de plano de sa\u00fade em 8 de fevereiro de 2007 para apresenta\u00e7\u00e3o de defesa. A Guia de Recolhimento da Uni\u00e3o (GRU), que permitia o pagamento da d\u00edvida, foi emitida com vencimento em setembro de 2007. A a\u00e7\u00e3o foi ajuizada em janeiro de 2011, dentro, portanto, do prazo prescricional de cinco anos.<\/p><p>Assim, n\u00e3o houve prescri\u00e7\u00e3o da d\u00edvida cobrada pela ANS, e a execu\u00e7\u00e3o do cr\u00e9dito contra o plano de sa\u00fade poder\u00e1 continuar na Justi\u00e7a de Primeira Inst\u00e2ncia.<\/p><p>Processo n. 0000001-29.2011.4.01.3817. Julgamento em 21\/5\/2025<\/p><p>Jos\u00e9 Am\u00e9rico Silva Montagnoli<\/p><p>Analista Judici\u00e1rio<\/p><p><strong>Fonte: TRF6<\/strong><\/p>\n    <div class=\"xs_social_share_widget xs_share_url after_content \t\tmain_content  wslu-style-1 wslu-share-box-shaped wslu-fill-colored wslu-none wslu-share-horizontal wslu-theme-font-no wslu-main_content\">\n\n\t\t\n        <ul>\n\t\t\t        <\/ul>\n    <\/div> \n","protected":false},"excerpt":{"rendered":"<p>\u2022\tA 3\u00aa Turma do TRF6 decidiu, por unanimidade, que a Ag\u00eancia Nacional de Sa\u00fade Suplementar (ANS) pode continuar cobrando valores devidos por planos de sa\u00fade ao Sistema \u00danico de Sa\u00fade (SUS).<br \/>\n\u2022\tA decis\u00e3o reconhece que o prazo prescricional \u00e9 de 5 anos, seguindo a regra aplicada \u00e0 Fazenda P\u00fablica, e n\u00e3o de 3 anos, como alegavam as operadoras.<br \/>\n\u2022\tO relator, desembargador federal Dolzany da Costa, destacou que o ressarcimento ao SUS, previsto na Lei 9.656\/98, tem car\u00e1ter indenizat\u00f3rio e busca evitar o enriquecimento il\u00edcito do setor privado.<br \/>\n\u2022\tCom isso, a cobran\u00e7a referente a despesas de interna\u00e7\u00f5es hospitalares realizadas em 2005 poder\u00e1 prosseguir na Justi\u00e7a de Primeira Inst\u00e2ncia.<\/p>\n","protected":false},"author":5,"featured_media":0,"comment_status":"open","ping_status":"open","sticky":false,"template":"","format":"standard","meta":{"postBodyCss":"","postBodyMargin":[],"postBodyPadding":[],"postBodyBackground":{"backgroundType":"classic","gradient":""},"_price":"","_stock":"","_tribe_ticket_header":"","_tribe_default_ticket_provider":"","_tribe_ticket_capacity":"0","_ticket_start_date":"","_ticket_end_date":"","_tribe_ticket_show_description":"","_tribe_ticket_show_not_going":false,"_tribe_ticket_use_global_stock":"","_tribe_ticket_global_stock_level":"","_global_stock_mode":"","_global_stock_cap":"","_tribe_rsvp_for_event":"","_tribe_ticket_going_count":"","_tribe_ticket_not_going_count":"","_tribe_tickets_list":"[]","_tribe_ticket_has_attendee_info_fields":false,"footnotes":""},"categories":[46],"tags":[9046,8696,8698,1383,2992,4449,1124,3224,3284,2287,2685,3061,7247,1043],"class_list":["post-14790","post","type-post","status-publish","format-standard","hentry","category-noticias","tag-3a-turma","tag-agencia-nacional-de-saude-suplementar","tag-ans","tag-cobranca","tag-dividas","tag-planos","tag-planos-de-saude","tag-prejuizo","tag-sistema-unico-de-saude","tag-sus","tag-terceira-turma","tag-trf6","tag-tribunal-regional-federal-da-6a-regiao","tag-unanimidade"],"acf":[],"_links":{"self":[{"href":"https:\/\/sgpsolucoes.com.br\/site\/wp-json\/wp\/v2\/posts\/14790"}],"collection":[{"href":"https:\/\/sgpsolucoes.com.br\/site\/wp-json\/wp\/v2\/posts"}],"about":[{"href":"https:\/\/sgpsolucoes.com.br\/site\/wp-json\/wp\/v2\/types\/post"}],"author":[{"embeddable":true,"href":"https:\/\/sgpsolucoes.com.br\/site\/wp-json\/wp\/v2\/users\/5"}],"replies":[{"embeddable":true,"href":"https:\/\/sgpsolucoes.com.br\/site\/wp-json\/wp\/v2\/comments?post=14790"}],"version-history":[{"count":0,"href":"https:\/\/sgpsolucoes.com.br\/site\/wp-json\/wp\/v2\/posts\/14790\/revisions"}],"wp:attachment":[{"href":"https:\/\/sgpsolucoes.com.br\/site\/wp-json\/wp\/v2\/media?parent=14790"}],"wp:term":[{"taxonomy":"category","embeddable":true,"href":"https:\/\/sgpsolucoes.com.br\/site\/wp-json\/wp\/v2\/categories?post=14790"},{"taxonomy":"post_tag","embeddable":true,"href":"https:\/\/sgpsolucoes.com.br\/site\/wp-json\/wp\/v2\/tags?post=14790"}],"curies":[{"name":"wp","href":"https:\/\/api.w.org\/{rel}","templated":true}]}}