{"id":14800,"date":"2025-09-30T12:51:14","date_gmt":"2025-09-30T15:51:14","guid":{"rendered":"https:\/\/sgpsolucoes.com.br\/site\/?p=14800"},"modified":"2025-09-30T12:51:15","modified_gmt":"2025-09-30T15:51:15","slug":"supremo-mantem-o-numero-de-deputados-federais-para-2026","status":"publish","type":"post","link":"https:\/\/sgpsolucoes.com.br\/site\/supremo-mantem-o-numero-de-deputados-federais-para-2026\/","title":{"rendered":"Supremo mant\u00e9m o n\u00famero de deputados federais para 2026\u00a0"},"content":{"rendered":"<p class=\"has-text-align-center\"><em>Foto: Rosinei Coutinho\/STF<\/em><\/p><p><strong><em>Decis\u00e3o liminar do ministro Fux visa garantir a seguran\u00e7a jur\u00eddica para as elei\u00e7\u00f5es do pr\u00f3ximo ano<\/em><\/strong><\/p><p>O ministro Luiz Fux, do Supremo Tribunal Federal (STF), determinou que o n\u00famero de deputados federais para as elei\u00e7\u00f5es de 2026 permane\u00e7a o mesmo das elei\u00e7\u00f5es de 2022. A decis\u00e3o liminar, na A\u00e7\u00e3o Direta de Inconstitucionalidade por Omiss\u00e3o&nbsp;<strong><a href=\"https:\/\/portal.stf.jus.br\/processos\/detalhe.asp?incidente=5149458\" target=\"_blank\" rel=\"noreferrer noopener\">(ADO) 38<\/a><\/strong>&nbsp;, adia a reforma na distribui\u00e7\u00e3o de cadeiras da C\u00e2mara dos Deputados, em discuss\u00e3o no Congresso Nacional.&nbsp;&nbsp;<\/p><h5 class=\"wp-block-heading\"><strong>Revis\u00e3o de cadeiras na C\u00e2mara<\/strong><strong>&nbsp;<\/strong><\/h5><p>Em agosto de 2023, o STF, ao julgar o m\u00e9rito da ADO 38, declarou a demora do Congresso em editar uma lei complementar para revisar o n\u00famero de deputados, conforme prev\u00ea a Constitui\u00e7\u00e3o. A decis\u00e3o deu prazo de dois anos para que fosse aprovada a lei sobre a distribui\u00e7\u00e3o de cadeiras na C\u00e2mara.&nbsp;&nbsp;&nbsp;&nbsp;<\/p><p>Em junho deste ano, foi aprovada uma lei que fixou em 531 o total de deputados federais a serem eleitos em 2026 e distribuiu novos crit\u00e9rios para a distribui\u00e7\u00e3o das vagas. No entanto, o texto foi integralmente vetado pelo presidente da Rep\u00fablica, Luiz In\u00e1cio Lula da Silva, em julho.&nbsp;&nbsp;<\/p><h5 class=\"wp-block-heading\"><strong>Anualidade eleitoral<\/strong><\/h5><p>Por esse motivo, o presidente do Congresso, senador Davi Alcolumbre, pediu que o STF reconhe\u00e7a que o Legislativo cumpriu a decis\u00e3o na ADO 38 e que seja suspenso para as elei\u00e7\u00f5es de 2026 o mesmo n\u00famero de vagas na C\u00e2mara dos Deputados. O objetivo \u00e9 garantir a seguran\u00e7a jur\u00eddica e o princ\u00edpio da anualidade eleitoral, o que exige que as regras das elei\u00e7\u00f5es sejam definidas com um ano de anteced\u00eancia. Em 2026, o primeiro turno das elei\u00e7\u00f5es ser\u00e1 realizado em 4 de outubro.&nbsp;&nbsp;<\/p><p>Na liminar, o ministro Fux sugeriu que, como o veto ainda n\u00e3o foi apreciado pelo Congresso, o processo legislativo permanece inconclusivo. Ele explicou que, diante da proximidade das elei\u00e7\u00f5es de 2026 e da necessidade de seguran\u00e7a jur\u00eddica e de respeito ao princ\u00edpio da anualidade eleitoral, \u00e9 necess\u00e1rio suspender os efeitos da decis\u00e3o original do STF at\u00e9 que o processo legislativo seja conclu\u00eddo. Isso permitir\u00e1 que seu resultado seja aplicado, \u201ccom seguran\u00e7a e claramente\u201d, a partir das elei\u00e7\u00f5es de 2030.&nbsp;&nbsp;<\/p><p>Com isso, a composi\u00e7\u00e3o da C\u00e2mara dos Deputados continua a mesma de 2022, com a atual proporcionalidade de representa\u00e7\u00e3o entre os estados.&nbsp;<\/p><p>Para que a delibera\u00e7\u00e3o do STF seja conclu\u00edda antes da incid\u00eancia do prazo da anualidade eleitoral, o relator solicitou \u00e0 Presid\u00eancia do STF a realiza\u00e7\u00e3o da sess\u00e3o virtual extraordin\u00e1ria do Plen\u00e1rio, para referendo da liminar.&nbsp;&nbsp;<\/p><p>Leia a&nbsp;<strong><a href=\"https:\/\/portal.stf.jus.br\/processos\/downloadPeca.asp?id=15380713197&amp;ext=.pdf\" target=\"_blank\" rel=\"noreferrer noopener\">\u00edntegra da decis\u00e3o<\/a><\/strong>&nbsp;.&nbsp;&nbsp;<\/p><p><em>(Pedro Rocha\/AS\/\/CF)&nbsp;&nbsp;<\/em><\/p><p><strong>Fonte: STF<\/strong><\/p>\n    <div class=\"xs_social_share_widget xs_share_url after_content \t\tmain_content  wslu-style-1 wslu-share-box-shaped wslu-fill-colored wslu-none wslu-share-horizontal wslu-theme-font-no wslu-main_content\">\n\n\t\t\n        <ul>\n\t\t\t        <\/ul>\n    <\/div> \n","protected":false},"excerpt":{"rendered":"<p>O ministro Luiz Fux, do Supremo Tribunal Federal (STF), determinou que o n\u00famero de deputados federais para as elei\u00e7\u00f5es de 2026 permane\u00e7a o mesmo das elei\u00e7\u00f5es de 2022. A decis\u00e3o liminar, na A\u00e7\u00e3o Direta de Inconstitucionalidade por Omiss\u00e3o\u00a0(ADO) 38\u00a0, adia a reforma na distribui\u00e7\u00e3o de cadeiras da C\u00e2mara dos Deputados, em discuss\u00e3o no Congresso Nacional.\u00a0\u00a0<\/p>\n","protected":false},"author":5,"featured_media":0,"comment_status":"open","ping_status":"open","sticky":false,"template":"","format":"standard","meta":{"postBodyCss":"","postBodyMargin":[],"postBodyPadding":[],"postBodyBackground":{"backgroundType":"classic","gradient":""},"_price":"","_stock":"","_tribe_ticket_header":"","_tribe_default_ticket_provider":"","_tribe_ticket_capacity":"0","_ticket_start_date":"","_ticket_end_date":"","_tribe_ticket_show_description":"","_tribe_ticket_show_not_going":false,"_tribe_ticket_use_global_stock":"","_tribe_ticket_global_stock_level":"","_global_stock_mode":"","_global_stock_cap":"","_tribe_rsvp_for_event":"","_tribe_ticket_going_count":"","_tribe_ticket_not_going_count":"","_tribe_tickets_list":"[]","_tribe_ticket_has_attendee_info_fields":false,"footnotes":""},"categories":[46],"tags":[15944,9336,15949,1457,3893,3790,5418,15947,15946,15945,11264,15943,15948,550,347,1778,348],"class_list":["post-14800","post","type-post","status-publish","format-standard","hentry","category-noticias","tag-15944","tag-acao-direta-de-inconstitucionalidade-por-omissao","tag-ado-38","tag-camara-dos-deputados","tag-congresso-nacional","tag-decisao-liminar","tag-deputados-federais","tag-eleicoes-de-2022","tag-eleicoes-de-2026","tag-ministro-fux","tag-ministro-luiz-fux","tag-numero-de-deputados-federais","tag-reforma-na-distribuicao-de-cadeiras","tag-seguranca-juridica","tag-stf","tag-supremo","tag-supremo-tribunal-federal"],"acf":[],"_links":{"self":[{"href":"https:\/\/sgpsolucoes.com.br\/site\/wp-json\/wp\/v2\/posts\/14800"}],"collection":[{"href":"https:\/\/sgpsolucoes.com.br\/site\/wp-json\/wp\/v2\/posts"}],"about":[{"href":"https:\/\/sgpsolucoes.com.br\/site\/wp-json\/wp\/v2\/types\/post"}],"author":[{"embeddable":true,"href":"https:\/\/sgpsolucoes.com.br\/site\/wp-json\/wp\/v2\/users\/5"}],"replies":[{"embeddable":true,"href":"https:\/\/sgpsolucoes.com.br\/site\/wp-json\/wp\/v2\/comments?post=14800"}],"version-history":[{"count":0,"href":"https:\/\/sgpsolucoes.com.br\/site\/wp-json\/wp\/v2\/posts\/14800\/revisions"}],"wp:attachment":[{"href":"https:\/\/sgpsolucoes.com.br\/site\/wp-json\/wp\/v2\/media?parent=14800"}],"wp:term":[{"taxonomy":"category","embeddable":true,"href":"https:\/\/sgpsolucoes.com.br\/site\/wp-json\/wp\/v2\/categories?post=14800"},{"taxonomy":"post_tag","embeddable":true,"href":"https:\/\/sgpsolucoes.com.br\/site\/wp-json\/wp\/v2\/tags?post=14800"}],"curies":[{"name":"wp","href":"https:\/\/api.w.org\/{rel}","templated":true}]}}