{"id":14833,"date":"2025-09-30T13:35:43","date_gmt":"2025-09-30T16:35:43","guid":{"rendered":"https:\/\/sgpsolucoes.com.br\/site\/?p=14833"},"modified":"2025-09-30T13:35:44","modified_gmt":"2025-09-30T16:35:44","slug":"apos-recurso-tce-es-revoga-medida-cautelar-que-determinou-suspensao-de-ata-de-registro-de-precos","status":"publish","type":"post","link":"https:\/\/sgpsolucoes.com.br\/site\/apos-recurso-tce-es-revoga-medida-cautelar-que-determinou-suspensao-de-ata-de-registro-de-precos\/","title":{"rendered":"Ap\u00f3s recurso, TCE-ES revoga medida cautelar que determinou suspens\u00e3o de ata de registro de pre\u00e7os"},"content":{"rendered":"<p>Os conselheiros do&nbsp;<mark>Tribunal de Contas do Estado do Esp\u00edrito Santo (TCE-ES)<\/mark>&nbsp;revogaram uma medida cautelar que determinava a suspens\u00e3o de uma ata de registro de pre\u00e7os do&nbsp;<strong>munic\u00edpio de Ecoporanga<\/strong>. A ata tem o objetivo de contratar empresa para a execu\u00e7\u00e3o e manuten\u00e7\u00e3o de vias, ciclovias, pra\u00e7as e espa\u00e7os p\u00fablicos na cidade.&nbsp;<\/p><p>Na ocasi\u00e3o, os conselheiros avaliaram que a ades\u00e3o \u00e0 ata teria sido posterior \u00e0 vig\u00eancia da ata de registro. No entanto, segundo o conselheiro Carlos Ranna, relator do recurso, a an\u00e1lise mostra que o documento ainda estava v\u00e1lido.&nbsp;<\/p><p>\u201cA medida cautelar foi concedida porque esta Corte entendeu que a Ata de Registro de Pre\u00e7os n\u00ba 012\/2024 n\u00e3o estava v\u00e1lida em 6 de fevereiro de 2025. Todavia, mediante a an\u00e1lise feita, nota-se que a ata estava v\u00e1lida em 6 de fevereiro de 2025 e, por consequ\u00eancia, a tese jur\u00eddica que sustenta a concess\u00e3o da medida cautelar n\u00e3o \u00e9 plaus\u00edvel e n\u00e3o foi configurado o risco de dano irrepar\u00e1vel ou de dif\u00edcil repara\u00e7\u00e3o necess\u00e1rios \u00e0 concess\u00e3o da medida cautelar\u201d, apresentou Ranna em seu voto.&nbsp;<\/p><p>A assinatura foi feita no \u00faltimo dia do prazo de vig\u00eancia e o relator apresentou entendimento do Tribunal dizendo que isso era poss\u00edvel. \u201c\u00c9 poss\u00edvel pactuar no \u00faltimo dia do prazo de vig\u00eancia de uma ata de registro de pre\u00e7os um contrato de servi\u00e7os cont\u00ednuo. Assim sendo, n\u00e3o h\u00e1 veda\u00e7\u00e3o em celebrar um contrato, com base em uma ata de registro de pre\u00e7o no \u00faltimo de dia do vencimento da referida ata, podendo vigorar o contrato pelo prazo nele estabelecido e juridicamente poss\u00edvel\u201d, destacou.&nbsp;<\/p><p>O entendimento do relator foi seguido por todos os conselheiros na sess\u00e3o plen\u00e1ria realizada no dia 23. Dessa forma, fica revogada a cautelar que determinou a suspens\u00e3o da ata de registro de pre\u00e7os em Ecoporanga.&nbsp;<\/p><p><em>Entenda: medida cautelar\u202f\u202f<\/em>&nbsp;<\/p><p><em>Tem a finalidade de, emergencialmente, prevenir, conservar, proteger ou assegurar direitos, por haver fundado receio de grave ofensa ao interesse p\u00fablico ou de inefic\u00e1cia das decis\u00f5es do tribunal.&nbsp;\u202f\u202f<\/em>&nbsp;<\/p><p><em>A medida cautelar poder\u00e1 ser concedida no in\u00edcio ou no decorrer do processo, podendo a decis\u00e3o ser revista a qualquer tempo por essa Corte de Contas.&nbsp;\u202f\u202f<\/em>&nbsp;<\/p><p><em>A cautelar n\u00e3o indica julgamento terminativo do m\u00e9rito, ou seja, n\u00e3o \u00e9 poss\u00edvel atribuir valor \u00e9tico e formal \u00e0 conduta do agente a partir desta decis\u00e3o.&nbsp;\u202f\u202f<\/em>&nbsp;<\/p><p><strong><a href=\"https:\/\/www.tcees.tc.br\/consultas\/processo\/detalhar-processo?numero=3848&amp;ano=2025&amp;key=82d73d00eb1571be900909a0253ee1eb24d2db3fc4db7fb01c41ac05ec8958f07add3fbe1d70bb1b9b5f1daa40fb8c9b6cd02d2090a0e0e47d56d21ffb38bff5\" target=\"_blank\" rel=\"noreferrer noopener\">Processo TC 3848\/2025<\/a><\/strong><\/p><figure class=\"wp-block-table\"><table class=\"has-fixed-layout\"><tbody><tr><td><strong>Resumo em t\u00f3picos<\/strong> <br><br><strong>Cautelar revogada<\/strong>: O TCE-ES anulou a medida cautelar que suspendia a ata de registro de pre\u00e7os de Ecoporanga, destinada \u00e0 contrata\u00e7\u00e3o de servi\u00e7os urbanos.<br><br><strong>Validade confirmada<\/strong>: O conselheiro Carlos\u00a0Ranna\u00a0afirmou que a ata estava v\u00e1lida em 6 de fevereiro de 2025, contrariando o entendimento anterior da Corte.<br><br><strong>Assinatura v\u00e1lida<\/strong>: O contrato foi firmado no \u00faltimo dia de vig\u00eancia da ata, o que \u00e9 juridicamente permitido segundo entendimento do Tribunal.<\/td><\/tr><\/tbody><\/table><\/figure><p><strong>Fonte<\/strong><strong>:<\/strong><strong> <\/strong><strong>TCE-ES<\/strong><\/p>\n    <div class=\"xs_social_share_widget xs_share_url after_content \t\tmain_content  wslu-style-1 wslu-share-box-shaped wslu-fill-colored wslu-none wslu-share-horizontal wslu-theme-font-no wslu-main_content\">\n\n\t\t\n        <ul>\n\t\t\t        <\/ul>\n    <\/div> \n","protected":false},"excerpt":{"rendered":"<p>Os conselheiros do\u00a0Tribunal de Contas do Estado do Esp\u00edrito Santo (TCE-ES)\u00a0revogaram uma medida cautelar que determinava a suspens\u00e3o de uma ata de registro de pre\u00e7os do\u00a0munic\u00edpio de Ecoporanga. A ata tem o objetivo de contratar empresa para a execu\u00e7\u00e3o e manuten\u00e7\u00e3o de vias, ciclovias, pra\u00e7as e espa\u00e7os p\u00fablicos na cidade.\u00a0<\/p>\n","protected":false},"author":5,"featured_media":0,"comment_status":"open","ping_status":"open","sticky":false,"template":"","format":"standard","meta":{"postBodyCss":"","postBodyMargin":[],"postBodyPadding":[],"postBodyBackground":{"backgroundType":"classic","gradient":""},"_price":"","_stock":"","_tribe_ticket_header":"","_tribe_default_ticket_provider":"","_tribe_ticket_capacity":"0","_ticket_start_date":"","_ticket_end_date":"","_tribe_ticket_show_description":"","_tribe_ticket_show_not_going":false,"_tribe_ticket_use_global_stock":"","_tribe_ticket_global_stock_level":"","_global_stock_mode":"","_global_stock_cap":"","_tribe_rsvp_for_event":"","_tribe_ticket_going_count":"","_tribe_ticket_not_going_count":"","_tribe_tickets_list":"[]","_tribe_ticket_has_attendee_info_fields":false,"footnotes":""},"categories":[46],"tags":[3416,3100,124,15983,7956,9354,5169,15984,4614,2796,2473,1211,1394,15982,5708,2303,14191,3117,4702,4707,9352,4385],"class_list":["post-14833","post","type-post","status-publish","format-standard","hentry","category-noticias","tag-adesao-2","tag-assinatura","tag-ata","tag-ata-de-registro","tag-ata-de-registro-de-precos-2","tag-ciclovias","tag-cidade","tag-conselheiro-carlos-ranna","tag-conselheiros","tag-espacos-publicos","tag-execucao","tag-manutencao","tag-medida-cautelar","tag-municipio-de-ecoporanga","tag-pracas","tag-recurso","tag-revoga","tag-suspensao","tag-tce-es","tag-tribunal-de-contas-do-estado-do-espirito-santo","tag-vias","tag-vigencia"],"acf":[],"_links":{"self":[{"href":"https:\/\/sgpsolucoes.com.br\/site\/wp-json\/wp\/v2\/posts\/14833"}],"collection":[{"href":"https:\/\/sgpsolucoes.com.br\/site\/wp-json\/wp\/v2\/posts"}],"about":[{"href":"https:\/\/sgpsolucoes.com.br\/site\/wp-json\/wp\/v2\/types\/post"}],"author":[{"embeddable":true,"href":"https:\/\/sgpsolucoes.com.br\/site\/wp-json\/wp\/v2\/users\/5"}],"replies":[{"embeddable":true,"href":"https:\/\/sgpsolucoes.com.br\/site\/wp-json\/wp\/v2\/comments?post=14833"}],"version-history":[{"count":0,"href":"https:\/\/sgpsolucoes.com.br\/site\/wp-json\/wp\/v2\/posts\/14833\/revisions"}],"wp:attachment":[{"href":"https:\/\/sgpsolucoes.com.br\/site\/wp-json\/wp\/v2\/media?parent=14833"}],"wp:term":[{"taxonomy":"category","embeddable":true,"href":"https:\/\/sgpsolucoes.com.br\/site\/wp-json\/wp\/v2\/categories?post=14833"},{"taxonomy":"post_tag","embeddable":true,"href":"https:\/\/sgpsolucoes.com.br\/site\/wp-json\/wp\/v2\/tags?post=14833"}],"curies":[{"name":"wp","href":"https:\/\/api.w.org\/{rel}","templated":true}]}}