{"id":14839,"date":"2025-09-30T14:36:36","date_gmt":"2025-09-30T17:36:36","guid":{"rendered":"https:\/\/sgpsolucoes.com.br\/site\/?p=14839"},"modified":"2025-09-30T14:36:37","modified_gmt":"2025-09-30T17:36:37","slug":"tce-mg-divulga-estudo-sobre-licitacoes-e-contratos-com-linguagem-simples-e-visual","status":"publish","type":"post","link":"https:\/\/sgpsolucoes.com.br\/site\/tce-mg-divulga-estudo-sobre-licitacoes-e-contratos-com-linguagem-simples-e-visual\/","title":{"rendered":"TCE-MG divulga estudo sobre Licita\u00e7\u00f5es e Contratos com linguagem simples e visual"},"content":{"rendered":"<p>O Tribunal de Contas do Estado de Minas Gerais (TCEMG) disponibilizou, nesta segunda-feira (29\/9), o resultado de um Estudo Tem\u00e1tico sobre a Nova Lei de Licita\u00e7\u00f5es e Contratos Administrativos. O documento, produzido por meio da Coordenadoria de Sistematiza\u00e7\u00e3o de Delibera\u00e7\u00f5es e Jurisprud\u00eancia da Secretaria do Pleno, traz um compilado atualizado sobre pareceres de consulta nos quatro anos de vig\u00eancia da normativa (Lei n\u00ba 14.133\/2021).<\/p><p>De acordo com a diretora da Secretaria do Pleno, Fl\u00e1via \u00c1vila, o quarto estudo da s\u00e9rie inova ao se apresentar com uma linguagem mais simplificada e comunica\u00e7\u00e3o mais visual. Tudo com o objetivo de facilitar o entendimento por parte de gestoras e gestores, servidoras e servidores, institui\u00e7\u00f5es e entidades que respondem pela gest\u00e3o de bens e recursos p\u00fablicos, justamente o p\u00fablico-alvo das a\u00e7\u00f5es de orienta\u00e7\u00e3o e fiscaliza\u00e7\u00e3o do TCEMG.<\/p><p>&#8220;Estamos muito felizes com os resultados desse trabalho e a gente entende que ele vai trazer bons resultados tamb\u00e9m para a gest\u00e3o p\u00fablica, que \u00e9 uma das diretrizes desta gest\u00e3o. \u00c9 o aprimoramento da governan\u00e7a, a aproxima\u00e7\u00e3o e di\u00e1logo com a sociedade&#8221;, ressaltou Fl\u00e1via, durante a apresenta\u00e7\u00e3o.<\/p><figure class=\"wp-block-image\"><img decoding=\"async\" src=\"https:\/\/www.tce.mg.gov.br\/img\/IMG_8075.JPG\" alt=\"Material \u00e9 direcionado aos jurisdicionados, como parte do papel pedag\u00f3gico do Tribunal - Foto: Vin\u00edcius Dias\/TCEMG\"\/><figcaption class=\"wp-element-caption\"><em>Material \u00e9 direcionado aos jurisdicionados, como parte do papel pedag\u00f3gico do Tribunal &#8211; Foto: Vin\u00edcius Dias\/TCEMG<\/em><\/figcaption><\/figure><p><strong>Na pr\u00e1tica<\/strong><\/p><p>O compilado \u00e9 resultado do estudo de 54 consultas, desde o in\u00edcio de 2021, quando a lei foi publicada, at\u00e9 a data de corte de 12\/8\/2025. Recursos infogr\u00e1ficos, mapas mentais, desenhos e conceitos foram utilizados para auxiliar na compreens\u00e3o do conte\u00fado, preservando os pareceres originais e sem fazer interpreta\u00e7\u00f5es pr\u00f3prias.<\/p><p>&#8220;Selecionamos todos os pareceres de consulta publicados sobre a legisla\u00e7\u00e3o (Lei n\u00ba 14.133\/2021), fizemos um estudo aprofundado, classificamos em temas e, depois, agrupamos em macrotemas para estruturar melhor o trabalho&#8221;, explicou a coordenadora de Sistematiza\u00e7\u00e3o de Delibera\u00e7\u00f5es e Jurisprud\u00eancia, Gabriela Guerra.<\/p><p>Segundo ela, o objetivo da equipe foi chegar a uma vers\u00e3o mais objetiva, pedag\u00f3gica e acess\u00edvel do conte\u00fado, que fosse diretamente ao ponto, mostrando exatamente o que mudou.<\/p><p>&#8220;Tivemos um trabalho muito cuidadoso, de transformar uma muralha de texto em um potencial para recursos visuais. O que a gente quer, aqui, \u00e9 estreitar pontes, diminuir dist\u00e2ncias entre o que se fala e o que se compreende, entre o que se escreve e o que se l\u00ea&#8221;, pontuou. &#8220;A gente deseja que esse trabalho percorra as veredas de Minas Gerais e fa\u00e7a florescer conhecimento&#8221;, acrescentou Gabriela.<\/p><p>Inclusive, de acordo com a diretora da Secretaria do Pleno, Fl\u00e1via \u00c1vila, a expans\u00e3o desse conhecimento j\u00e1 tem um voo programado.<\/p><p>&#8220;[<em>A Nova Lei de Licita\u00e7\u00f5es e Contratos Administrativos<\/em>] \u00e9 uma demanda que tem gerado expectativa nos jurisdicionados. A partir de agora, nossa ideia \u00e9 que o estudo esteja bem presente nos Encontros T\u00e9cnicos TCEMG e os Munic\u00edpios&#8221;, ressaltou Fl\u00e1via.<\/p><figure class=\"wp-block-image\"><img decoding=\"async\" src=\"https:\/\/www.tce.mg.gov.br\/img\/IMG_8057.JPG\" alt=\"Trabalho busca reduzir dist\u00e2ncias e aproximar o Tribunal das administra\u00e7\u00f5es p\u00fablicas - Foto: Vin\u00edcius Dias\/TCEMG\"\/><figcaption class=\"wp-element-caption\"><em>Trabalho busca reduzir dist\u00e2ncias e aproximar o Tribunal das administra\u00e7\u00f5es p\u00fablicas &#8211; Foto: Vin\u00edcius Dias\/TCEMG<\/em><\/figcaption><\/figure><p><strong>Potencial destacado<br><br><\/strong>&#8220;Este trabalho \u00e9 muito importante porque nos ajuda a unificar a compreens\u00e3o. Um \u00f3rg\u00e3o de controle tem que ter princ\u00edpios de interpreta\u00e7\u00e3o de toda uma estrutura jur\u00eddica, que seja um pouco mais comum. Isso d\u00e1 seguran\u00e7a jur\u00eddica ao nosso jurisdicionado e fortalece tamb\u00e9m as nossas decis\u00f5es&#8221;, avaliou o presidente do TCEMG, conselheiro Durval \u00c2ngelo.<\/p><p>Tamb\u00e9m presente, o procurador-geral do Minist\u00e9rio P\u00fablico de Contas (MPC), Marc\u00edlio Barenco, destacou a qualidade do trabalho desenvolvido. &#8220;O grande exemplo \u00e9 demonstrar o papel pedag\u00f3gico preventivo do Tribunal &#8211; e ele est\u00e1 espelhado neste trabalho&#8221;, afirmou. Ele tamb\u00e9m real\u00e7ou a &#8220;quebra da barreira da linguagem do tecnicista para uma maneira l\u00fadica de demonstrar o cumprimento das regras em geral&#8221;.<\/p><p>Na sequ\u00eancia, a procuradora do MPC, Sara Meinberg, citou a import\u00e2ncia pedag\u00f3gica e orientativa do Tribunal refletida em mais um produto desenvolvido pela Corte de Contas.<\/p><p>&#8220;Achei que a escolha do tema foi fant\u00e1stica, que \u00e9 um tema t\u00e3o pujante e que a gente est\u00e1 precisando tratar no nosso dia a dia&#8221;, parabenizou. &#8220;Quando os juristas se deparam com uma consulta que \u00e9 uma orienta\u00e7\u00e3o firme, que eles t\u00eam seguran\u00e7a de que podem seguir, \u00e9 um alento. E voc\u00eas oferecem isso de forma t\u00e3o f\u00e1cil, com linguagem simples, em um produto muito bonito&#8221;, disse Sara.<\/p><p>Em seguida, o conselheiro em exerc\u00edcio Adonias Monteiro agradeceu a toda a equipe pelo excelente trabalho realizado. &#8220;A gente sabe da realidade dos nossos gestores, principalmente quando se inicia uma gest\u00e3o de quatro em quatro anos. Muitas vezes, as equipes que v\u00e3o lidar com licita\u00e7\u00f5es n\u00e3o s\u00e3o experts, alguns est\u00e3o come\u00e7ando a aprender sobre isso ao se iniciar uma nova gest\u00e3o&#8221;, contextualizou. &#8220;\u00c9 um tema que ainda causa d\u00favidas&#8221;, ponderou.<\/p><p>Elaborar um consolidado sobre licita\u00e7\u00f5es e contratos foi uma medida adotada, de acordo com o diretor-geral do TCEMG, Gustavo Vidigal, para amenizar a ansiedade e a ang\u00fastia que h\u00e1 dos jurisdicionados em rela\u00e7\u00e3o a esse material.<\/p><p>&#8220;Este trabalho tem que continuar e tamb\u00e9m temos de produzir outros. Tenho convic\u00e7\u00e3o de que vai ser um produto amplamente utilizado pelos munic\u00edpios, pelas gestoras e gestores&#8221;, refor\u00e7ou Vidigal.<\/p><p>Tamb\u00e9m participaram da reuni\u00e3o representantes dos gabinetes da procuradora do MPC Maria Cec\u00edlia Borges, e dos conselheiros Licurgo Mour\u00e3o e Telmo Passareli; da Escola de Contas; entre outros.<\/p><figure class=\"wp-block-image\"><img decoding=\"async\" src=\"https:\/\/www.tce.mg.gov.br\/img\/IMG_8107.JPG\" alt=\"Durval \u00c2ngelo destacou a prioridade de servir a sociedade, com transpar\u00eancia e resultados - Foto: Vin\u00edcius Dias\/TCEMG\"\/><figcaption class=\"wp-element-caption\"><em>Durval Angelo destacou a prioridade de servir a sociedade, com transpar\u00eancia e resultados &#8211; Foto: Vin\u00edcius Dias\/TCEMG<\/em><\/figcaption><\/figure><p>&nbsp;&nbsp;<strong>Produtos informativos<\/strong><\/p><p>O Estudo T\u00e9cnico \u00e9 um dos tr\u00eas produtos criados pela coordenadoria voltados para o p\u00fablico externo. Os outros dois s\u00e3o o Informativo de Jurisprud\u00eancia e o Descomplica Juris que, juntos, somam 16 mil pessoas cadastradas para receber os conte\u00fados.<strong><a href=\"http:\/\/www.tce.mg.gov.br\/IMG\/Estudo_Tematico_Agosto_2025____II.pdf\" target=\"_blank\" rel=\"noreferrer noopener\"><\/a><\/strong><\/p><div class=\"wp-block-media-text has-media-on-the-right is-stacked-on-mobile\" style=\"grid-template-columns:auto 23%\"><div class=\"wp-block-media-text__content\"><p>Al\u00e9m deste documento focado nas Licita\u00e7\u00f5es e Contratos, outras tr\u00eas edi\u00e7\u00f5es do estudo j\u00e1 foram divulgadas, com os temas &#8220;Recupera\u00e7\u00e3o Judicial&#8221;, &#8220;Repasse de duod\u00e9cimo ao Legislativo&#8221; e &#8220;Terceiriza\u00e7\u00e3o na Administra\u00e7\u00e3o P\u00fablica&#8221;.<\/p>\n\n<p>&#8220;N\u00e3o adianta produzirmos somente para o p\u00fablico interno. Temos que entregar para os jurisdicionados, para que eles possam consultar, se informar e saber como caminhar&#8221;, enfatizou o conselheiro-presidente Durval \u00c2ngelo. &#8220;Isso \u00e9 a nossa perspectiva de transpar\u00eancia e de servir a sociedade&#8221;, complementou.<\/p><\/div><figure class=\"wp-block-media-text__media\"><img decoding=\"async\" width=\"175\" height=\"176\" src=\"https:\/\/sgpsolucoes.com.br\/site\/wp-content\/uploads\/2025\/09\/image-6.png\" alt=\"\" class=\"wp-image-14841 size-full\" srcset=\"https:\/\/sgpsolucoes.com.br\/site\/wp-content\/uploads\/2025\/09\/image-6.png 175w, https:\/\/sgpsolucoes.com.br\/site\/wp-content\/uploads\/2025\/09\/image-6-150x150.png 150w, https:\/\/sgpsolucoes.com.br\/site\/wp-content\/uploads\/2025\/09\/image-6-100x100.png 100w\" sizes=\"(max-width: 175px) 100vw, 175px\" \/><\/figure><\/div><p>O Estudo T\u00e9cnico sobre a Nova Lei de Licita\u00e7\u00f5es e Contratos Administrativos pode ser acessado, na \u00edntegra, por meio&nbsp;<a href=\"http:\/\/www.tce.mg.gov.br\/IMG\/Estudo_Tematico_Agosto_2025____II.pdf\" target=\"_blank\" rel=\"noreferrer noopener\">deste link<\/a>. O QR Code tamb\u00e9m direciona diretamente para o documento. A atualiza\u00e7\u00e3o, de acordo com a Secretaria do Pleno, ser\u00e1 anual.&nbsp;<\/p><p><strong>Fonte: TCE-MG<\/strong><\/p>\n    <div class=\"xs_social_share_widget xs_share_url after_content \t\tmain_content  wslu-style-1 wslu-share-box-shaped wslu-fill-colored wslu-none wslu-share-horizontal wslu-theme-font-no wslu-main_content\">\n\n\t\t\n        <ul>\n\t\t\t        <\/ul>\n    <\/div> \n","protected":false},"excerpt":{"rendered":"<p>O Tribunal de Contas do Estado de Minas Gerais (TCEMG) disponibilizou, nesta segunda-feira (29\/9), o resultado de um Estudo Tem\u00e1tico sobre a Nova Lei de Licita\u00e7\u00f5es e Contratos Administrativos. O documento, produzido por meio da Coordenadoria de Sistematiza\u00e7\u00e3o de Delibera\u00e7\u00f5es e Jurisprud\u00eancia da Secretaria do Pleno, traz um compilado atualizado sobre pareceres de consulta nos quatro anos de vig\u00eancia da normativa (Lei n\u00ba 14.133\/2021).<\/p>\n","protected":false},"author":5,"featured_media":0,"comment_status":"open","ping_status":"open","sticky":false,"template":"","format":"standard","meta":{"postBodyCss":"","postBodyMargin":[],"postBodyPadding":[],"postBodyBackground":{"backgroundType":"classic","gradient":""},"_price":"","_stock":"","_tribe_ticket_header":"","_tribe_default_ticket_provider":"","_tribe_ticket_capacity":"0","_ticket_start_date":"","_ticket_end_date":"","_tribe_ticket_show_description":"","_tribe_ticket_show_not_going":false,"_tribe_ticket_use_global_stock":"","_tribe_ticket_global_stock_level":"","_global_stock_mode":"","_global_stock_cap":"","_tribe_rsvp_for_event":"","_tribe_ticket_going_count":"","_tribe_ticket_not_going_count":"","_tribe_tickets_list":"[]","_tribe_ticket_has_attendee_info_fields":false,"footnotes":""},"categories":[46],"tags":[75,136,15993,10064,4698,15995,298,260,15992,5943,15994,1014,597,1020,15991],"class_list":["post-14839","post","type-post","status-publish","format-standard","hentry","category-noticias","tag-contratos","tag-contratos-administrativos","tag-coordenadoria-de-sistematizacao-de-deliberacoes-e-jurisprudencia-da-secretaria-do-pleno","tag-estudo","tag-estudo-tematico","tag-flavia-avila","tag-lei-no-14-133-2021","tag-licitacoes-3","tag-linguagem-simples","tag-nova-lei-de-licitacoes-e-contratos-administrativos","tag-secretaria-do-pleno","tag-tcemg","tag-tribunal","tag-tribunal-de-contas-do-estado-de-minas-gerais","tag-visual"],"acf":[],"_links":{"self":[{"href":"https:\/\/sgpsolucoes.com.br\/site\/wp-json\/wp\/v2\/posts\/14839"}],"collection":[{"href":"https:\/\/sgpsolucoes.com.br\/site\/wp-json\/wp\/v2\/posts"}],"about":[{"href":"https:\/\/sgpsolucoes.com.br\/site\/wp-json\/wp\/v2\/types\/post"}],"author":[{"embeddable":true,"href":"https:\/\/sgpsolucoes.com.br\/site\/wp-json\/wp\/v2\/users\/5"}],"replies":[{"embeddable":true,"href":"https:\/\/sgpsolucoes.com.br\/site\/wp-json\/wp\/v2\/comments?post=14839"}],"version-history":[{"count":0,"href":"https:\/\/sgpsolucoes.com.br\/site\/wp-json\/wp\/v2\/posts\/14839\/revisions"}],"wp:attachment":[{"href":"https:\/\/sgpsolucoes.com.br\/site\/wp-json\/wp\/v2\/media?parent=14839"}],"wp:term":[{"taxonomy":"category","embeddable":true,"href":"https:\/\/sgpsolucoes.com.br\/site\/wp-json\/wp\/v2\/categories?post=14839"},{"taxonomy":"post_tag","embeddable":true,"href":"https:\/\/sgpsolucoes.com.br\/site\/wp-json\/wp\/v2\/tags?post=14839"}],"curies":[{"name":"wp","href":"https:\/\/api.w.org\/{rel}","templated":true}]}}