{"id":14849,"date":"2025-09-30T15:30:58","date_gmt":"2025-09-30T18:30:58","guid":{"rendered":"https:\/\/sgpsolucoes.com.br\/site\/?p=14849"},"modified":"2025-09-30T15:30:59","modified_gmt":"2025-09-30T18:30:59","slug":"estudo-tecnico-preliminar-de-certame-deve-considerar-as-reais-necessidades-do-licitante","status":"publish","type":"post","link":"https:\/\/sgpsolucoes.com.br\/site\/estudo-tecnico-preliminar-de-certame-deve-considerar-as-reais-necessidades-do-licitante\/","title":{"rendered":"Estudo T\u00e9cnico Preliminar de certame deve considerar as reais necessidades do licitante"},"content":{"rendered":"<p>O Tribunal de Contas do Estado do Paran\u00e1 (TCE-PR) recomendou ao Cons\u00f3rcio P\u00fablico Intermunicipal de Gest\u00e3o da Amusep (Proamusep) que, em futuras licita\u00e7\u00f5es, elabore Estudo T\u00e9cnico Preliminar (ETP) considerando as reais necessidades da entidade, com a devida justificativa t\u00e9cnica para as especifica\u00e7\u00f5es exigidas para o objeto licitado, incluindo o parcelamento ou n\u00e3o da contrata\u00e7\u00e3o, com vistas \u00e0 economicidade do certame, bem como \u00e0 efetividade da contrata\u00e7\u00e3o.<\/p><p>Os conselheiros tamb\u00e9m recomendaram que o cons\u00f3rcio evite, nas futuras licita\u00e7\u00f5es, a inclus\u00e3o de cl\u00e1usulas incongruentes, com omiss\u00f5es na especifica\u00e7\u00e3o do objeto e na quantifica\u00e7\u00e3o de seus elementos; e que se atente \u00e0 primazia do princ\u00edpio do parcelamento das obras, servi\u00e7os e compras na administra\u00e7\u00e3o, com o intuito de buscar a amplia\u00e7\u00e3o da competi\u00e7\u00e3o e de evitar a concentra\u00e7\u00e3o de mercado.<\/p><p>A decis\u00e3o foi tomada no processo em que os conselheiros julgaram procedente Representa\u00e7\u00e3o da Lei de Licita\u00e7\u00f5es (Lei n\u00ba 14.133\/21) formulada por cidad\u00e3o em face do Preg\u00e3o Eletr\u00f4nico n\u00ba 18\/23 do Proamusep, que teve como objeto a contrata\u00e7\u00e3o de empresa especializada para fornecimento de licen\u00e7a de sistema integrado de gest\u00e3o educacional com implanta\u00e7\u00e3o, treinamento e suporte, hospedagem em&nbsp;<em>datacenter<\/em>, fornecimento de equipamento embarcado e integra\u00e7\u00e3o com sistemas.<\/p><p>Inclusive, o Tribunal j\u00e1 havia julgado procedente outra Representa\u00e7\u00e3o em face do Preg\u00e3o Eletr\u00f4nico n\u00ba 18\/23 do Proamusep, em raz\u00e3o de outras irregularidades que n\u00e3o foram tratadas nesse novo processo.<\/p><p>O autor da Representa\u00e7\u00e3o apontou que o cons\u00f3rcio omitira a quantidade de servidores a serem capacitados no item 3 licitado, dificultando a forma\u00e7\u00e3o da proposta de pre\u00e7o; e aglutinara itens de forma injustificada, ocasionando preju\u00edzo \u00e0 competitividade.<\/p><p>O TCE-PR considerou que houve diversas incongru\u00eancias e omiss\u00f5es na especifica\u00e7\u00e3o do objeto da licita\u00e7\u00e3o e na quantifica\u00e7\u00e3o de seus elementos, que seriam consequ\u00eancias de falhas no planejamento da licita\u00e7\u00e3o; e que a aglutina\u00e7\u00e3o de cinco itens em lote \u00fanico comprometeu a competitividade do certame.<\/p><p><strong>Decis\u00e3o<\/strong><\/p><p>Ao fundamentar seu voto, o relator do processo, conselheiro Fernando Guimar\u00e3es, concordou com a ent\u00e3o Coordenadoria de Gest\u00e3o Municipal (CGM) do TCE-PR e com o Minist\u00e9rio P\u00fablico de Contas do Paran\u00e1 (MPC-PR), que opinaram pela expedi\u00e7\u00e3o de recomenda\u00e7\u00f5es ao cons\u00f3rcio.<\/p><p>Guimar\u00e3es ressaltou que ficou evidente a aus\u00eancia do ETP, documento que identifica o problema a ser resolvido &#8211; caracterizando o interesse p\u00fablico &#8211; e sua melhor solu\u00e7\u00e3o; e que permite a avalia\u00e7\u00e3o da viabilidade t\u00e9cnica e econ\u00f4mica da contrata\u00e7\u00e3o, servindo de base para a elabora\u00e7\u00e3o do Termo de Refer\u00eancia, do Projeto B\u00e1sico ou do Anteprojeto, caso se conclua pela viabilidade da contrata\u00e7\u00e3o, de acordo com as disposi\u00e7\u00f5es dos artigos 6\u00ba, inciso XX, e 18, inciso X e par\u00e1grafo 1\u00ba, da Lei 14.133\/21.<\/p><p>O conselheiro afirmou que o Termo de Refer\u00eancia n\u00e3o justificou a escolha da forma\u00e7\u00e3o de um \u00fanico lote a ser licitado. Ele explicou que a administra\u00e7\u00e3o p\u00fablica deve observ\u00e2ncia ao princ\u00edpio do parcelamento das compras e servi\u00e7os licitados, que consiste em dividir a solu\u00e7\u00e3o em itens ou os itens em lotes, em que cada parte ser\u00e1 um objeto de licita\u00e7\u00e3o aut\u00f4nomo, a ser, portanto, licitado ou adjudicado separadamente.<\/p><p>O relator enfatizou que a Lei n\u00ba 14.133\/2021 prev\u00ea a necessidade do parcelamento quando houver viabilidade t\u00e9cnica, no caso de objetos que n\u00e3o configuram sistema \u00fanico e integrado, ou quando n\u00e3o houver a possibilidade de risco ao conjunto do objeto pretendido, conforme previsto no artigo 47, inciso II e par\u00e1grafo 1\u00ba.<\/p><p>Os conselheiros aprovaram por maioria absoluta o voto do relator, ap\u00f3s a apresenta\u00e7\u00e3o de voto divergente pelo conselheiro Maur\u00edcio Requi\u00e3o no julgamento do processo, ocorrido na Sess\u00e3o de Plen\u00e1rio Virtual n\u00ba 16\/25 do Tribunal Pleno do TCE-PR, conclu\u00edda em 28 de agosto. A decis\u00e3o, contra a qual cabe recurso, est\u00e1 expressa no Ac\u00f3rd\u00e3o n\u00ba 2364\/25 &#8211; Tribunal Pleno, disponibilizado em 24 de setembro, na&nbsp;<a href=\"https:\/\/www1.tce.pr.gov.br\/multimidia\/2025\/9\/pdf\/00397891.pdf\">edi\u00e7\u00e3o 3.533 do&nbsp;Di\u00e1rio Eletr\u00f4nico&nbsp;do TCE-PR (DETC)<\/a>.<\/p><p><strong>Obras e servi\u00e7os de engenharia<\/strong><\/p><p>Para orientar os gestores e servidores p\u00fablicos, o TCE-PR publicou a&nbsp;<em><a href=\"https:\/\/www1.tce.pr.gov.br\/multimidia\/2025\/6\/pdf\/00395585.pdf\">Cartilha de Obras e Servi\u00e7os de Engenharia &#8211; Estudo T\u00e9cnico Preliminar<\/a>.&nbsp;<\/em>Elaborado pela Coordenadoria de Obras P\u00fablicas do Tribunal, com apoio do Conselho Regional de Engenharia e Agronomia do Paran\u00e1 (Crea-PR), o documento est\u00e1 dispon\u00edvel no portal do TCE-PR na internet.<\/p><p>A cartilha detalha as exig\u00eancias da Lei 14.133\/2021 na fase preparat\u00f3ria da licita\u00e7\u00e3o. Entre elas est\u00e3o descri\u00e7\u00e3o de necessidade, resultados pretendidos, estimativa de valor, inser\u00e7\u00e3o da obra ou servi\u00e7o de engenharia no Plano de Contrata\u00e7\u00f5es Anual do \u00f3rg\u00e3o p\u00fablico e at\u00e9 a descri\u00e7\u00e3o de seus poss\u00edveis impactos ambientais. Al\u00e9m dos conceitos legais, a cartilha prop\u00f5e boas pr\u00e1ticas a serem adotadas em cada etapa da elabora\u00e7\u00e3o do ETP para obras e servi\u00e7os de engenharia.<\/p><p><strong>Servi\u00e7o<\/strong><\/p><figure class=\"wp-block-table\"><table class=\"has-fixed-layout\"><tbody><tr><td><strong>Processo<\/strong>&nbsp;<strong>n\u00ba<\/strong>:<\/td><td>38313\/24<\/td><\/tr><tr><td><strong>Ac\u00f3rd\u00e3o n\u00ba<\/strong><\/td><td>2364\/25 &#8211; Tribunal Pleno<\/td><\/tr><tr><td><strong>Assunto<\/strong>:<\/td><td>Representa\u00e7\u00e3o da Lei de Licita\u00e7\u00f5es<\/td><\/tr><tr><td><strong>Entidade<\/strong>:<\/td><td>Cons\u00f3rcio P\u00fablico Intermunicipal de Gest\u00e3o da Amusep &#8211; Proamusep<\/td><\/tr><tr><td><strong>Interessados<\/strong>:<\/td><td>Marcondes Ara\u00fajo da Costa e Ren\u00ea Penachio Xavier de S\u00e1<\/td><\/tr><tr><td><strong>Relator<\/strong>:<\/td><td>Conselheiro Fernando Augusto Mello Guimar\u00e3es<\/td><\/tr><\/tbody><\/table><\/figure><p><strong>Fonte:&nbsp;TCE\/PR<\/strong><\/p>\n    <div class=\"xs_social_share_widget xs_share_url after_content \t\tmain_content  wslu-style-1 wslu-share-box-shaped wslu-fill-colored wslu-none wslu-share-horizontal wslu-theme-font-no wslu-main_content\">\n\n\t\t\n        <ul>\n\t\t\t        <\/ul>\n    <\/div> \n","protected":false},"excerpt":{"rendered":"<p>O Tribunal de Contas do Estado do Paran\u00e1 (TCE-PR) recomendou ao Cons\u00f3rcio P\u00fablico Intermunicipal de Gest\u00e3o da Amusep (Proamusep) que, em futuras licita\u00e7\u00f5es, elabore Estudo T\u00e9cnico Preliminar (ETP) considerando as reais necessidades da entidade, com a devida justificativa t\u00e9cnica para as especifica\u00e7\u00f5es exigidas para o objeto licitado, incluindo o parcelamento ou n\u00e3o da contrata\u00e7\u00e3o, com vistas \u00e0 economicidade do certame, bem como \u00e0 efetividade da contrata\u00e7\u00e3o.<\/p>\n","protected":false},"author":5,"featured_media":0,"comment_status":"open","ping_status":"open","sticky":false,"template":"","format":"standard","meta":{"postBodyCss":"","postBodyMargin":[],"postBodyPadding":[],"postBodyBackground":{"backgroundType":"classic","gradient":""},"_price":"","_stock":"","_tribe_ticket_header":"","_tribe_default_ticket_provider":"","_tribe_ticket_capacity":"0","_ticket_start_date":"","_ticket_end_date":"","_tribe_ticket_show_description":"","_tribe_ticket_show_not_going":false,"_tribe_ticket_use_global_stock":"","_tribe_ticket_global_stock_level":"","_global_stock_mode":"","_global_stock_cap":"","_tribe_rsvp_for_event":"","_tribe_ticket_going_count":"","_tribe_ticket_not_going_count":"","_tribe_tickets_list":"[]","_tribe_ticket_has_attendee_info_fields":false,"footnotes":""},"categories":[46],"tags":[375,3941,781,16012,5146,11337,16010,1983,16008,2679,16017,3803,12793,16018,16014,2057,2056,2378,1134,3917,4595,16016,3014,218,159,4512,1295,1115,999,172,16013,2762,499,16011,16009,13555,717,500,16015,10479,354,303,356],"class_list":["post-14849","post","type-post","status-publish","format-standard","hentry","category-noticias","tag-administracao","tag-ampliacao","tag-certame","tag-clausulas-incongruentes","tag-competicao","tag-compras","tag-concentracao","tag-consorcio","tag-consorcio-publico-intermunicipal-de-gestao-da-amusep","tag-contratacao","tag-datacenter","tag-economicidade","tag-efetividade","tag-equipamento-embarcado","tag-especificacao-do-objeto","tag-estudo-tecnico-preliminar","tag-etp","tag-fornecimento","tag-futuras-licitacoes","tag-hospedagem","tag-implantacao","tag-integracao-com-sistemas","tag-justificativa-tecnica","tag-lei-de-licitacoes","tag-lei-no-14-133-21","tag-licenca","tag-licitante","tag-mercado","tag-objeto-licitado","tag-obras","tag-omissoes","tag-parcelamento","tag-pregao-eletronico","tag-principio-do-parcelamento","tag-proamusep","tag-quantificacao","tag-representacao","tag-servicos-2","tag-sistema-integrado-de-gestao-educacional","tag-suporte","tag-tce-pr","tag-treinamento","tag-tribunal-de-contas-do-estado-do-parana"],"acf":[],"_links":{"self":[{"href":"https:\/\/sgpsolucoes.com.br\/site\/wp-json\/wp\/v2\/posts\/14849"}],"collection":[{"href":"https:\/\/sgpsolucoes.com.br\/site\/wp-json\/wp\/v2\/posts"}],"about":[{"href":"https:\/\/sgpsolucoes.com.br\/site\/wp-json\/wp\/v2\/types\/post"}],"author":[{"embeddable":true,"href":"https:\/\/sgpsolucoes.com.br\/site\/wp-json\/wp\/v2\/users\/5"}],"replies":[{"embeddable":true,"href":"https:\/\/sgpsolucoes.com.br\/site\/wp-json\/wp\/v2\/comments?post=14849"}],"version-history":[{"count":0,"href":"https:\/\/sgpsolucoes.com.br\/site\/wp-json\/wp\/v2\/posts\/14849\/revisions"}],"wp:attachment":[{"href":"https:\/\/sgpsolucoes.com.br\/site\/wp-json\/wp\/v2\/media?parent=14849"}],"wp:term":[{"taxonomy":"category","embeddable":true,"href":"https:\/\/sgpsolucoes.com.br\/site\/wp-json\/wp\/v2\/categories?post=14849"},{"taxonomy":"post_tag","embeddable":true,"href":"https:\/\/sgpsolucoes.com.br\/site\/wp-json\/wp\/v2\/tags?post=14849"}],"curies":[{"name":"wp","href":"https:\/\/api.w.org\/{rel}","templated":true}]}}