{"id":14859,"date":"2025-09-30T17:25:59","date_gmt":"2025-09-30T20:25:59","guid":{"rendered":"https:\/\/sgpsolucoes.com.br\/site\/?p=14859"},"modified":"2025-09-30T17:26:01","modified_gmt":"2025-09-30T20:26:01","slug":"em-acao-ajuizada-pela-atricon-stf-declara-inconstitucional-lei-da-bahia-que-restringia-o-poder-sancionador-do-tcm-ba","status":"publish","type":"post","link":"https:\/\/sgpsolucoes.com.br\/site\/em-acao-ajuizada-pela-atricon-stf-declara-inconstitucional-lei-da-bahia-que-restringia-o-poder-sancionador-do-tcm-ba\/","title":{"rendered":"Em a\u00e7\u00e3o ajuizada pela Atricon, STF declara inconstitucional lei da Bahia que restringia o poder sancionador do TCM-BA"},"content":{"rendered":"<p>O Supremo Tribunal Federal (STF) concluiu, na \u00faltima sexta-feira (26\/09\/2025), o julgamento da A\u00e7\u00e3o Direta de Inconstitucionalidade (ADI) 7082\/BA, ajuizada pela Atricon contra a Lei n\u00ba 14.460\/2022, do Estado da Bahia, que estabelecia restri\u00e7\u00f5es ao poder sancionador do Tribunal de Contas dos Munic\u00edpios daquele Estado (TCM-BA).<\/p><p>A Atricon sustentou, perante o STF, a inconstitucionalidade formal da norma, uma vez que a lei impugnada, de iniciativa parlamentar, tratava de quest\u00f5es ligadas \u00e0 organiza\u00e7\u00e3o, funcionamento e compet\u00eancias do TCM-BA, mat\u00e9rias cujo processo legislativo, segundo a Constitui\u00e7\u00e3o, s\u00f3 pode ser deflagrado por iniciativa do pr\u00f3prio Tribunal de Contas.<\/p><p>Al\u00e9m disso, a entidade apontou v\u00edcio material, pois \u201cas restri\u00e7\u00f5es elencadas na Lei Estadual n\u00ba 14.460\/2022, para fins de aplica\u00e7\u00e3o de multas e\/ou responsabiliza\u00e7\u00e3o pessoal dos gestores p\u00fablicos, prejudicam o exerc\u00edcio da atribui\u00e7\u00e3o constitucional de \u2018aplicar aos respons\u00e1veis, em caso de ilegalidade de despesa ou irregularidade de contas, as san\u00e7\u00f5es previstas em lei, que estabelecer\u00e1, entre outras comina\u00e7\u00f5es, multa proporcional ao dano causado ao er\u00e1rio\u2019 (artigo 71, VIII, da Constitui\u00e7\u00e3o Federal).\u201d<\/p><p>O Procurador-Geral da Rep\u00fablica (PGR) j\u00e1 havia se manifestado nos autos pela proced\u00eancia da a\u00e7\u00e3o, destacando que a lei impugnada \u201cusurpava a iniciativa legislativa do Tribunal de Contas e afrontava sua autonomia institucional e administrativa, al\u00e9m de limitar a aplica\u00e7\u00e3o de multas e a responsabiliza\u00e7\u00e3o pessoal dos gestores p\u00fablicos em processos de tomada de contas, esvaziando o efeito sancionador das penalidades pecuni\u00e1rias e enfraquecendo a autonomia da Corte de Contas (CF, art. 71, VIII).\u201d<\/p><p>Na sess\u00e3o plen\u00e1ria virtual iniciada em 19\/09\/2025 e encerrada na \u00faltima sexta-feira (26\/09), os Ministros da Suprema Corte acompanharam, por unanimidade, o voto do relator da ADI, Min. Cristiano Zanin. Em seu voto, o relator reconheceu, inicialmente, a legitimidade ativa da Atricon para atuar em ju\u00edzo na defesa das prerrogativas institucionais dos Tribunais de Contas. Quanto ao m\u00e9rito, ressaltou que, \u201cao estabelecer tais restri\u00e7\u00f5es ao poder sancionador do Tribunal de Contas dos Munic\u00edpios do Estado da Bahia \u2013 TCM-BA, a lei impugnada n\u00e3o s\u00f3 teria usurpado a sua prerrogativa exclusiva para deflagra\u00e7\u00e3o do processo legislativo, nos termos dos arts. 73 e 96, II, d, da Constitui\u00e7\u00e3o Federal, como tamb\u00e9m teria afrontado, por simetria, a sua compet\u00eancia constitucional no exerc\u00edcio de controle externo previsto no art. 71, VIII, da Constitui\u00e7\u00e3o da Rep\u00fablica.\u201d<\/p><p>Citando diversos precedentes da Corte, o Min. Zanin destacou \u201ca not\u00e1vel atribui\u00e7\u00e3o dos Tribunais de Contas no exerc\u00edcio independente de suas compet\u00eancias, marcadamente as de cunho fiscalizat\u00f3rio-sancionador.\u201d E concluiu afirmando que \u201ca norma contestada infringe, a mais n\u00e3o poder e de forma arbitr\u00e1ria, o pleno exerc\u00edcio do poder sancionador do Tribunal baiano, al\u00e9m de comprometer a integridade na gest\u00e3o dos recursos p\u00fablicos.\u201d<\/p><p>Para o presidente da Atricon, Edilson Silva, o julgamento da ADI 7082\/BA refor\u00e7a uma linha clara adotada pela Suprema Corte: \u201co julgamento da ADI 7082\/BA se soma a uma s\u00e9rie de precedentes do STF que, de forma firme e republicana, t\u00eam coibido tentativas de restringir as compet\u00eancias que a Constitui\u00e7\u00e3o conferiu aos Tribunais de Contas. A Atricon tem estado presente em todas essas discuss\u00f5es, seja na condi\u00e7\u00e3o de autora, como foi neste caso, seja como amicus curiae em outros julgamentos relevantes, e o resultado tem sido um hist\u00f3rico de vit\u00f3rias expressivas em defesa das prerrogativas do sistema de controle externo.\u201d<\/p><p>J\u00e1 o vice-presidente de Rela\u00e7\u00f5es Jur\u00eddico-Institucionais da entidade, Carlos Neves, destacou: \u201cEste julgamento \u00e9 mais uma demonstra\u00e7\u00e3o da firme posi\u00e7\u00e3o do STF em resguardar a autonomia e o poder sancionador das Cortes de Contas, pilares indispens\u00e1veis para a boa gest\u00e3o dos recursos p\u00fablicos. A atua\u00e7\u00e3o da Atricon, ao lado do TCM\/BA, reafirma nosso compromisso permanente de defender o espa\u00e7o institucional dos Tribunais de Contas, garantindo que possam exercer plenamente suas atribui\u00e7\u00f5es em benef\u00edcio da sociedade.\u201d<\/p><p>A decis\u00e3o foi recebida como uma importante vit\u00f3ria institucional n\u00e3o apenas da Atricon, mas especialmente do TCM-BA, que teve preservada sua autonomia constitucional. O resultado reflete a import\u00e2ncia da atua\u00e7\u00e3o conjunta, t\u00e9cnica e colaborativa entre a Atricon e as Cortes de Contas em prol da defesa das prerrogativas do Sistema Tribunais de Contas e do fortalecimento do controle externo&nbsp;no&nbsp;pa\u00eds.<\/p><p><strong>Fonte: Atricon<\/strong><\/p>\n    <div class=\"xs_social_share_widget xs_share_url after_content \t\tmain_content  wslu-style-1 wslu-share-box-shaped wslu-fill-colored wslu-none wslu-share-horizontal wslu-theme-font-no wslu-main_content\">\n\n\t\t\n        <ul>\n\t\t\t        <\/ul>\n    <\/div> \n","protected":false},"excerpt":{"rendered":"<p>O Supremo Tribunal Federal (STF) concluiu, na \u00faltima sexta-feira (26), o julgamento da A\u00e7\u00e3o Direta de Inconstitucionalidade (ADI) 7082\/BA, ajuizada pela Atricon contra a Lei n\u00ba 14.460\/2022, do Estado da Bahia, que estabelecia restri\u00e7\u00f5es ao poder sancionador do Tribunal de Contas dos Munic\u00edpios daquele Estado (TCM-BA).<\/p>\n","protected":false},"author":5,"featured_media":0,"comment_status":"open","ping_status":"open","sticky":false,"template":"","format":"standard","meta":{"postBodyCss":"","postBodyMargin":[],"postBodyPadding":[],"postBodyBackground":{"backgroundType":"classic","gradient":""},"_price":"","_stock":"","_tribe_ticket_header":"","_tribe_default_ticket_provider":"","_tribe_ticket_capacity":"0","_ticket_start_date":"","_ticket_end_date":"","_tribe_ticket_show_description":"","_tribe_ticket_show_not_going":false,"_tribe_ticket_use_global_stock":"","_tribe_ticket_global_stock_level":"","_global_stock_mode":"","_global_stock_cap":"","_tribe_rsvp_for_event":"","_tribe_ticket_going_count":"","_tribe_ticket_not_going_count":"","_tribe_tickets_list":"[]","_tribe_ticket_has_attendee_info_fields":false,"footnotes":""},"categories":[46],"tags":[1054,16027,520,16030,8239,1363,1047,16036,7918,3226,8918,2644,1418,956,2075,5747,16033,16035,1563,8123,16028,16029,16026,16032,16037,891,535,1816,16025,1129,10705,16034,1775,313,347,348,495,4570,451,7629,16031],"class_list":["post-14859","post","type-post","status-publish","format-standard","hentry","category-noticias","tag-acao-direta-de-inconstitucionalidade","tag-adi-7082-ba","tag-atricon","tag-cominacoes","tag-competencias","tag-constituicao","tag-constituicao-federal","tag-dano-causado","tag-despesa","tag-erario","tag-estado-da-bahia","tag-funcionamento","tag-gestores-publicos","tag-ilegalidade","tag-inconstitucional","tag-iniciativa","tag-iniciativa-parlamentar","tag-irregularidade-de-contas","tag-lei","tag-lei-da-bahia","tag-lei-estadual-no-14-460-2022","tag-lei-impugnada","tag-lei-no-14-460-2022","tag-materias","tag-multa-proporcional","tag-multas","tag-organizacao","tag-pgr","tag-poder-sancionador","tag-processo-legislativo","tag-procurador-geral-da-republica","tag-responsabilizacao-pessoal","tag-restricoes","tag-sancoes","tag-stf","tag-supremo-tribunal-federal","tag-tcm-ba","tag-tcmba","tag-tribunal-de-contas","tag-tribunal-de-contas-dos-municipios","tag-vicio-material"],"acf":[],"_links":{"self":[{"href":"https:\/\/sgpsolucoes.com.br\/site\/wp-json\/wp\/v2\/posts\/14859"}],"collection":[{"href":"https:\/\/sgpsolucoes.com.br\/site\/wp-json\/wp\/v2\/posts"}],"about":[{"href":"https:\/\/sgpsolucoes.com.br\/site\/wp-json\/wp\/v2\/types\/post"}],"author":[{"embeddable":true,"href":"https:\/\/sgpsolucoes.com.br\/site\/wp-json\/wp\/v2\/users\/5"}],"replies":[{"embeddable":true,"href":"https:\/\/sgpsolucoes.com.br\/site\/wp-json\/wp\/v2\/comments?post=14859"}],"version-history":[{"count":0,"href":"https:\/\/sgpsolucoes.com.br\/site\/wp-json\/wp\/v2\/posts\/14859\/revisions"}],"wp:attachment":[{"href":"https:\/\/sgpsolucoes.com.br\/site\/wp-json\/wp\/v2\/media?parent=14859"}],"wp:term":[{"taxonomy":"category","embeddable":true,"href":"https:\/\/sgpsolucoes.com.br\/site\/wp-json\/wp\/v2\/categories?post=14859"},{"taxonomy":"post_tag","embeddable":true,"href":"https:\/\/sgpsolucoes.com.br\/site\/wp-json\/wp\/v2\/tags?post=14859"}],"curies":[{"name":"wp","href":"https:\/\/api.w.org\/{rel}","templated":true}]}}