{"id":14862,"date":"2025-10-01T12:05:19","date_gmt":"2025-10-01T15:05:19","guid":{"rendered":"https:\/\/sgpsolucoes.com.br\/site\/?p=14862"},"modified":"2025-10-01T12:08:17","modified_gmt":"2025-10-01T15:08:17","slug":"alteracao-na-lei-das-inelegibilidades","status":"publish","type":"post","link":"https:\/\/sgpsolucoes.com.br\/site\/alteracao-na-lei-das-inelegibilidades\/","title":{"rendered":"Altera\u00e7\u00e3o na Lei das Inelegibilidades"},"content":{"rendered":"<p>Aten\u00e7\u00e3o para as altera\u00e7\u00f5es empreendidas na Lei das Inelegibilidades (Lei Complementar n\u00b0 64\/1990), por meio da Lei Complementar n\u00b0 219, de 29\/09\/2025.<\/p><p>Confira abaixo:<\/p><p><strong><u>LEI COMPLEMENTAR N\u00ba 219, DE 29 DE SETEMBRO DE 2025<\/u><\/strong><\/p><p><em>Altera a Lei Complementar n\u00ba\u00a064, de 18 de maio de 1990 (Lei das Inelegibilidades), para modificar prazos de dura\u00e7\u00e3o e de fixa\u00e7\u00e3o dos termos iniciais e finais de contagem de inelegibilidades, e a Lei n\u00ba\u00a09.504, de 30 de setembro de 1997 (Lei das Elei\u00e7\u00f5es), para prever a cria\u00e7\u00e3o do Requerimento de Declara\u00e7\u00e3o de Elegibilidade (RDE).<\/em><\/p><p><strong>O&nbsp;PRESIDENTE&nbsp;DA&nbsp;REP\u00daBLICA&nbsp;<\/strong>Fa\u00e7o saber que o Congresso Nacional decreta e eu sanciono a seguinte Lei Complementar:<\/p><p><a><\/a>Art. 1\u00ba&nbsp;Esta Lei Complementar altera a&nbsp;<a href=\"https:\/\/www.planalto.gov.br\/ccivil_03\/leis\/lcp\/Lcp64.htm\">Lei Complementar n\u00ba&nbsp;64, de 18 de maio de 1990<\/a>&nbsp;(Lei das Inelegibilidades), para modificar prazos de dura\u00e7\u00e3o e de fixa\u00e7\u00e3o dos termos iniciais e finais de contagem de inelegibilidades, e a&nbsp;<a href=\"https:\/\/www.planalto.gov.br\/ccivil_03\/leis\/L9504.htm\">Lei n\u00ba&nbsp;9.504, de 30 de setembro de 1997<\/a>&nbsp;(Lei das Elei\u00e7\u00f5es), para prever a cria\u00e7\u00e3o do Requerimento de Declara\u00e7\u00e3o de Elegibilidade (RDE).<\/p><p><a><\/a>Art. 2\u00ba&nbsp;A&nbsp;<a href=\"https:\/\/www.planalto.gov.br\/ccivil_03\/leis\/lcp\/Lcp64.htm\">Lei Complementar n\u00ba&nbsp;64, de 18 de maio de 1990&nbsp;<\/a>(Lei das Inelegibilidades), passa a vigorar com as seguintes altera\u00e7\u00f5es:<\/p><p>\u201cArt. 1\u00ba &#8230;&#8230;&#8230;&#8230;&#8230;&#8230;&#8230;&#8230;&#8230;&#8230;&#8230;&#8230;&#8230;&#8230;&#8230;&#8230;&#8230;&#8230;&#8230;&#8230;&#8230;&#8230;&#8230;&#8230;&#8230;&#8230;&#8230;&#8230;&#8230;&#8230;&#8230;&#8230;&#8230;&#8230;&#8230;&#8230;&#8230;&#8230;&#8230;&#8230;&#8230;&#8230;&#8230;&#8230;..<\/p><p>I &#8211; &#8230;&#8230;&#8230;&#8230;&#8230;&#8230;&#8230;&#8230;&#8230;&#8230;&#8230;&#8230;&#8230;&#8230;&#8230;&#8230;&#8230;&#8230;&#8230;&#8230;&#8230;&#8230;&#8230;&#8230;&#8230;&#8230;&#8230;&#8230;&#8230;&#8230;&#8230;&#8230;&#8230;&#8230;&#8230;&#8230;&#8230;&#8230;&#8230;&#8230;&#8230;&#8230;&#8230;&#8230;&#8230;&#8230;&#8230;<\/p><p>&#8230;&#8230;&#8230;&#8230;&#8230;&#8230;&#8230;&#8230;&#8230;&#8230;&#8230;&#8230;&#8230;&#8230;&#8230;&#8230;&#8230;&#8230;&#8230;&#8230;&#8230;&#8230;&#8230;&#8230;&#8230;&#8230;&#8230;&#8230;&#8230;&#8230;&#8230;&#8230;&#8230;&#8230;&#8230;&#8230;&#8230;&#8230;&#8230;&#8230;&#8230;&#8230;&#8230;&#8230;&#8230;&#8230;&#8230;&#8230;&#8230;&#8230;&#8230;&#8230;.<\/p><p><a href=\"https:\/\/www.planalto.gov.br\/ccivil_03\/leis\/lcp\/Lcp64.htm#art1ib.0\">b)<\/a>&nbsp;os membros do Congresso Nacional, das Assembleias Legislativas, da C\u00e2mara Legislativa e das C\u00e2maras Municipais que tenham perdido os respectivos mandatos por infring\u00eancia do disposto nos&nbsp;<a href=\"https:\/\/www.planalto.gov.br\/ccivil_03\/Constituicao\/Constituicao.htm#art55i\">incisos I e II do&nbsp;<em>caput<\/em>&nbsp;do art.&nbsp;55 da Constitui\u00e7\u00e3o Federal<\/a>&nbsp;ou dos dispositivos equivalentes sobre perda de mandato das Constitui\u00e7\u00f5es Estaduais e das Leis Org\u00e2nicas dos Munic\u00edpios e do Distrito Federal, nos 8 (oito) anos subsequentes \u00e0 data da decis\u00e3o que decretar a perda do cargo eletivo;<\/p><p><a href=\"https:\/\/www.planalto.gov.br\/ccivil_03\/leis\/lcp\/Lcp64.htm#art1c.0\">c)<\/a>&nbsp;o Governador e o Vice-Governador de Estado e do Distrito Federal e o Prefeito e o Vice-Prefeito que perderem seus cargos eletivos por infring\u00eancia do disposto na Constitui\u00e7\u00e3o Estadual, na Lei Org\u00e2nica do Distrito Federal ou na Lei Org\u00e2nica do Munic\u00edpio, nos 8 (oito) anos subsequentes \u00e0 data da decis\u00e3o que decretar a perda do cargo eletivo;<\/p><p>d) (VETADO);<\/p><p><a href=\"https:\/\/www.planalto.gov.br\/ccivil_03\/leis\/lcp\/Lcp64.htm#art1ie.0\">e)<\/a>&nbsp;os que forem condenados em decis\u00e3o transitada em julgado ou proferida por \u00f3rg\u00e3o judicial colegiado, desde a referida condena\u00e7\u00e3o at\u00e9 o transcurso do prazo de 8 (oito) anos, pelos crimes a seguir, ressalvados os itens 6 a 10 e os crimes contra a administra\u00e7\u00e3o p\u00fablica, cuja inelegibilidade ocorrer\u00e1 desde a condena\u00e7\u00e3o por \u00f3rg\u00e3o colegiado at\u00e9 o transcurso do prazo de 8 (oito) anos ap\u00f3s o cumprimento da pena:<\/p><p>&#8230;&#8230;&#8230;&#8230;&#8230;&#8230;&#8230;&#8230;&#8230;&#8230;&#8230;&#8230;&#8230;&#8230;&#8230;&#8230;&#8230;&#8230;&#8230;&#8230;&#8230;&#8230;&#8230;&#8230;&#8230;&#8230;&#8230;&#8230;&#8230;&#8230;&#8230;&#8230;&#8230;&#8230;&#8230;&#8230;&#8230;&#8230;&#8230;&#8230;&#8230;&#8230;&#8230;&#8230;&#8230;&#8230;&#8230;&#8230;&#8230;&#8230;&#8230;&#8230;.<\/p><p><a href=\"https:\/\/www.planalto.gov.br\/ccivil_03\/leis\/lcp\/Lcp64.htm#art1ik.0\">k)<\/a>&nbsp;o Presidente da Rep\u00fablica, o Governador de Estado e do Distrito Federal, o Prefeito e os membros do Congresso Nacional, das Assembleias Legislativas, da C\u00e2mara Legislativa e das C\u00e2maras Municipais que renunciarem a seus mandatos desde o oferecimento de representa\u00e7\u00e3o ou de peti\u00e7\u00e3o capaz de autorizar a abertura de processo por infring\u00eancia de dispositivo da Constitui\u00e7\u00e3o Federal, da Constitui\u00e7\u00e3o Estadual, da Lei Org\u00e2nica do Distrito Federal ou da Lei Org\u00e2nica dos Munic\u00edpios, nos 8 (oito) anos subsequentes \u00e0 data da ren\u00fancia ao cargo eletivo;<\/p><p><a href=\"https:\/\/www.planalto.gov.br\/ccivil_03\/leis\/lcp\/Lcp64.htm#art1il.0\">l)<\/a>&nbsp;os que forem condenados \u00e0 suspens\u00e3o dos direitos pol\u00edticos, em decis\u00e3o transitada em julgado ou proferida por \u00f3rg\u00e3o judicial colegiado, por ato doloso de improbidade administrativa que importe, concomitantemente, na parte dispositiva da decis\u00e3o, les\u00e3o ao patrim\u00f4nio p\u00fablico e enriquecimento il\u00edcito, desde a condena\u00e7\u00e3o por \u00f3rg\u00e3o colegiado at\u00e9 o transcurso do prazo de 8 (oito) anos;<\/p><p>&#8230;&#8230;&#8230;&#8230;&#8230;&#8230;&#8230;&#8230;&#8230;&#8230;&#8230;&#8230;&#8230;&#8230;&#8230;&#8230;&#8230;&#8230;&#8230;&#8230;&#8230;&#8230;&#8230;&#8230;&#8230;&#8230;&#8230;&#8230;&#8230;&#8230;&#8230;&#8230;&#8230;&#8230;&#8230;&#8230;&#8230;&#8230;&#8230;&#8230;&#8230;&#8230;&#8230;&#8230;&#8230;&#8230;&#8230;&#8230;&#8230;&#8230;&#8230;&#8230;.<\/p><p><a href=\"https:\/\/www.planalto.gov.br\/ccivil_03\/leis\/lcp\/Lcp64.htm#art1io.0\">o)<\/a>&nbsp;os que forem demitidos do servi\u00e7o p\u00fablico em decorr\u00eancia de processo administrativo ou judicial, quando o fato que deu causa \u00e0 demiss\u00e3o for equiparado a ato de improbidade, pelo prazo de 8 (oito) anos, contado da decis\u00e3o, salvo se o ato houver sido suspenso ou anulado pelo Poder Judici\u00e1rio;<\/p><p>&#8230;&#8230;&#8230;&#8230;&#8230;&#8230;&#8230;&#8230;&#8230;&#8230;&#8230;&#8230;&#8230;&#8230;&#8230;&#8230;&#8230;&#8230;&#8230;&#8230;&#8230;&#8230;&#8230;&#8230;&#8230;&#8230;&#8230;&#8230;&#8230;&#8230;&#8230;&#8230;&#8230;&#8230;&#8230;&#8230;&#8230;&#8230;&#8230;&#8230;&#8230;&#8230;&#8230;&#8230;&#8230;&#8230;&#8230;&#8230;&#8230;&#8230;&#8230;&#8230;.<\/p><p>II &#8211; &#8230;&#8230;&#8230;&#8230;&#8230;&#8230;&#8230;&#8230;&#8230;&#8230;&#8230;&#8230;&#8230;&#8230;&#8230;&#8230;&#8230;&#8230;&#8230;&#8230;&#8230;&#8230;&#8230;&#8230;&#8230;&#8230;&#8230;&#8230;&#8230;&#8230;&#8230;&#8230;&#8230;&#8230;&#8230;&#8230;&#8230;&#8230;&#8230;&#8230;&#8230;&#8230;&#8230;&#8230;&#8230;&#8230;&#8230;<\/p><p>&#8230;&#8230;&#8230;&#8230;&#8230;&#8230;&#8230;&#8230;&#8230;&#8230;&#8230;&#8230;&#8230;&#8230;&#8230;&#8230;&#8230;&#8230;&#8230;&#8230;&#8230;&#8230;&#8230;&#8230;&#8230;&#8230;&#8230;&#8230;&#8230;&#8230;&#8230;&#8230;&#8230;&#8230;&#8230;&#8230;&#8230;&#8230;&#8230;&#8230;&#8230;&#8230;&#8230;&#8230;&#8230;&#8230;&#8230;&#8230;&#8230;&#8230;&#8230;&#8230;.<\/p><p><a href=\"https:\/\/www.planalto.gov.br\/ccivil_03\/leis\/lcp\/Lcp64.htm#art1iig.0\">g)<\/a>&nbsp;os que tenham, dentro dos 6 (seis) meses anteriores ao pleito, ocupado cargo ou fun\u00e7\u00e3o de dire\u00e7\u00e3o, administra\u00e7\u00e3o ou representa\u00e7\u00e3o em entidades representativas de classe mantidas, total ou parcialmente, por contribui\u00e7\u00f5es impostas pelo poder p\u00fablico ou com recursos arrecadados e repassados pela Previd\u00eancia Social;<\/p><p>&#8230;&#8230;&#8230;&#8230;&#8230;&#8230;&#8230;&#8230;&#8230;&#8230;&#8230;&#8230;&#8230;&#8230;&#8230;&#8230;&#8230;&#8230;&#8230;&#8230;&#8230;&#8230;&#8230;&#8230;&#8230;&#8230;&#8230;&#8230;&#8230;&#8230;&#8230;&#8230;&#8230;&#8230;&#8230;&#8230;&#8230;&#8230;&#8230;&#8230;&#8230;&#8230;&#8230;&#8230;&#8230;&#8230;&#8230;&#8230;&#8230;&#8230;&#8230;&#8230;.<\/p><p><a href=\"https:\/\/www.planalto.gov.br\/ccivil_03\/leis\/lcp\/Lcp64.htm#art1iil.0\">l)<\/a>&nbsp;os que, servidores p\u00fablicos, estatut\u00e1rios ou n\u00e3o, dos \u00f3rg\u00e3os ou entidades da administra\u00e7\u00e3o direta ou indireta da Uni\u00e3o, dos Estados, do Distrito Federal, dos Munic\u00edpios e dos Territ\u00f3rios, inclusive das funda\u00e7\u00f5es mantidas pelo poder p\u00fablico, n\u00e3o se afastarem at\u00e9 3 (tr\u00eas) meses anteriores ao pleito, garantido o direito \u00e0 percep\u00e7\u00e3o dos seus vencimentos integrais e permitida a continuidade do afastamento at\u00e9 10 (dez) dias ap\u00f3s a realiza\u00e7\u00e3o do segundo turno, caso dele participem;<\/p><p>&#8230;&#8230;&#8230;&#8230;&#8230;&#8230;&#8230;&#8230;&#8230;&#8230;&#8230;&#8230;&#8230;&#8230;&#8230;&#8230;&#8230;&#8230;&#8230;&#8230;&#8230;&#8230;&#8230;&#8230;&#8230;&#8230;&#8230;&#8230;&#8230;&#8230;&#8230;&#8230;&#8230;&#8230;&#8230;&#8230;&#8230;&#8230;&#8230;&#8230;&#8230;&#8230;&#8230;&#8230;&#8230;&#8230;&#8230;&#8230;&#8230;&#8230;&#8230;&#8230;.<\/p><p>IV &#8211; &#8230;&#8230;&#8230;&#8230;&#8230;&#8230;&#8230;&#8230;&#8230;&#8230;&#8230;&#8230;&#8230;&#8230;&#8230;&#8230;&#8230;&#8230;&#8230;&#8230;&#8230;&#8230;&#8230;&#8230;&#8230;&#8230;&#8230;&#8230;&#8230;&#8230;&#8230;&#8230;&#8230;&#8230;&#8230;&#8230;&#8230;&#8230;&#8230;&#8230;&#8230;&#8230;&#8230;&#8230;&#8230;&#8230;.<\/p><p><a href=\"https:\/\/www.planalto.gov.br\/ccivil_03\/leis\/lcp\/Lcp64.htm#art1iva.0\">a)<\/a>&nbsp;no que lhes for aplic\u00e1vel, por identidade de situa\u00e7\u00f5es, os ineleg\u00edveis para os cargos de Presidente e Vice-Presidente da Rep\u00fablica e de Governador e Vice-Governador de Estado e do Distrito Federal, observado o prazo de 6 (seis) meses para a desincompatibiliza\u00e7\u00e3o;<\/p><p><a href=\"https:\/\/www.planalto.gov.br\/ccivil_03\/leis\/lcp\/Lcp64.htm#art1ivb.0\">b)<\/a>&nbsp;os membros do Minist\u00e9rio P\u00fablico e da Defensoria P\u00fablica em exerc\u00edcio na Comarca, nos 6 (seis) meses anteriores ao pleito, sem preju\u00edzo dos vencimentos integrais;<\/p><p><a href=\"https:\/\/www.planalto.gov.br\/ccivil_03\/leis\/lcp\/Lcp64.htm#art1ivc.0\">c)<\/a>&nbsp;as autoridades policiais, civis ou militares, em exerc\u00edcio no Munic\u00edpio, nos 6 (seis) meses anteriores ao pleito;<\/p><p>&#8230;&#8230;&#8230;&#8230;&#8230;&#8230;&#8230;&#8230;&#8230;&#8230;&#8230;&#8230;&#8230;&#8230;&#8230;&#8230;&#8230;&#8230;&#8230;&#8230;&#8230;&#8230;&#8230;&#8230;&#8230;&#8230;&#8230;&#8230;&#8230;&#8230;&#8230;&#8230;&#8230;&#8230;&#8230;&#8230;&#8230;&#8230;&#8230;&#8230;&#8230;&#8230;&#8230;&#8230;&#8230;&#8230;&#8230;&#8230;&#8230;&#8230;&#8230;&#8230;.<\/p><p><a href=\"https:\/\/www.planalto.gov.br\/ccivil_03\/leis\/lcp\/Lcp64.htm#art1%C2%A74b\">\u00a7 4\u00ba-B.<\/a>&nbsp;Para fins de incid\u00eancia das al\u00edneas \u201cg\u201d e \u201cl\u201d do inciso I do&nbsp;<em>caput<\/em>&nbsp;deste artigo, considera-se dolo a vontade livre e consciente de alcan\u00e7ar o resultado il\u00edcito tipificado exclusiva e cumulativamente nos&nbsp;<a href=\"https:\/\/www.planalto.gov.br\/ccivil_03\/leis\/L8429.htm#art9\">arts.&nbsp;9\u00ba<\/a>&nbsp;e&nbsp;<a href=\"https:\/\/www.planalto.gov.br\/ccivil_03\/leis\/L8429.htm#art10\">10 da Lei n\u00ba&nbsp;8.429, de 2 de junho de 1992<\/a>&nbsp;(Lei de Improbidade Administrativa), n\u00e3o bastando a voluntariedade do agente.<\/p><p><a href=\"https:\/\/www.planalto.gov.br\/ccivil_03\/leis\/lcp\/Lcp64.htm#art1%C2%A74c\">\u00a7 4\u00ba-C.<\/a>&nbsp;O mero exerc\u00edcio da fun\u00e7\u00e3o ou o desempenho de compet\u00eancias p\u00fablicas, sem comprova\u00e7\u00e3o de ato doloso com fim il\u00edcito, afasta a responsabilidade por ato de improbidade administrativa, impedindo a incid\u00eancia do disposto nas al\u00edneas \u201cg\u201d e \u201cl\u201d do inciso I do&nbsp;<em>caput<\/em>&nbsp;deste artigo.<\/p><p><a href=\"https:\/\/www.planalto.gov.br\/ccivil_03\/leis\/lcp\/Lcp64.htm#art1%C2%A74d\">\u00a7 4\u00ba-D<\/a>. As a\u00e7\u00f5es judiciais ajuizadas pelos mesmos fatos, ou por fatos a eles conexos, que possam acarretar a suspens\u00e3o dos direitos pol\u00edticos e a aplica\u00e7\u00e3o do disposto nas al\u00edneas \u201ce\u201d e \u201cl\u201d do inciso I do&nbsp;<em>caput<\/em>&nbsp;deste artigo gerar\u00e3o a inelegibilidade a partir da primeira condena\u00e7\u00e3o proferida por \u00f3rg\u00e3o colegiado, vedada a incid\u00eancia de nova restri\u00e7\u00e3o \u00e0 elegibilidade, ainda que tenham sido impostas san\u00e7\u00f5es ulteriores mais gravosas.<\/p><p><a href=\"https:\/\/www.planalto.gov.br\/ccivil_03\/leis\/lcp\/Lcp64.htm#art1%C2%A74e\">\u00a7 4\u00ba-E<\/a>. Na hip\u00f3tese de ocorr\u00eancia de fatos \u00edmprobos conexos, assim considerados segundo as regras previstas na&nbsp;<a href=\"https:\/\/www.planalto.gov.br\/ccivil_03\/_Ato2015-2018\/2015\/Lei\/L13105.htm\">Lei n\u00ba&nbsp;13.105, de 16 de mar\u00e7o de 2015<\/a>&nbsp;(C\u00f3digo de Processo Civil), se o autor optar por promover as respectivas a\u00e7\u00f5es de improbidade administrativa em processos separados, ser\u00e1 observada a contagem do prazo prevista na al\u00ednea \u201cl\u201d do inciso I do&nbsp;<em>caput<\/em>&nbsp;deste artigo a partir da primeira condena\u00e7\u00e3o proferida ou confirmada por \u00f3rg\u00e3o judicial colegiado, ainda que haja decis\u00f5es colegiadas posteriores, inclusive com san\u00e7\u00f5es mais gravosas.<\/p><p><a href=\"https:\/\/www.planalto.gov.br\/ccivil_03\/leis\/lcp\/Lcp64.htm#art1%C2%A74f\">\u00a7 4\u00ba-F<\/a>. (VETADO).<\/p><p>&#8230;&#8230;&#8230;&#8230;&#8230;&#8230;&#8230;&#8230;&#8230;&#8230;&#8230;&#8230;&#8230;&#8230;&#8230;&#8230;&#8230;&#8230;&#8230;&#8230;&#8230;&#8230;&#8230;&#8230;&#8230;&#8230;&#8230;&#8230;&#8230;&#8230;&#8230;&#8230;&#8230;&#8230;&#8230;&#8230;&#8230;&#8230;&#8230;&#8230;&#8230;&#8230;&#8230;&#8230;&#8230;&#8230;&#8230;&#8230;&#8230;&#8230;&#8230;&#8230;.<\/p><p><a href=\"https:\/\/www.planalto.gov.br\/ccivil_03\/leis\/lcp\/Lcp64.htm#art1%C2%A76\">\u00a7 6\u00ba<\/a>&nbsp;(VETADO).<\/p><p><a href=\"https:\/\/www.planalto.gov.br\/ccivil_03\/leis\/lcp\/Lcp64.htm#art1%C2%A77\">\u00a7 7\u00ba<\/a>&nbsp;Os servidores p\u00fablicos que se licenciarem para concorrer a cargo eletivo dever\u00e3o retornar imediatamente \u00e0s suas fun\u00e7\u00f5es, sob pena de responsabiliza\u00e7\u00e3o administrativa, nas hip\u00f3teses em que a agremia\u00e7\u00e3o partid\u00e1ria n\u00e3o formalizar o pedido de registro de sua candidatura ou o pedido tiver sido indeferido ou cassado, a partir do tr\u00e2nsito em julgado da decis\u00e3o.<\/p><p><a href=\"https:\/\/www.planalto.gov.br\/ccivil_03\/leis\/lcp\/Lcp64.htm#art1%C2%A78\">\u00a7 8\u00ba<\/a>&nbsp;Durante o transcurso do prazo de inelegibilidade decorrente de improbidade administrativa, o ac\u00famulo com eventuais condena\u00e7\u00f5es posteriores que impliquem restri\u00e7\u00e3o \u00e0 capacidade eleitoral passiva deve ser unificado para atender o limite m\u00e1ximo de 12 (doze) anos, observado o disposto no \u00a7&nbsp;4\u00ba-E.<\/p><p><a href=\"https:\/\/www.planalto.gov.br\/ccivil_03\/leis\/lcp\/Lcp64.htm#art1%C2%A79\">\u00a7 9\u00ba<\/a>&nbsp;(VETADO).\u201d (NR)<\/p><p><a href=\"https:\/\/www.planalto.gov.br\/ccivil_03\/leis\/lcp\/Lcp64.htm#art26d\">\u201cArt. 26-D.<\/a>&nbsp;As condi\u00e7\u00f5es de elegibilidade e as causas de inelegibilidade devem ser aferidas no momento de formaliza\u00e7\u00e3o do registro de candidatura, sem preju\u00edzo do reconhecimento pela Justi\u00e7a Eleitoral, de of\u00edcio ou mediante provoca\u00e7\u00e3o, das altera\u00e7\u00f5es f\u00e1ticas ou jur\u00eddicas supervenientes que afastem ou extingam a inelegibilidade, inclu\u00eddo o encerramento do seu prazo, desde que constitu\u00eddas at\u00e9 a data da diploma\u00e7\u00e3o.\u201d<\/p><p><a href=\"https:\/\/www.planalto.gov.br\/ccivil_03\/leis\/lcp\/Lcp64.htm#art26e\">\u201cArt. 26-E.<\/a>&nbsp;(VETADO).\u201d<\/p><p><a><\/a>Art. 3\u00ba&nbsp;O art.&nbsp;11 da&nbsp;<a href=\"https:\/\/www.planalto.gov.br\/ccivil_03\/leis\/L9504.htm\">Lei n\u00ba&nbsp;9.504, de 30 de setembro de 1997<\/a>&nbsp;(Lei das Elei\u00e7\u00f5es), passa a vigorar com a seguinte reda\u00e7\u00e3o:<\/p><p>\u201cArt. 11. &#8230;&#8230;&#8230;&#8230;&#8230;&#8230;&#8230;&#8230;&#8230;&#8230;&#8230;&#8230;&#8230;&#8230;&#8230;&#8230;&#8230;&#8230;&#8230;&#8230;&#8230;&#8230;&#8230;&#8230;&#8230;&#8230;&#8230;&#8230;&#8230;&#8230;&#8230;&#8230;&#8230;&#8230;&#8230;&#8230;&#8230;&#8230;&#8230;&#8230;&#8230;&#8230;&#8230;&#8230;.<\/p><p>&#8230;&#8230;&#8230;&#8230;&#8230;&#8230;&#8230;&#8230;&#8230;&#8230;&#8230;&#8230;&#8230;&#8230;&#8230;&#8230;&#8230;&#8230;&#8230;&#8230;&#8230;&#8230;&#8230;&#8230;&#8230;&#8230;&#8230;&#8230;&#8230;&#8230;&#8230;&#8230;&#8230;&#8230;&#8230;&#8230;&#8230;&#8230;&#8230;&#8230;&#8230;&#8230;&#8230;&#8230;&#8230;&#8230;&#8230;&#8230;&#8230;&#8230;&#8230;&#8230;.<\/p><p><a href=\"https:\/\/www.planalto.gov.br\/ccivil_03\/leis\/L9504.htm#art11%C2%A710.0\">\u00a7 10.<\/a>&nbsp;(Revogado).<\/p><p>&#8230;&#8230;&#8230;&#8230;&#8230;&#8230;&#8230;&#8230;&#8230;&#8230;&#8230;&#8230;&#8230;&#8230;&#8230;&#8230;&#8230;&#8230;&#8230;&#8230;&#8230;&#8230;&#8230;&#8230;&#8230;&#8230;&#8230;&#8230;&#8230;&#8230;&#8230;&#8230;&#8230;&#8230;&#8230;&#8230;&#8230;&#8230;&#8230;&#8230;&#8230;&#8230;&#8230;&#8230;&#8230;&#8230;&#8230;&#8230;&#8230;&#8230;&#8230;&#8230;.<\/p><p><a href=\"https:\/\/www.planalto.gov.br\/ccivil_03\/leis\/L9504.htm#art11%C2%A716\">\u00a7 16.<\/a>&nbsp;O pr\u00e9-candidato que demonstrar d\u00favida razo\u00e1vel sobre a sua capacidade eleitoral passiva, ou o partido pol\u00edtico a que estiver filiado, poder\u00e3o dirigir \u00e0 Justi\u00e7a Eleitoral Requerimento de Declara\u00e7\u00e3o de Elegibilidade (RDE) a qualquer tempo, e a postula\u00e7\u00e3o poder\u00e1 ser impugnada em 5 (cinco) dias por qualquer partido pol\u00edtico com \u00f3rg\u00e3o de dire\u00e7\u00e3o em atividade na circunscri\u00e7\u00e3o.\u201d (NR)<\/p><p><a><\/a>Art. 4\u00ba Revoga-se o&nbsp;<a href=\"https:\/\/www.planalto.gov.br\/ccivil_03\/leis\/L9504.htm#art11%C2%A710\">\u00a7&nbsp;10 do art.&nbsp;11 da Lei n\u00ba&nbsp;9.504, de 30 de setembro de 1997<\/a>&nbsp;(Lei das Elei\u00e7\u00f5es).<\/p><p><a><\/a>Art. 5\u00ba Esta Lei Complementar entra em vigor na data de sua publica\u00e7\u00e3o.<\/p><p>Bras\u00edlia, 29 de setembro de 2025; 204<sup>o<\/sup>&nbsp;da Independ\u00eancia e 137<sup>o<\/sup>&nbsp;da Rep\u00fablica.<\/p><p>LUIZ IN\u00c1CIO LULA DA SILVA<\/p><p><em>Enrique Ricardo Lewandowski<\/em><\/p><p><em>Jorge Rodrigo Ara\u00fajo Messias<\/em><\/p><p><em><mark style=\"background-color:rgba(0, 0, 0, 0)\" class=\"has-inline-color has-vivid-red-color\">Este texto n\u00e3o substitui o publicado no DOU de 30.9.2025.<\/mark><\/em><\/p><p><a href=\"https:\/\/www.planalto.gov.br\/ccivil_03\/leis\/lcp\/Lcp219.htm#art2\">https:\/\/www.planalto.gov.br\/ccivil_03\/leis\/lcp\/Lcp219.htm#art2<\/a><\/p><p><strong>Fonte: www.planalto.gov.br<\/strong><\/p>\n    <div class=\"xs_social_share_widget xs_share_url after_content \t\tmain_content  wslu-style-1 wslu-share-box-shaped wslu-fill-colored wslu-none wslu-share-horizontal wslu-theme-font-no wslu-main_content\">\n\n\t\t\n        <ul>\n\t\t\t        <\/ul>\n    <\/div> \n","protected":false},"excerpt":{"rendered":"<p>Aten\u00e7\u00e3o para as altera\u00e7\u00f5es empreendidas na Lei das Inelegibilidades (Lei Complementar n\u00b0 64\/1990), por meio da Lei Complementar n\u00b0 219, de 29\/09\/2025.<\/p>\n","protected":false},"author":5,"featured_media":0,"comment_status":"open","ping_status":"open","sticky":false,"template":"","format":"standard","meta":{"postBodyCss":"","postBodyMargin":[],"postBodyPadding":[],"postBodyBackground":{"backgroundType":"classic","gradient":""},"_price":"","_stock":"","_tribe_ticket_header":"","_tribe_default_ticket_provider":"","_tribe_ticket_capacity":"0","_ticket_start_date":"","_ticket_end_date":"","_tribe_ticket_show_description":"","_tribe_ticket_show_not_going":false,"_tribe_ticket_use_global_stock":"","_tribe_ticket_global_stock_level":"","_global_stock_mode":"","_global_stock_cap":"","_tribe_rsvp_for_event":"","_tribe_ticket_going_count":"","_tribe_ticket_not_going_count":"","_tribe_tickets_list":"[]","_tribe_ticket_has_attendee_info_fields":false,"footnotes":""},"categories":[46],"tags":[8244,1563,16039,16040,16038],"class_list":["post-14862","post","type-post","status-publish","format-standard","hentry","category-noticias","tag-inelegibilidade","tag-lei","tag-lei-complementar-n-219-2025","tag-lei-complementar-n-64-1990","tag-lei-das-inelegibilidades"],"acf":[],"_links":{"self":[{"href":"https:\/\/sgpsolucoes.com.br\/site\/wp-json\/wp\/v2\/posts\/14862"}],"collection":[{"href":"https:\/\/sgpsolucoes.com.br\/site\/wp-json\/wp\/v2\/posts"}],"about":[{"href":"https:\/\/sgpsolucoes.com.br\/site\/wp-json\/wp\/v2\/types\/post"}],"author":[{"embeddable":true,"href":"https:\/\/sgpsolucoes.com.br\/site\/wp-json\/wp\/v2\/users\/5"}],"replies":[{"embeddable":true,"href":"https:\/\/sgpsolucoes.com.br\/site\/wp-json\/wp\/v2\/comments?post=14862"}],"version-history":[{"count":0,"href":"https:\/\/sgpsolucoes.com.br\/site\/wp-json\/wp\/v2\/posts\/14862\/revisions"}],"wp:attachment":[{"href":"https:\/\/sgpsolucoes.com.br\/site\/wp-json\/wp\/v2\/media?parent=14862"}],"wp:term":[{"taxonomy":"category","embeddable":true,"href":"https:\/\/sgpsolucoes.com.br\/site\/wp-json\/wp\/v2\/categories?post=14862"},{"taxonomy":"post_tag","embeddable":true,"href":"https:\/\/sgpsolucoes.com.br\/site\/wp-json\/wp\/v2\/tags?post=14862"}],"curies":[{"name":"wp","href":"https:\/\/api.w.org\/{rel}","templated":true}]}}