{"id":14868,"date":"2025-10-01T12:36:03","date_gmt":"2025-10-01T15:36:03","guid":{"rendered":"https:\/\/sgpsolucoes.com.br\/site\/?p=14868"},"modified":"2025-10-01T12:36:04","modified_gmt":"2025-10-01T15:36:04","slug":"stf-aprova-sumula-vinculante-que-afasta-carater-hediondo-do-trafico-privilegiado","status":"publish","type":"post","link":"https:\/\/sgpsolucoes.com.br\/site\/stf-aprova-sumula-vinculante-que-afasta-carater-hediondo-do-trafico-privilegiado\/","title":{"rendered":"STF aprova s\u00famula vinculante que afasta car\u00e1ter hediondo do tr\u00e1fico privilegiado\u00a0\u00a0"},"content":{"rendered":"<p class=\"has-text-align-center\"><em>Foto: Wallace Martins\/STF<\/em><\/p><p><strong><em>Forma mais branda do crime \u00e9 aplicada a r\u00e9us prim\u00e1rios e sem v\u00ednculo com organiza\u00e7\u00f5es criminosas<\/em><\/strong><\/p><p>O Supremo Tribunal Federal (STF) aprovou uma nova S\u00famula Vinculante (SV 63) que afasta o enquadramento do tr\u00e1fico privilegiado como crime hediondo. A decis\u00e3o foi tomada em sess\u00e3o virtual, no julgamento da Proposta de S\u00famula Vinculante (<a href=\"https:\/\/portal.stf.jus.br\/processos\/detalhe.asp?incidente=5124037\" target=\"_blank\" rel=\"noreferrer noopener\"><strong>PSV) 125<\/strong><\/a>.&nbsp;<\/p><p>As s\u00famulas vinculantes t\u00eam efeito obrigat\u00f3rio para todo o Judici\u00e1rio e para a administra\u00e7\u00e3o p\u00fablica, nas esferas federal, estadual e municipal. O objetivo \u00e9 uniformizar a aplica\u00e7\u00e3o da lei e reduzir a inseguran\u00e7a jur\u00eddica sobre o tema.&nbsp;<\/p><p>Em seu voto, o ministro Lu\u00eds Roberto Barroso lembrou que, em junho, ao julgar o Tema 1.400 da repercuss\u00e3o geral, o Supremo reconheceu a possibilidade de conceder indulto a condenados por tr\u00e1fico privilegiado, justamente por entender que o crime n\u00e3o \u00e9 hediondo.&nbsp;&nbsp;&nbsp;<\/p><p>O tr\u00e1fico privilegiado \u00e9 uma forma mais branda do crime, aplicada a r\u00e9us prim\u00e1rios e sem v\u00ednculo com organiza\u00e7\u00f5es criminosas, e tem tratamento penal&nbsp;menos gravoso, com possibilidade de diminui\u00e7\u00e3o da pena. Nos crimes hediondos, por outro lado, a lei imp\u00f5e par\u00e2metros mais duros, como a exig\u00eancia&nbsp;do cumprimento de&nbsp;40% da pena para a progress\u00e3o de regime.&nbsp;&nbsp;<\/p><p>A nova s\u00famula vinculante amplia esse entendimento e afasta a aplica\u00e7\u00e3o das regras mais severas previstas para crimes desse tipo tamb\u00e9m na progress\u00e3o de regime e no livramento condicional.&nbsp;&nbsp;&nbsp;<\/p><h5 class=\"wp-block-heading\"><strong>S\u00famula Vinculante&nbsp;63&nbsp;<\/strong><\/h5><p>A reda\u00e7\u00e3o final da nova s\u00famula vinculante \u00e9 a seguinte:&nbsp;&nbsp;<\/p><p>\u201cO tr\u00e1fico privilegiado (art. 33, \u00a7 4\u00ba, da Lei 11.343\/2006) n\u00e3o configura crime hediondo, afastando-se a aplica\u00e7\u00e3o dos par\u00e2metros mais rigorosos de progress\u00e3o de regime e de livramento condicional.\u201d&nbsp;&nbsp;<\/p><h5 class=\"wp-block-heading\"><strong>Revoga\u00e7\u00e3o&nbsp;<\/strong><\/h5><p>Na mesma sess\u00e3o do plen\u00e1rio virtual, foi aprovada a proposta de revoga\u00e7\u00e3o da S\u00famula Vinculante 9 (<a href=\"https:\/\/portal.stf.jus.br\/processos\/detalhe.asp?incidente=4125564\" target=\"_blank\" rel=\"noreferrer noopener\"><strong>PSV 60<\/strong><\/a>), que validava a perda integral dos dias remidos de presos em caso de falta grave, afastando o limite de 30 dias previsto para san\u00e7\u00f5es como isolamento, suspens\u00e3o ou restri\u00e7\u00e3o de direitos.&nbsp;&nbsp;<\/p><p>A revoga\u00e7\u00e3o acompanha a Lei 12.433\/2011, que alterou o artigo 127 da Lei de Execu\u00e7\u00e3o Penal, que deu origem \u00e0 s\u00famula. Desde ent\u00e3o, a perda deixou de ser autom\u00e1tica e integral, cabendo ao juiz avaliar, em cada caso, a possibilidade de redu\u00e7\u00e3o parcial do benef\u00edcio.&nbsp;&nbsp;<\/p><p>A lei tamb\u00e9m estabeleceu um teto de um ter\u00e7o para a perda de dias remidos. A medida refor\u00e7ou a proporcionalidade das puni\u00e7\u00f5es e aproximou o sistema da execu\u00e7\u00e3o penal do princ\u00edpio da individualiza\u00e7\u00e3o da pena, previsto na Constitui\u00e7\u00e3o.&nbsp;&nbsp;<\/p><p>A decis\u00e3o foi tomada na sess\u00e3o virtual encerrada em 25\/9.&nbsp;<\/p><p><em>(Gustavo Aguiar\/AS\/\/CF)&nbsp;&nbsp;&nbsp;<\/em><\/p><p><strong>Fonte: STF<\/strong><\/p>\n    <div class=\"xs_social_share_widget xs_share_url after_content \t\tmain_content  wslu-style-1 wslu-share-box-shaped wslu-fill-colored wslu-none wslu-share-horizontal wslu-theme-font-no wslu-main_content\">\n\n\t\t\n        <ul>\n\t\t\t        <\/ul>\n    <\/div> \n","protected":false},"excerpt":{"rendered":"<p>O Supremo Tribunal Federal (STF) aprovou uma nova S\u00famula Vinculante (SV 63) que afasta o enquadramento do tr\u00e1fico privilegiado como crime hediondo. A decis\u00e3o foi tomada em sess\u00e3o virtual, no julgamento da Proposta de S\u00famula Vinculante (PSV) 125.\u00a0<\/p>\n","protected":false},"author":5,"featured_media":0,"comment_status":"open","ping_status":"open","sticky":false,"template":"","format":"standard","meta":{"postBodyCss":"","postBodyMargin":[],"postBodyPadding":[],"postBodyBackground":{"backgroundType":"classic","gradient":""},"_price":"","_stock":"","_tribe_ticket_header":"","_tribe_default_ticket_provider":"","_tribe_ticket_capacity":"0","_ticket_start_date":"","_ticket_end_date":"","_tribe_ticket_show_description":"","_tribe_ticket_show_not_going":false,"_tribe_ticket_use_global_stock":"","_tribe_ticket_global_stock_level":"","_global_stock_mode":"","_global_stock_cap":"","_tribe_rsvp_for_event":"","_tribe_ticket_going_count":"","_tribe_ticket_not_going_count":"","_tribe_tickets_list":"[]","_tribe_ticket_has_attendee_info_fields":false,"footnotes":""},"categories":[46],"tags":[16050,2072,16055,16051,16053,16054,347,16049,348,16052,11140],"class_list":["post-14868","post","type-post","status-publish","format-standard","hentry","category-noticias","tag-carater-hediondo","tag-crime","tag-crime-hediondo","tag-forma-mais-branda","tag-organizacoes-criminosas","tag-reus-primarios","tag-stf","tag-sumula-vinculante","tag-supremo-tribunal-federal","tag-sv-63","tag-trafico-privilegiado"],"acf":[],"_links":{"self":[{"href":"https:\/\/sgpsolucoes.com.br\/site\/wp-json\/wp\/v2\/posts\/14868"}],"collection":[{"href":"https:\/\/sgpsolucoes.com.br\/site\/wp-json\/wp\/v2\/posts"}],"about":[{"href":"https:\/\/sgpsolucoes.com.br\/site\/wp-json\/wp\/v2\/types\/post"}],"author":[{"embeddable":true,"href":"https:\/\/sgpsolucoes.com.br\/site\/wp-json\/wp\/v2\/users\/5"}],"replies":[{"embeddable":true,"href":"https:\/\/sgpsolucoes.com.br\/site\/wp-json\/wp\/v2\/comments?post=14868"}],"version-history":[{"count":0,"href":"https:\/\/sgpsolucoes.com.br\/site\/wp-json\/wp\/v2\/posts\/14868\/revisions"}],"wp:attachment":[{"href":"https:\/\/sgpsolucoes.com.br\/site\/wp-json\/wp\/v2\/media?parent=14868"}],"wp:term":[{"taxonomy":"category","embeddable":true,"href":"https:\/\/sgpsolucoes.com.br\/site\/wp-json\/wp\/v2\/categories?post=14868"},{"taxonomy":"post_tag","embeddable":true,"href":"https:\/\/sgpsolucoes.com.br\/site\/wp-json\/wp\/v2\/tags?post=14868"}],"curies":[{"name":"wp","href":"https:\/\/api.w.org\/{rel}","templated":true}]}}