{"id":14877,"date":"2025-10-01T12:49:19","date_gmt":"2025-10-01T15:49:19","guid":{"rendered":"https:\/\/sgpsolucoes.com.br\/site\/?p=14877"},"modified":"2025-10-01T12:49:20","modified_gmt":"2025-10-01T15:49:20","slug":"condicao-analoga-a-de-escravo-nao-exige-restricao-a-liberdade-de-locomocao-para-se-configurar","status":"publish","type":"post","link":"https:\/\/sgpsolucoes.com.br\/site\/condicao-analoga-a-de-escravo-nao-exige-restricao-a-liberdade-de-locomocao-para-se-configurar\/","title":{"rendered":"Condi\u00e7\u00e3o an\u00e1loga \u00e0 de escravo n\u00e3o exige restri\u00e7\u00e3o \u00e0 liberdade de locomo\u00e7\u00e3o para se configurar"},"content":{"rendered":"<ul class=\"wp-block-list\"><li><strong><em>Resumo em linguagem simples<\/em><\/strong><\/li>\n\n<li><em>O STJ reformou decis\u00e3o de segunda inst\u00e2ncia que absolveu os respons\u00e1veis por uma fazenda do crime de submeter trabalhadores \u00e0 condi\u00e7\u00e3o an\u00e1loga \u00e0 de escravo. Segundo o tribunal, para se configurar o crime, n\u00e3o \u00e9 preciso que os trabalhadores sejam privados do seu direito de ir e vir, pois esta \u00e9 apenas uma das hip\u00f3teses previstas na lei. O crime tamb\u00e9m ocorre quando os trabalhadores s\u00e3o submetidos a qualquer uma destas situa\u00e7\u00f5es: trabalhos for\u00e7ados, jornada exaustiva ou condi\u00e7\u00f5es degradantes de trabalho, mesmo sem restri\u00e7\u00e3o \u00e0 liberdade.<\/em><\/li><\/ul><p>\u200bA Sexta Turma do Superior Tribunal de Justi\u00e7a (STJ) reafirmou a jurisprud\u00eancia segundo a qual a configura\u00e7\u00e3o do delito de redu\u00e7\u00e3o \u00e0 condi\u00e7\u00e3o an\u00e1loga \u00e0 de escravo, previsto no&nbsp;<a href=\"https:\/\/www.planalto.gov.br\/ccivil_03\/decreto-lei\/del2848.htm#art149\">artigo 149 do C\u00f3digo Penal<\/a>, n\u00e3o exige que os trabalhadores sejam privados de sua liberdade de ir e vir, bastando que estejam submetidos a condi\u00e7\u00f5es degradantes.<\/p><p>Com esse entendimento, o colegiado deu&nbsp;provimento&nbsp;a recurso do Minist\u00e9rio P\u00fablico Federal para reconhecer a&nbsp;tipicidade&nbsp;da conduta dos respons\u00e1veis por uma fazenda na qual a fiscaliza\u00e7\u00e3o do Minist\u00e9rio do Trabalho identificou 13 trabalhadores submetidos a condi\u00e7\u00f5es degradantes de trabalho. Eles foram contratados em 2008 para prestar servi\u00e7os em propriedade localizada nas zonas rurais dos munic\u00edpios de Correntina e S\u00e3o Desid\u00e9rio (BA).<\/p><p>O relat\u00f3rio de fiscaliza\u00e7\u00e3o apontou que os trabalhadores estavam alojados no meio do mato, dividindo-se entre os que dormiam em um \u00f4nibus velho e os que dormiam em um barraco de pl\u00e1stico preto, sem piso e sem energia el\u00e9trica; a \u00e1gua estava armazenada em caminh\u00e3o pipa velho e enferrujado, estacionado sob o sol, e era consumida sem tratamento; n\u00e3o havia instala\u00e7\u00f5es sanit\u00e1rias nem local adequado para banho, e as refei\u00e7\u00f5es eram preparadas ao lado do \u00f4nibus, em fog\u00e3o improvisado no ch\u00e3o.<\/p><p>Os acusados foram absolvidos em primeiro grau e no Tribunal Regional Federal da 1\u00aa Regi\u00e3o (TRF1), que, apesar de reconhecer a precariedade do local e a viola\u00e7\u00e3o dos direitos trabalhistas, entendeu n\u00e3o estar caracterizada a condi\u00e7\u00e3o an\u00e1loga \u00e0 de escravo, pois os trabalhadores n\u00e3o teriam restri\u00e7\u00e3o \u00e0 sua liberdade de locomo\u00e7\u00e3o.<\/p><h2 class=\"wp-block-heading\">Crime ocorre quando se verifica qualquer das condutas previstas na lei<\/h2><p>Para o relator do recurso no STJ, ministro Sebasti\u00e3o Reis J\u00fanior, os fatos demonstrados no processo \u2013 condi\u00e7\u00f5es degradantes de trabalho, aus\u00eancia de instala\u00e7\u00f5es sanit\u00e1rias, alojamento inadequado e falta de equipamentos de prote\u00e7\u00e3o individual \u2013 s\u00e3o suficientes, conforme a jurisprud\u00eancia, para caracterizar o delito.<\/p><p>Segundo o ministro, o artigo 149 do C\u00f3digo Penal estabelece tipo misto alternativo, que se configura mediante a submiss\u00e3o de algu\u00e9m a trabalhos for\u00e7ados, jornada exaustiva, condi\u00e7\u00f5es degradantes de trabalho ou restri\u00e7\u00e3o da liberdade de locomo\u00e7\u00e3o. &#8220;Trata-se de crime plurissubsistente, cuja&nbsp;tipicidade&nbsp;se aperfei\u00e7oa com a verifica\u00e7\u00e3o de qualquer das condutas previstas, independentemente da ofensa ao bem jur\u00eddico liberdade de locomo\u00e7\u00e3o&#8221;, explicou.<\/p><p>Na avalia\u00e7\u00e3o do relator, as circunst\u00e2ncias do caso em an\u00e1lise configuram condi\u00e7\u00f5es degradantes de trabalho, caracterizando o delito previsto no artigo 149. &#8220;Trata-se de pessoas em situa\u00e7\u00e3o de extrema vulnerabilidade social, aliciadas em contexto de miserabilidade e, consequentemente, propensas \u00e0 submiss\u00e3o a condi\u00e7\u00f5es desumanas que objetivam t\u00e3o somente a redu\u00e7\u00e3o m\u00e1xima dos custos da atividade empresarial&#8221;, afirmou, ressaltando que os acusados &#8220;tinham pleno conhecimento das condi\u00e7\u00f5es a que submetiam os empregados&#8221;.<\/p><p>Sebasti\u00e3o Reis J\u00fanior concluiu que o&nbsp;ac\u00f3rd\u00e3o&nbsp;do TRF1, ao exigir demonstra\u00e7\u00e3o de cerceamento da liberdade de ir e vir para configura\u00e7\u00e3o do crime, aplicou incorretamente o artigo 149 do C\u00f3digo Penal, contrariando a jurisprud\u00eancia consolidada do STJ e do Supremo Tribunal Federal (STF).<\/p><p><a href=\"https:\/\/processo.stj.jus.br\/processo\/julgamento\/eletronico\/documento\/mediado\/?documento_tipo=integra&amp;documento_sequencial=334733645&amp;registro_numero=202501006162&amp;peticao_numero=&amp;publicacao_data=20250916&amp;formato=PDF\">Leia o ac\u00f3rd\u00e3o no REsp 2.204.503<\/a>.<\/p><p><strong>Esta not\u00edcia refere-se ao(s)&nbsp;<\/strong><strong>processo(s):<\/strong><strong> <\/strong><strong><a href=\"https:\/\/ww2.stj.jus.br\/processo\/pesquisa\/?aplicacao=processos.ea&amp;tipoPesquisa=tipoPesquisaGenerica&amp;termo=REsp%202204503\">REsp 2204503<\/a><\/strong><strong><\/strong><\/p><p><strong>Fonte: STJ<\/strong><\/p>\n    <div class=\"xs_social_share_widget xs_share_url after_content \t\tmain_content  wslu-style-1 wslu-share-box-shaped wslu-fill-colored wslu-none wslu-share-horizontal wslu-theme-font-no wslu-main_content\">\n\n\t\t\n        <ul>\n\t\t\t        <\/ul>\n    <\/div> \n","protected":false},"excerpt":{"rendered":"<p>\u200bA Sexta Turma do Superior Tribunal de Justi\u00e7a (STJ) reafirmou a jurisprud\u00eancia segundo a qual a configura\u00e7\u00e3o do delito de redu\u00e7\u00e3o \u00e0 condi\u00e7\u00e3o an\u00e1loga \u00e0 de escravo, previsto no\u00a0artigo 149 do C\u00f3digo Penal, n\u00e3o exige que os trabalhadores sejam privados de sua liberdade de ir e vir, bastando que estejam submetidos a condi\u00e7\u00f5es degradantes.<\/p>\n","protected":false},"author":5,"featured_media":0,"comment_status":"open","ping_status":"open","sticky":false,"template":"","format":"standard","meta":{"postBodyCss":"","postBodyMargin":[],"postBodyPadding":[],"postBodyBackground":{"backgroundType":"classic","gradient":""},"_price":"","_stock":"","_tribe_ticket_header":"","_tribe_default_ticket_provider":"","_tribe_ticket_capacity":"0","_ticket_start_date":"","_ticket_end_date":"","_tribe_ticket_show_description":"","_tribe_ticket_show_not_going":false,"_tribe_ticket_use_global_stock":"","_tribe_ticket_global_stock_level":"","_global_stock_mode":"","_global_stock_cap":"","_tribe_rsvp_for_event":"","_tribe_ticket_going_count":"","_tribe_ticket_not_going_count":"","_tribe_tickets_list":"[]","_tribe_ticket_has_attendee_info_fields":false,"footnotes":""},"categories":[46],"tags":[16067,2072,16070,16069,16068,4366,229,4532],"class_list":["post-14877","post","type-post","status-publish","format-standard","hentry","category-noticias","tag-condicao-analoga-a-de-escravo","tag-crime","tag-escravo","tag-fazenda","tag-restricao-a-liberdade-de-locomocao","tag-segunda-instancia","tag-stj","tag-trabalhadores"],"acf":[],"_links":{"self":[{"href":"https:\/\/sgpsolucoes.com.br\/site\/wp-json\/wp\/v2\/posts\/14877"}],"collection":[{"href":"https:\/\/sgpsolucoes.com.br\/site\/wp-json\/wp\/v2\/posts"}],"about":[{"href":"https:\/\/sgpsolucoes.com.br\/site\/wp-json\/wp\/v2\/types\/post"}],"author":[{"embeddable":true,"href":"https:\/\/sgpsolucoes.com.br\/site\/wp-json\/wp\/v2\/users\/5"}],"replies":[{"embeddable":true,"href":"https:\/\/sgpsolucoes.com.br\/site\/wp-json\/wp\/v2\/comments?post=14877"}],"version-history":[{"count":0,"href":"https:\/\/sgpsolucoes.com.br\/site\/wp-json\/wp\/v2\/posts\/14877\/revisions"}],"wp:attachment":[{"href":"https:\/\/sgpsolucoes.com.br\/site\/wp-json\/wp\/v2\/media?parent=14877"}],"wp:term":[{"taxonomy":"category","embeddable":true,"href":"https:\/\/sgpsolucoes.com.br\/site\/wp-json\/wp\/v2\/categories?post=14877"},{"taxonomy":"post_tag","embeddable":true,"href":"https:\/\/sgpsolucoes.com.br\/site\/wp-json\/wp\/v2\/tags?post=14877"}],"curies":[{"name":"wp","href":"https:\/\/api.w.org\/{rel}","templated":true}]}}