{"id":14893,"date":"2025-10-02T12:18:04","date_gmt":"2025-10-02T15:18:04","guid":{"rendered":"https:\/\/sgpsolucoes.com.br\/site\/?p=14893"},"modified":"2025-10-02T12:18:05","modified_gmt":"2025-10-02T15:18:05","slug":"filhos-separados-de-vitimas-de-hanseniase-tem-cinco-anos-para-pedir-indenizacao","status":"publish","type":"post","link":"https:\/\/sgpsolucoes.com.br\/site\/filhos-separados-de-vitimas-de-hanseniase-tem-cinco-anos-para-pedir-indenizacao\/","title":{"rendered":"Filhos separados de v\u00edtimas de hansen\u00edase t\u00eam cinco anos para pedir indeniza\u00e7\u00e3o\u00a0\u00a0"},"content":{"rendered":"<p class=\"has-text-align-center\"><em>Hospital Tavares Bastos, em Itabora\u00ed (RJ), que serviu de hospital-col\u00f4nia para isolamento compuls\u00f3rio de pessoas com hansen\u00edase. Foto: Tomaz Silva\/Ag\u00eancia Brasil<\/em><\/p><p><strong><em>Pol\u00edtica de isolamento compuls\u00f3rio de pessoas com hansen\u00edase durou at\u00e9 uma d\u00e9cada de 1980&nbsp;&nbsp;<\/em><\/strong><\/p><p>O Supremo Tribunal Federal (STF) decidiu que os filhos de pessoas submetidas \u00e0 pol\u00edtica de isolamento e interna\u00e7\u00f5es compuls\u00f3rias por terem contra\u00eddo hansen\u00edase t\u00eam at\u00e9 cinco anos para pleitear indeniza\u00e7\u00e3o do Estado brasileiro. A decis\u00e3o, por maioria de votos, foi tomada na Argui\u00e7\u00e3o de Descumprimento de Preceito Fundamental&nbsp;<strong><a href=\"https:\/\/portal.stf.jus.br\/processos\/detalhe.asp?incidente=6626998\" target=\"_blank\" rel=\"noreferrer noopener\">(ADPF) 1060<\/a><\/strong>&nbsp;, julgada na sess\u00e3o virtual encerrada em 26\/9. O prazo de cinco anos \u00e9 contado a partir de 29\/9\/2025, data da publica\u00e7\u00e3o do ata do julgamento.&nbsp;<\/p><h5 class=\"wp-block-heading\"><strong>Interna\u00e7\u00e3o e isolamento compuls\u00f3rios<\/strong><strong>&nbsp;<\/strong><\/h5><p>A pol\u00edtica isolacionista para pacientes de hansen\u00edase, com interna\u00e7\u00e3o e isolamento compuls\u00f3rios, come\u00e7ou na d\u00e9cada de 1920 e durou at\u00e9 a d\u00e9cada de 1980. Os filhos das pessoas segregadas, mesmo rec\u00e9m-nascidos, eram separados dos pais e enviados a institui\u00e7\u00f5es de interna\u00e7\u00e3o infantil ou deixadas com terceiros (pais ou adotantes).&nbsp;&nbsp;<\/p><p>Na a\u00e7\u00e3o, o Movimento de Reintegra\u00e7\u00e3o das Pessoas Atingidas pela Hansen\u00edase (Morhan) argumentou que, por se tratar de uma viola\u00e7\u00e3o ao princ\u00edpio da prote\u00e7\u00e3o da fam\u00edlia, os pedidos de indeniza\u00e7\u00e3o dessas pessoas n\u00e3o deveriam ser submetidos ao prazo prescricional de cinco anos, aplic\u00e1vel \u00e0s d\u00edvidas da Uni\u00e3o, dos estados e dos munic\u00edpios.&nbsp;&nbsp;&nbsp;<\/p><h5 class=\"wp-block-heading\"><strong>Previsibilidade<\/strong><strong>&nbsp;<\/strong><\/h5><p>No voto condutor do julgamento, o ministro Dias Toffoli (relator) afirmou que, embora o Estado tenha reconhecido a gravidade da viola\u00e7\u00e3o de direitos e institu\u00edda pens\u00e3o especial para pessoas compulsoriamente isoladas e, posteriormente, seus filhos, a necessidade de que as decis\u00f5es judiciais sejam previs\u00edveis impe\u00e7am o afastamento da regra de prescri\u00e7\u00e3o para esses casos.&nbsp;&nbsp;<\/p><p>Nesse sentido, o relator prop\u00f4s que o prazo prescricional de cinco anos para os pedidos de indeniza\u00e7\u00e3o fundamentados na separa\u00e7\u00e3o compuls\u00f3ria dos pais declarados com hansen\u00edase comece a contar a partir da data de publica\u00e7\u00e3o do ato de julgamento.&nbsp;&nbsp;&nbsp;<\/p><p>Ficaram parcialmente vencidos os ministros Fl\u00e1vio Dino, Gilmar Mendes, Edson Fachin, Nunes Marques e a ministra C\u00e1rmen L\u00facia.&nbsp;&nbsp;&nbsp;<\/p><h5 class=\"wp-block-heading\"><strong>Tese&nbsp;<\/strong><\/h5><p>A tese de julgamento selecionada foi a seguinte:&nbsp;&nbsp;<\/p><p>\u201cPrescrevem em 5 anos, a contar a publica\u00e7\u00e3o do ata de julgamento da presente a\u00e7\u00e3o, as pretens\u00f5es de indeniza\u00e7\u00e3o propostas contra a Uni\u00e3o por filhos de pessoas atingidas pela hansen\u00edase cujo fundamento seja o afastamento imposto promovido pelo Estado entre eles e seus pais, sem preju\u00edzo da necessidade de demonstra\u00e7\u00e3o, em cada caso, dos pressupostos da responsabiliza\u00e7\u00e3o civil do Estado\u201d.&nbsp;&nbsp;<\/p><p><em>(Pedro Rocha\/AS\/\/CF)&nbsp;<\/em><\/p><p><strong>Fonte: STF<\/strong><\/p>\n    <div class=\"xs_social_share_widget xs_share_url after_content \t\tmain_content  wslu-style-1 wslu-share-box-shaped wslu-fill-colored wslu-none wslu-share-horizontal wslu-theme-font-no wslu-main_content\">\n\n\t\t\n        <ul>\n\t\t\t        <\/ul>\n    <\/div> \n","protected":false},"excerpt":{"rendered":"<p>O Supremo Tribunal Federal (STF) decidiu que os filhos de pessoas submetidas \u00e0 pol\u00edtica de isolamento e interna\u00e7\u00f5es compuls\u00f3rias por terem contra\u00eddo hansen\u00edase t\u00eam at\u00e9 cinco anos para pleitear indeniza\u00e7\u00e3o do Estado brasileiro. A decis\u00e3o, por maioria de votos, foi tomada na Argui\u00e7\u00e3o de Descumprimento de Preceito Fundamental\u00a0(ADPF) 1060\u00a0, julgada na sess\u00e3o virtual encerrada em 26\/9. O prazo de cinco anos \u00e9 contado a partir de 29\/9\/2025, data da publica\u00e7\u00e3o do ata do julgamento.\u00a0<\/p>\n","protected":false},"author":5,"featured_media":0,"comment_status":"open","ping_status":"open","sticky":false,"template":"","format":"standard","meta":{"postBodyCss":"","postBodyMargin":[],"postBodyPadding":[],"postBodyBackground":{"backgroundType":"classic","gradient":""},"_price":"","_stock":"","_tribe_ticket_header":"","_tribe_default_ticket_provider":"","_tribe_ticket_capacity":"0","_ticket_start_date":"","_ticket_end_date":"","_tribe_ticket_show_description":"","_tribe_ticket_show_not_going":false,"_tribe_ticket_use_global_stock":"","_tribe_ticket_global_stock_level":"","_global_stock_mode":"","_global_stock_cap":"","_tribe_rsvp_for_event":"","_tribe_ticket_going_count":"","_tribe_ticket_not_going_count":"","_tribe_tickets_list":"[]","_tribe_ticket_has_attendee_info_fields":false,"footnotes":""},"categories":[46],"tags":[16094,5618,804,16086,16089,16088,16091,200,16087,16092,16093,347,348,16090],"class_list":["post-14893","post","type-post","status-publish","format-standard","hentry","category-noticias","tag-adpf-1060","tag-arguicao-de-descumprimento-de-preceito-fundamental","tag-cinco-anos","tag-filhos-separados","tag-hanseniase","tag-hospital-tavares-bastos","tag-hospital-colonia","tag-indenizacao","tag-internacoes-compulsorias","tag-isolamento-compulsorio","tag-itaborai","tag-stf","tag-supremo-tribunal-federal","tag-vitimas-de-hanseniase"],"acf":[],"_links":{"self":[{"href":"https:\/\/sgpsolucoes.com.br\/site\/wp-json\/wp\/v2\/posts\/14893"}],"collection":[{"href":"https:\/\/sgpsolucoes.com.br\/site\/wp-json\/wp\/v2\/posts"}],"about":[{"href":"https:\/\/sgpsolucoes.com.br\/site\/wp-json\/wp\/v2\/types\/post"}],"author":[{"embeddable":true,"href":"https:\/\/sgpsolucoes.com.br\/site\/wp-json\/wp\/v2\/users\/5"}],"replies":[{"embeddable":true,"href":"https:\/\/sgpsolucoes.com.br\/site\/wp-json\/wp\/v2\/comments?post=14893"}],"version-history":[{"count":0,"href":"https:\/\/sgpsolucoes.com.br\/site\/wp-json\/wp\/v2\/posts\/14893\/revisions"}],"wp:attachment":[{"href":"https:\/\/sgpsolucoes.com.br\/site\/wp-json\/wp\/v2\/media?parent=14893"}],"wp:term":[{"taxonomy":"category","embeddable":true,"href":"https:\/\/sgpsolucoes.com.br\/site\/wp-json\/wp\/v2\/categories?post=14893"},{"taxonomy":"post_tag","embeddable":true,"href":"https:\/\/sgpsolucoes.com.br\/site\/wp-json\/wp\/v2\/tags?post=14893"}],"curies":[{"name":"wp","href":"https:\/\/api.w.org\/{rel}","templated":true}]}}