{"id":14931,"date":"2025-10-03T15:48:25","date_gmt":"2025-10-03T18:48:25","guid":{"rendered":"https:\/\/sgpsolucoes.com.br\/site\/?p=14931"},"modified":"2025-10-03T15:48:26","modified_gmt":"2025-10-03T18:48:26","slug":"aprovada-continuidade-de-licitacao-para-restaurar-floresta-nacional-do-bom-futuro","status":"publish","type":"post","link":"https:\/\/sgpsolucoes.com.br\/site\/aprovada-continuidade-de-licitacao-para-restaurar-floresta-nacional-do-bom-futuro\/","title":{"rendered":"Aprovada continuidade de licita\u00e7\u00e3o para restaurar Floresta Nacional do Bom Futuro"},"content":{"rendered":"<p><em><strong>Projeto de concess\u00e3o em Rond\u00f4nia prev\u00ea recupera\u00e7\u00e3o de \u00e1reas degradadas, comercializa\u00e7\u00e3o de cr\u00e9ditos de carbono e benef\u00edcios sociais para comunidades locais e ind\u00edgenas<\/strong><\/em><\/p><h3 class=\"wp-block-heading\">Resumo<\/h3><ul class=\"wp-block-list\"><li>TCU aprova continuidade do processo de concess\u00e3o para restaura\u00e7\u00e3o da Floresta Nacional do Bom Futuro, em Rond\u00f4nia.<\/li>\n\n<li>Projeto prev\u00ea recupera\u00e7\u00e3o de mais de 12 mil hectares degradados e gera\u00e7\u00e3o de cr\u00e9ditos de carbono, em modelo pioneiro no Brasil.<\/li>\n\n<li>Tribunal determina ajustes no edital, com foco no monitoramento ambiental e na recomposi\u00e7\u00e3o da fauna silvestre.<\/li>\n\n<li>Comunidades locais e povos ind\u00edgenas ser\u00e3o beneficiados com empregos, infraestrutura e investimentos sociais.<\/li><\/ul><p>O Tribunal de Contas da Uni\u00e3o (TCU) aprovou, na sess\u00e3o plen\u00e1ria desta quarta-feira (1\/10), a<strong>&nbsp;continuidade do processo de concess\u00e3o para restaura\u00e7\u00e3o da Floresta Nacional do Bom Futuro<\/strong>, em Rond\u00f4nia. A iniciativa \u00e9 conduzida pelo Servi\u00e7o Florestal Brasileiro (SFB) e vai permitir a recupera\u00e7\u00e3o de \u00e1reas degradadas, a explora\u00e7\u00e3o sustent\u00e1vel de produtos florestais e a comercializa\u00e7\u00e3o de cr\u00e9ditos de carbono, em modelo considerado inovador e pioneiro no pa\u00eds.<\/p><p>A Floresta Nacional do Bom Futuro tem mais de 100 mil hectares e fica localizada na capital do estado, Porto Velho.&nbsp;<strong>A \u00e1rea \u00e9 considerada estrat\u00e9gica para a conserva\u00e7\u00e3o da Amaz\u00f4nia, pois re\u00fane tanto \u00e1reas de floresta prim\u00e1ria preservada quanto extensas \u00e1reas degradadas<\/strong>, que ser\u00e3o alvo de recupera\u00e7\u00e3o. O projeto integra o programa internacional Paisagens Sustent\u00e1veis da Amaz\u00f4nia, financiado pelo&nbsp;<em>Global Environment Facility<\/em>&nbsp;(GEF), que busca ampliar a prote\u00e7\u00e3o da biodiversidade e estimular pr\u00e1ticas de manejo florestal sustent\u00e1vel.<\/p><p>A concession\u00e1ria que vencer a licita\u00e7\u00e3o ter\u00e1 direito de explorar atividades ligadas \u00e0 restaura\u00e7\u00e3o e ao uso sustent\u00e1vel dos recursos naturais por 40 anos. Em contrapartida, vai assumir obriga\u00e7\u00f5es ambientais e sociais. Entre elas,<strong>&nbsp;recuperar mais de 12 mil hectares de \u00e1reas degradadas, gerar empregos, investir em pesquisas e apoiar comunidades locais e ind\u00edgenas<\/strong>. A principal fonte de receita do contrato ser\u00e1 a comercializa\u00e7\u00e3o de cr\u00e9ditos de carbono.<\/p><p>Em seu voto, o ministro-relator do processo, Aroldo Cedraz, ressaltou que&nbsp;<strong>o SFB atendeu aos aspectos de economicidade e apresentou documenta\u00e7\u00e3o t\u00e9cnica suficiente<\/strong>&nbsp;para sustentar o projeto. Apesar da avalia\u00e7\u00e3o positiva, o TCU determina ajustes antes da publica\u00e7\u00e3o do edital.<\/p><p>Entre as mudan\u00e7as, o Macrotema 2, que trata do&nbsp;<strong>monitoramento das unidades de manejo<\/strong>, dever\u00e1 contemplar de forma mais ampla o acompanhamento da biodiversidade, dos impactos da restaura\u00e7\u00e3o florestal, do regime hidrol\u00f3gico, da preserva\u00e7\u00e3o de mananciais e da preven\u00e7\u00e3o de atividades ilegais.<\/p><p>Al\u00e9m disso, foi criado o Macrotema 7, voltado \u00e0&nbsp;<strong>recomposi\u00e7\u00e3o da fauna silvestre<\/strong>. A medida exige da concession\u00e1ria investimentos em a\u00e7\u00f5es de recupera\u00e7\u00e3o e manejo de esp\u00e9cies nativas, na cria\u00e7\u00e3o de corredores ecol\u00f3gicos e em iniciativas junto \u00e0s comunidades locais para prote\u00e7\u00e3o da fauna.<\/p><p>Para o ministro Aroldo Cedraz, as determina\u00e7\u00f5es fortalecem a sustentabilidade e a relev\u00e2ncia social do empreendimento.&nbsp;<strong>&#8220;Essa concess\u00e3o alia interesses p\u00fablicos, ambientais, sociais e privados, e pode se tornar um marco para o desenvolvimento do mercado de restaura\u00e7\u00e3o florestal e cr\u00e9ditos de carbono no Brasil&#8221;<\/strong>, afirma em seu voto. O Tribunal vai continuar monitorando as medidas para garantir o cumprimento das determina\u00e7\u00f5es.<\/p><p><strong>Impactos esperados pela concess\u00e3o<\/strong><\/p><p>O impacto esperado vai al\u00e9m da dimens\u00e3o ambiental. Comunidades locais e povos ind\u00edgenas, como os Karitiana, dever\u00e3o ser diretamente beneficiados com gera\u00e7\u00e3o de empregos, investimentos em infraestrutura e a compra de sementes produzidas pela comunidade. Estima-se que cerca de&nbsp;<strong>R$ 12 milh\u00f5es sejam destinados a iniciativas voltadas especificamente para essas popula\u00e7\u00f5es<\/strong>&nbsp;ao longo da concess\u00e3o.<\/p><p>O povo da Terra Ind\u00edgena Karitiana, vizinha \u00e0 Flona do Bom Futuro, \u00e9 considerado fundamental para o projeto, devido \u00e0 integridade ambiental do territ\u00f3rio e o amplo conhecimento tradicional associado \u00e0 vegeta\u00e7\u00e3o nativa.<\/p><p><strong>SERVI\u00c7O<\/strong><\/p><p>Leia a \u00edntegra da decis\u00e3o:&nbsp;<a href=\"https:\/\/pesquisa.apps.tcu.gov.br\/documento\/acordao-completo\/*\/NUMACORDAO%253A2285%2520ANOACORDAO%253A2025\/DTRELEVANCIA%2520desc%252C%2520NUMACORDAOINT%2520desc\/0\" target=\"_blank\" rel=\"noreferrer noopener\">Ac\u00f3rd\u00e3o 2285\/2025 &#8211; Plen\u00e1rio<\/a><\/p><p>Processo:&nbsp;<a href=\"https:\/\/pesquisa.apps.tcu.gov.br\/documento\/processo\/*\/NUMEROSOMENTENUMEROS%253A377320256\/DTAUTUACAOORDENACAO%2520desc%252C%2520NUMEROCOMZEROS%2520desc\/0\" target=\"_blank\" rel=\"noreferrer noopener\">TC 003.773\/2025-6<\/a><\/p><p>Sess\u00e3o: 1\/10\/2025<\/p><p><strong>Fonte: TCU<\/strong><\/p>\n    <div class=\"xs_social_share_widget xs_share_url after_content \t\tmain_content  wslu-style-1 wslu-share-box-shaped wslu-fill-colored wslu-none wslu-share-horizontal wslu-theme-font-no wslu-main_content\">\n\n\t\t\n        <ul>\n\t\t\t        <\/ul>\n    <\/div> \n","protected":false},"excerpt":{"rendered":"<p>TCU aprova continuidade do processo de concess\u00e3o para restaura\u00e7\u00e3o da Floresta Nacional do Bom Futuro, em Rond\u00f4nia.<\/p>\n<p>Projeto prev\u00ea recupera\u00e7\u00e3o de mais de 12 mil hectares degradados e gera\u00e7\u00e3o de cr\u00e9ditos de carbono, em modelo pioneiro no Brasil.<\/p>\n<p>Tribunal determina ajustes no edital, com foco no monitoramento ambiental e na recomposi\u00e7\u00e3o da fauna silvestre.<\/p>\n<p>Comunidades locais e povos ind\u00edgenas ser\u00e3o beneficiados com empregos, infraestrutura e investimentos sociais.<\/p>\n","protected":false},"author":5,"featured_media":0,"comment_status":"open","ping_status":"open","sticky":false,"template":"","format":"standard","meta":{"postBodyCss":"","postBodyMargin":[],"postBodyPadding":[],"postBodyBackground":{"backgroundType":"classic","gradient":""},"_price":"","_stock":"","_tribe_ticket_header":"","_tribe_default_ticket_provider":"","_tribe_ticket_capacity":"0","_ticket_start_date":"","_ticket_end_date":"","_tribe_ticket_show_description":"","_tribe_ticket_show_not_going":false,"_tribe_ticket_use_global_stock":"","_tribe_ticket_global_stock_level":"","_global_stock_mode":"","_global_stock_cap":"","_tribe_rsvp_for_event":"","_tribe_ticket_going_count":"","_tribe_ticket_not_going_count":"","_tribe_tickets_list":"[]","_tribe_ticket_has_attendee_info_fields":false,"footnotes":""},"categories":[46],"tags":[16143,16141,1655,16142,16140,16139,2490,138,16137,2109,16138,3415,258,450],"class_list":["post-14931","post","type-post","status-publish","format-standard","hentry","category-noticias","tag-areas-degradadas","tag-beneficios-sociais","tag-comercializacao","tag-comunidades-locais","tag-creditos-de-carbono","tag-floresta-nacional-do-bom-futuro","tag-indigenas","tag-licitacao-2","tag-projeto-de-concessao","tag-recuperacao","tag-restaurar","tag-rondonia","tag-tcu","tag-tribunal-de-contas-da-uniao"],"acf":[],"_links":{"self":[{"href":"https:\/\/sgpsolucoes.com.br\/site\/wp-json\/wp\/v2\/posts\/14931"}],"collection":[{"href":"https:\/\/sgpsolucoes.com.br\/site\/wp-json\/wp\/v2\/posts"}],"about":[{"href":"https:\/\/sgpsolucoes.com.br\/site\/wp-json\/wp\/v2\/types\/post"}],"author":[{"embeddable":true,"href":"https:\/\/sgpsolucoes.com.br\/site\/wp-json\/wp\/v2\/users\/5"}],"replies":[{"embeddable":true,"href":"https:\/\/sgpsolucoes.com.br\/site\/wp-json\/wp\/v2\/comments?post=14931"}],"version-history":[{"count":0,"href":"https:\/\/sgpsolucoes.com.br\/site\/wp-json\/wp\/v2\/posts\/14931\/revisions"}],"wp:attachment":[{"href":"https:\/\/sgpsolucoes.com.br\/site\/wp-json\/wp\/v2\/media?parent=14931"}],"wp:term":[{"taxonomy":"category","embeddable":true,"href":"https:\/\/sgpsolucoes.com.br\/site\/wp-json\/wp\/v2\/categories?post=14931"},{"taxonomy":"post_tag","embeddable":true,"href":"https:\/\/sgpsolucoes.com.br\/site\/wp-json\/wp\/v2\/tags?post=14931"}],"curies":[{"name":"wp","href":"https:\/\/api.w.org\/{rel}","templated":true}]}}