{"id":14947,"date":"2025-10-03T16:17:48","date_gmt":"2025-10-03T19:17:48","guid":{"rendered":"https:\/\/sgpsolucoes.com.br\/site\/?p=14947"},"modified":"2025-10-03T16:17:49","modified_gmt":"2025-10-03T19:17:49","slug":"tribunal-multa-medico-por-acumulacao-de-cargos","status":"publish","type":"post","link":"https:\/\/sgpsolucoes.com.br\/site\/tribunal-multa-medico-por-acumulacao-de-cargos\/","title":{"rendered":"Tribunal multa m\u00e9dico por acumula\u00e7\u00e3o de cargos"},"content":{"rendered":"<p>A Segunda C\u00e2mara do Tribunal de Contas do Estado de Minas Gerais (TCEMG), na sess\u00e3o dessa ter\u00e7a-feira (30\/9), multou Carlos Alberto Fernandes, em R$40 mil, por acumula\u00e7\u00e3o il\u00edcita de quatro cargos p\u00fablicos de m\u00e9dico nos munic\u00edpios de Par\u00e1 de Minas, Igaratinga e Belo Horizonte.<\/p><p>A irregularidade foi identificada no Cadastro de Agentes P\u00fablicos do Estado e dos Munic\u00edpios de Minas Gerais \u2013 CAPMG, pela Malha eletr\u00f4nica de Fiscaliza\u00e7\u00e3o do Tribunal. A representa\u00e7\u00e3o (Processo n. 1092378) foi feita pelo Minist\u00e9rio P\u00fablico de Contas (MPC) pelo ac\u00famulo indevido de um cargo em Belo Horizonte, dois em Par\u00e1 de Minas e um cargo no munic\u00edpio de Igaratinga, no per\u00edodo de 2003 a 2018, totalizando uma carga hor\u00e1ria semanal de 70 horas.<\/p><p>A jornada ilegal somada \u00e0 dist\u00e2ncia geogr\u00e1fica entre os munic\u00edpios empregadores e o recebimento indevido de remunera\u00e7\u00e3o, segundo a norma, acarreta grave infra\u00e7\u00e3o \u00e0 lei e aplica\u00e7\u00e3o de multa ao agente.<\/p><p>No exame t\u00e9cnico, todavia, foi poss\u00edvel constatar apenas a acumula\u00e7\u00e3o irregular de cargos, mas n\u00e3o foi poss\u00edvel comprovar o preju\u00edzo aos cofres p\u00fablicos por inexecu\u00e7\u00e3o de atividades funcionais ou recebimento indevido de remunera\u00e7\u00e3o sem a correspondente presta\u00e7\u00e3o do servi\u00e7o.<\/p><p>O processo, cuja relatoria \u00e9 do conselheiro Gilberto Diniz, contou tamb\u00e9m com a manifesta\u00e7\u00e3o do conselheiro em exerc\u00edcio Licurgo Mour\u00e3o, tendo sido a decis\u00e3o do colegiado pela multa no valor de R$40 mil, determinada por Mour\u00e3o. Por\u00e9m, confirmando o entendimento de Gilberto Diniz, a Segunda C\u00e2mara n\u00e3o inabilitou o profissional a cargos em comiss\u00e3o. Diniz ainda fez diversas recomenda\u00e7\u00f5es aos prefeitos dos munic\u00edpios envolvidos.&nbsp;<\/p><p><em>Regina Kelles | Coordenadoria de Imprensa<\/em><\/p><p><strong>Fonte: TCE-MG<\/strong><\/p>\n    <div class=\"xs_social_share_widget xs_share_url after_content \t\tmain_content  wslu-style-1 wslu-share-box-shaped wslu-fill-colored wslu-none wslu-share-horizontal wslu-theme-font-no wslu-main_content\">\n\n\t\t\n        <ul>\n\t\t\t        <\/ul>\n    <\/div> \n","protected":false},"excerpt":{"rendered":"<p>A Segunda C\u00e2mara do Tribunal de Contas do Estado de Minas Gerais (TCEMG), na sess\u00e3o dessa ter\u00e7a-feira (30\/9), multou Carlos Alberto Fernandes, em R$40 mil, por acumula\u00e7\u00e3o il\u00edcita de quatro cargos p\u00fablicos de m\u00e9dico nos munic\u00edpios de Par\u00e1 de Minas, Igaratinga e Belo Horizonte.<\/p>\n","protected":false},"author":5,"featured_media":0,"comment_status":"open","ping_status":"open","sticky":false,"template":"","format":"standard","meta":{"postBodyCss":"","postBodyMargin":[],"postBodyPadding":[],"postBodyBackground":{"backgroundType":"classic","gradient":""},"_price":"","_stock":"","_tribe_ticket_header":"","_tribe_default_ticket_provider":"","_tribe_ticket_capacity":"0","_ticket_start_date":"","_ticket_end_date":"","_tribe_ticket_show_description":"","_tribe_ticket_show_not_going":false,"_tribe_ticket_use_global_stock":"","_tribe_ticket_global_stock_level":"","_global_stock_mode":"","_global_stock_cap":"","_tribe_rsvp_for_event":"","_tribe_ticket_going_count":"","_tribe_ticket_not_going_count":"","_tribe_tickets_list":"[]","_tribe_ticket_has_attendee_info_fields":false,"footnotes":""},"categories":[46],"tags":[16154,10397,12180,2532,16155,16157,4609,291,16156,372,361,1014,597,1020],"class_list":["post-14947","post","type-post","status-publish","format-standard","hentry","category-noticias","tag-acumulacao-de-cargos","tag-acumulacao-ilicita","tag-belo-horizonte","tag-cargos-publicos","tag-carlos-alberto-fernandes","tag-igaratinga","tag-medico","tag-multa","tag-para-de-minas","tag-segunda-camara","tag-tce-mg","tag-tcemg","tag-tribunal","tag-tribunal-de-contas-do-estado-de-minas-gerais"],"acf":[],"_links":{"self":[{"href":"https:\/\/sgpsolucoes.com.br\/site\/wp-json\/wp\/v2\/posts\/14947"}],"collection":[{"href":"https:\/\/sgpsolucoes.com.br\/site\/wp-json\/wp\/v2\/posts"}],"about":[{"href":"https:\/\/sgpsolucoes.com.br\/site\/wp-json\/wp\/v2\/types\/post"}],"author":[{"embeddable":true,"href":"https:\/\/sgpsolucoes.com.br\/site\/wp-json\/wp\/v2\/users\/5"}],"replies":[{"embeddable":true,"href":"https:\/\/sgpsolucoes.com.br\/site\/wp-json\/wp\/v2\/comments?post=14947"}],"version-history":[{"count":0,"href":"https:\/\/sgpsolucoes.com.br\/site\/wp-json\/wp\/v2\/posts\/14947\/revisions"}],"wp:attachment":[{"href":"https:\/\/sgpsolucoes.com.br\/site\/wp-json\/wp\/v2\/media?parent=14947"}],"wp:term":[{"taxonomy":"category","embeddable":true,"href":"https:\/\/sgpsolucoes.com.br\/site\/wp-json\/wp\/v2\/categories?post=14947"},{"taxonomy":"post_tag","embeddable":true,"href":"https:\/\/sgpsolucoes.com.br\/site\/wp-json\/wp\/v2\/tags?post=14947"}],"curies":[{"name":"wp","href":"https:\/\/api.w.org\/{rel}","templated":true}]}}