{"id":14962,"date":"2025-10-06T17:45:27","date_gmt":"2025-10-06T20:45:27","guid":{"rendered":"https:\/\/sgpsolucoes.com.br\/site\/?p=14962"},"modified":"2025-10-06T17:45:28","modified_gmt":"2025-10-06T20:45:28","slug":"tce-es-acolhe-recurso-e-permite-contratacao-de-empresas-de-locacao-de-veiculos-pelo-consorcio-cim-norte","status":"publish","type":"post","link":"https:\/\/sgpsolucoes.com.br\/site\/tce-es-acolhe-recurso-e-permite-contratacao-de-empresas-de-locacao-de-veiculos-pelo-consorcio-cim-norte\/","title":{"rendered":"TCE-ES acolhe recurso e permite contrata\u00e7\u00e3o de empresas de loca\u00e7\u00e3o de ve\u00edculos pelo Cons\u00f3rcio CIM Norte"},"content":{"rendered":"<p>Os conselheiros do\u00a0Tribunal de Contas do Estado do Esp\u00edrito Santo (TCE-ES)\u00a0aceitaram dois recursos que questionavam uma medida cautelar que determinava a suspens\u00e3o da contrata\u00e7\u00e3o de empresas para loca\u00e7\u00e3o de ve\u00edculos. A Ata de Registro de Pre\u00e7o foi organizada pelo\u00a0Cons\u00f3rcio P\u00fablico da Regi\u00e3o Norte do Esp\u00edrito Santo (CIM Norte).<\/p><p>Na decis\u00e3o cautelar foram observadas duas irregularidades: veda\u00e7\u00e3o indevida de participa\u00e7\u00e3o de empresas em cons\u00f3rcios e utiliza\u00e7\u00e3o de crit\u00e9rio indevido de aloca\u00e7\u00e3o do objeto em lotes com categorias distintas de ve\u00edculo.<\/p><p>Contudo, ap\u00f3s analisar os agravos sobre o tema, o conselheiro substituto Marco&nbsp;Antonio&nbsp;da Silva considerou que irregularidades formais n\u00e3o devem impedir a satisfa\u00e7\u00e3o do interesse coletivo&nbsp;\u2013 apresentando jurisprud\u00eancias que seguem o mesmo entendimento.<\/p><p>\u201cDiante da possibilidade legal de convalida\u00e7\u00e3o, havendo jurisprud\u00eancia que exige pondera\u00e7\u00e3o entre legalidade e interesse p\u00fablico, deve- se privilegiar solu\u00e7\u00f5es saneadoras que mantenham os efeitos v\u00e1lidos e garantam a execu\u00e7\u00e3o dos servi\u00e7os at\u00e9 a instru\u00e7\u00e3o exauriente, assegurando-se simultaneamente a observ\u00e2ncia de procedimentos austeros e a prote\u00e7\u00e3o da coletividade, sob pena de se converter o princ\u00edpio da legalidade em obst\u00e1culo \u00e0 continuidade de servi\u00e7os essenciais \u2013 sem preju\u00edzo dos ajustes ou atribui\u00e7\u00e3o de responsabilidade decorrentes de exageros eventualmente identificados\u201d, apresentou o conselheiro substituto em decis\u00e3o seguida pelos demais membros da Corte de Contas.<\/p><blockquote class=\"wp-block-quote is-layout-flow wp-block-quote-is-layout-flow\"><p>\u201cVislumbra-se que os servi\u00e7os pretendidos de contrata\u00e7\u00e3o e os contratos j\u00e1 em execu\u00e7\u00e3o, possuem por objeto direto, tamb\u00e9m, o atendimento de servi\u00e7os da \u00e1rea da sa\u00fade e da educa\u00e7\u00e3o, direcionados a atender a popula\u00e7\u00e3o mais vulner\u00e1vel das municipalidades envolvidas\u201d, acrescentou Marco&nbsp;Antonio.<\/p><\/blockquote><p>Assim, foi dado total provimento aos recursos, reformando a decis\u00e3o cautelar at\u00e9 que, ap\u00f3s instru\u00e7\u00e3o exauriente do feito, o processo seja julgado de forma conclusiva pelo TCE-ES.<\/p><p><em>Entenda: medida cautelar<\/em><\/p><p>Tem a finalidade de, emergencialmente, prevenir, conservar, proteger ou assegurar direitos, por haver fundado receio de grave ofensa ao interesse p\u00fablico ou de inefic\u00e1cia das decis\u00f5es do tribunal.<\/p><p>A medida cautelar poder\u00e1 ser concedida no in\u00edcio ou no decorrer do processo, podendo a decis\u00e3o ser revista a qualquer tempo por essa Corte de Contas.<\/p><p>A cautelar n\u00e3o indica julgamento terminativo do m\u00e9rito, ou seja, n\u00e3o \u00e9 poss\u00edvel atribuir valor \u00e9tico e formal \u00e0 conduta do agente a partir desta decis\u00e3o.<\/p><p><strong><a href=\"https:\/\/www.tcees.tc.br\/consultas\/processo\/detalhar-processo?numero=4291&amp;ano=2025&amp;key=3e3018b99a243a293a0a69cf1cc76671630233808192e6751c8f8feae70eeaffa2f7edb93e084016a8e71b1a2bb5c90be7c3a6c2ebefb344f29b32e3450e7607\" target=\"_blank\" rel=\"noreferrer noopener\">Processo TC 4291\/2025<\/a><\/strong><\/p><p><strong><a href=\"https:\/\/www.tcees.tc.br\/consultas\/processo\/detalhar-processo?numero=4300&amp;ano=2025&amp;key=de4e3a057324f436dc605fca8a97eb3125beac4a949350258b49094d6aeb9366a44bfe3d28195af1967d681a9877ec576cdf3fd7b7eb34109b1c77ba085d7a5e\" target=\"_blank\" rel=\"noreferrer noopener\">Processo TC 4300\/2025<\/a><\/strong><\/p><figure class=\"wp-block-table\"><table class=\"has-fixed-layout\"><tbody><tr><td><strong>Resumo em t\u00f3picos<\/strong><br><br><strong>Cautelar revista<\/strong>: O TCE-ES aceitou recursos e suspendeu medida cautelar que barrava contrata\u00e7\u00e3o de empresas para loca\u00e7\u00e3o de ve\u00edculos via CIM Norte.<br><br><strong>Irregularidades formais<\/strong>: Problemas como veda\u00e7\u00e3o indevida a cons\u00f3rcios e crit\u00e9rios de aloca\u00e7\u00e3o foram considerados formais e pass\u00edveis de corre\u00e7\u00e3o.<br><br><strong>Servi\u00e7o essencial<\/strong>: A decis\u00e3o priorizou a continuidade dos servi\u00e7os, especialmente nas \u00e1reas de sa\u00fade e educa\u00e7\u00e3o, at\u00e9 julgamento definitivo.<\/td><\/tr><\/tbody><\/table><\/figure><p><strong>Fonte: TCE-ES<\/strong><\/p>\n    <div class=\"xs_social_share_widget xs_share_url after_content \t\tmain_content  wslu-style-1 wslu-share-box-shaped wslu-fill-colored wslu-none wslu-share-horizontal wslu-theme-font-no wslu-main_content\">\n\n\t\t\n        <ul>\n\t\t\t        <\/ul>\n    <\/div> \n","protected":false},"excerpt":{"rendered":"<p>Os conselheiros do\u00a0Tribunal de Contas do Estado do Esp\u00edrito Santo (TCE-ES)\u00a0aceitaram dois recursos que questionavam uma medida cautelar que determinava a suspens\u00e3o da contrata\u00e7\u00e3o de empresas para loca\u00e7\u00e3o de ve\u00edculos. A Ata de Registro de Pre\u00e7o foi organizada pelo\u00a0Cons\u00f3rcio P\u00fablico da Regi\u00e3o Norte do Esp\u00edrito Santo (CIM Norte).<\/p>\n","protected":false},"author":5,"featured_media":0,"comment_status":"open","ping_status":"open","sticky":false,"template":"","format":"standard","meta":{"postBodyCss":"","postBodyMargin":[],"postBodyPadding":[],"postBodyBackground":{"backgroundType":"classic","gradient":""},"_price":"","_stock":"","_tribe_ticket_header":"","_tribe_default_ticket_provider":"","_tribe_ticket_capacity":"0","_ticket_start_date":"","_ticket_end_date":"","_tribe_ticket_show_description":"","_tribe_ticket_show_not_going":false,"_tribe_ticket_use_global_stock":"","_tribe_ticket_global_stock_level":"","_global_stock_mode":"","_global_stock_cap":"","_tribe_rsvp_for_event":"","_tribe_ticket_going_count":"","_tribe_ticket_not_going_count":"","_tribe_tickets_list":"[]","_tribe_ticket_has_attendee_info_fields":false,"footnotes":""},"categories":[46],"tags":[11863,16178,11302,2679,9813,2768,1394,2303,4702,4707,1448],"class_list":["post-14962","post","type-post","status-publish","format-standard","hentry","category-noticias","tag-ata-de-registro-de-preco","tag-consorcio-cim-norte","tag-consorcio-publico-da-regiao-norte-do-espirito-santo","tag-contratacao","tag-locacao","tag-locacao-de-veiculos","tag-medida-cautelar","tag-recurso","tag-tce-es","tag-tribunal-de-contas-do-estado-do-espirito-santo","tag-veiculos"],"acf":[],"_links":{"self":[{"href":"https:\/\/sgpsolucoes.com.br\/site\/wp-json\/wp\/v2\/posts\/14962"}],"collection":[{"href":"https:\/\/sgpsolucoes.com.br\/site\/wp-json\/wp\/v2\/posts"}],"about":[{"href":"https:\/\/sgpsolucoes.com.br\/site\/wp-json\/wp\/v2\/types\/post"}],"author":[{"embeddable":true,"href":"https:\/\/sgpsolucoes.com.br\/site\/wp-json\/wp\/v2\/users\/5"}],"replies":[{"embeddable":true,"href":"https:\/\/sgpsolucoes.com.br\/site\/wp-json\/wp\/v2\/comments?post=14962"}],"version-history":[{"count":0,"href":"https:\/\/sgpsolucoes.com.br\/site\/wp-json\/wp\/v2\/posts\/14962\/revisions"}],"wp:attachment":[{"href":"https:\/\/sgpsolucoes.com.br\/site\/wp-json\/wp\/v2\/media?parent=14962"}],"wp:term":[{"taxonomy":"category","embeddable":true,"href":"https:\/\/sgpsolucoes.com.br\/site\/wp-json\/wp\/v2\/categories?post=14962"},{"taxonomy":"post_tag","embeddable":true,"href":"https:\/\/sgpsolucoes.com.br\/site\/wp-json\/wp\/v2\/tags?post=14962"}],"curies":[{"name":"wp","href":"https:\/\/api.w.org\/{rel}","templated":true}]}}