{"id":14990,"date":"2025-10-07T15:22:32","date_gmt":"2025-10-07T18:22:32","guid":{"rendered":"https:\/\/sgpsolucoes.com.br\/site\/?p=14990"},"modified":"2025-10-07T15:22:33","modified_gmt":"2025-10-07T18:22:33","slug":"edicao-no-76-do-periodico-sam-solucao-em-direito-administrativo-e-municipal","status":"publish","type":"post","link":"https:\/\/sgpsolucoes.com.br\/site\/edicao-no-76-do-periodico-sam-solucao-em-direito-administrativo-e-municipal\/","title":{"rendered":"Edi\u00e7\u00e3o n\u00ba 76 do peri\u00f3dico SAM &#8211; Solu\u00e7\u00e3o em Direito Administrativo e Municipal"},"content":{"rendered":"<p>\ud83d\uddd3\ufe0f M\u00eas 10\/2025 &#8211; Confira a Edi\u00e7\u00e3o n\u00ba 76 do peri\u00f3dico SAM &#8211; Solu\u00e7\u00e3o em Direito Administrativo e Municipal<\/p><div class=\"wp-block-media-text is-stacked-on-mobile\"><figure class=\"wp-block-media-text__media\"><video controls src=\"https:\/\/sgpsolucoes.com.br\/site\/wp-content\/uploads\/2025\/10\/WhatsApp-Video-2025-10-07-at-15.02.45-1.mp4\"><\/video><\/figure><div class=\"wp-block-media-text__content\"><p>\ud83c\udfa4SE\u00c7\u00c3O ENTREVISTA COM O MESTRE\ud83c\udfa4<\/p>\n\n<p class=\"has-text-align-center\">\u2b50 Entrevistado                                          Dr. Roberto Angotti J\u00fanior \u2b50<\/p>\n\n<p class=\"has-text-align-center\">\ud83d\udde3\ufe0f\ud83d\udcac Tema: &#8220;O Papel das Escolas de Governo no Direito P\u00fablico&#8221;<\/p><\/div><\/div><p><\/p><p>\ud83d\udc8e SE\u00c7\u00c3O SOLU\u00c7\u00d5ES AUTORAIS \ud83d\udc8e<\/p><p>\ud83d\udcda &#8220;O Papel Central dos Tribunais de Contas para o Controle de Contas e a Democracia&#8221;, Marco Antonio Carvalho Teixeira<\/p><p>\ud83d\udcda &#8220;Coment\u00e1rios ao Enunciado n\u00ba 5&#8221;, Maria Fernanda Veloso Pires e Caio M\u00e1rio Lana Cavalcanti<\/p><p>\ud83d\udcda &#8220;As tentativas de reparar as emendas or\u00e7ament\u00e1rias do Congresso Nacional \u2013 A Lei Complementar n\u00ba 210\/2024 e a Portaria Federal n\u00ba 15\/2025&#8221;, Flavio Corr\u00eaa de Toledo Junior<\/p><p>\ud83d\udcda &#8220;O perigo dos ju\u00edzos de valor na razoabilidade&#8221;, Jos\u00e9 dos Santos Carvalho Filho<\/p><p>\ud83d\udcda &#8220;O uso de celular e a regra municipal&#8221;, Marcelo Silva Souza<\/p><p>\ud83d\udcda &#8220;Regula\u00e7\u00e3o de novas tecnologias e novas tecnologias na regula\u00e7\u00e3o&#8221;, Thiago Marrara e Gustavo Gil Gasiola<\/p><p>\ud83d\udca5SE\u00c7\u00c3O SOLU\u00c7\u00d5ES ABRADADE\ud83d\udca5<\/p><p>\ud83d\udcda &#8220;Esclarecimentos pontuais sobre a Portaria SE\/CGU n\u00ba 226&#8221;, Guilherme Carvalho e Sousa<\/p><p>\ud83d\udcc3E tem muito mais! Confira nosso Sum\u00e1rio\ud83d\udcc3<\/p><p>\ud83d\udcf1\ud83d\udcbb\ud83d\udda5\ufe0f Fa\u00e7a agora mesmo uma degusta\u00e7\u00e3o gratuita&nbsp; em nosso site \ud83d\udc40<\/p><p>\ud83d\ude4fAgradecemos imensamente ao entrevistado do m\u00eas e a todos os ilustres colaboradores, que abrilhantaram este peri\u00f3dico com suas ideias e pensamentos.<\/p><p>\u2705 Adquira sua assinatura, com edi\u00e7\u00e3o on-line ou impressa.<\/p><p>\ud83d\udca1 Publique conosco seu artigo. Torne-se um de nossos colaboradores.<\/p><p>\ud83d\ude4b\u200d\u2640\ud83d\ude4b\u200d\u2642 Para assinaturas, publica\u00e7\u00f5es e quaisquer esclarecimentos, entre em contato conosco:<\/p><p>\ud83d\udcde WhatsApp: (11) 97443-5898<\/p><p>\ud83d\udcde Fixo: (11) 3237-4232<\/p><p>\ud83d\udce7atendimento@sgpsolucoes.com.br<\/p><p>\ud83c\udf10www.sgpsolucoes.com.br<\/p><p>\ud83e\udd14 Quer saber mais?<\/p><p>\ud83d\udc49 Acesse o CANAL SGP e fique sempre por dentro das principais novidades do universo do Direito P\u00fablico.<\/p><p>\u271d &#8220;A sabedoria oferece prote\u00e7\u00e3o, como o faz o dinheiro, mas a vantagem do conhecimento \u00e9 esta: a sabedoria preserva a vida de quem a possui&#8221; (Eclesiastes 7:12).<\/p>\n    <div class=\"xs_social_share_widget xs_share_url after_content \t\tmain_content  wslu-style-1 wslu-share-box-shaped wslu-fill-colored wslu-none wslu-share-horizontal wslu-theme-font-no wslu-main_content\">\n\n\t\t\n        <ul>\n\t\t\t        <\/ul>\n    <\/div> \n","protected":false},"excerpt":{"rendered":"<p>\ud83d\uddd3\ufe0f M\u00eas 10\/2025 &#8211; Confira a Edi\u00e7\u00e3o n\u00ba 76 do peri\u00f3dico SAM &#8211; Solu\u00e7\u00e3o em Direito Administrativo e Municipal<\/p>\n","protected":false},"author":5,"featured_media":0,"comment_status":"open","ping_status":"open","sticky":false,"template":"","format":"standard","meta":{"postBodyCss":"","postBodyMargin":[],"postBodyPadding":[],"postBodyBackground":{"backgroundType":"classic","gradient":""},"_price":"","_stock":"","_tribe_ticket_header":"","_tribe_default_ticket_provider":"","_tribe_ticket_capacity":"0","_ticket_start_date":"","_ticket_end_date":"","_tribe_ticket_show_description":"","_tribe_ticket_show_not_going":false,"_tribe_ticket_use_global_stock":"","_tribe_ticket_global_stock_level":"","_global_stock_mode":"","_global_stock_cap":"","_tribe_rsvp_for_event":"","_tribe_ticket_going_count":"","_tribe_ticket_not_going_count":"","_tribe_tickets_list":"[]","_tribe_ticket_has_attendee_info_fields":false,"footnotes":""},"categories":[46],"tags":[9573,16244,141,16238,16234,1541,16246,3706,1534,16245,188,16240,12519,16236,207,16216,16239,16237,16243,16241,241,16242,16247,16235,244,245,1516,1554],"class_list":["post-14990","post","type-post","status-publish","format-standard","hentry","category-noticias","tag-abradade","tag-as-tentativas-de-reparar-as-emendas-orcamentarias-do-congresso-nacional","tag-caio-mario-lana-cavalcanti","tag-comentarios-ao-enunciado-no-5","tag-edicao-no-76","tag-entrevista-com-o-mestre","tag-esclarecimentos-pontuais-sobre-a-portaria-se-cgu-no-226","tag-flavio-correa-de-toledo-junior","tag-guilherme-carvalho-e-sousa","tag-gustavo-gil-gasiola","tag-jose-dos-santos-carvalho-filho","tag-lei-complementar-no-210-2024","tag-marcelo-silva-souza","tag-marco-antonio-carvalho-teixeira","tag-maria-fernanda-veloso-pires","tag-mes-10-2025","tag-o-papel-central-dos-tribunais-de-contas-para-o-controle-de-contas-e-a-democracia","tag-o-papel-das-escolas-de-governo-no-direito-publico","tag-o-perigo-dos-juizos-de-valor-na-razoabilidade","tag-o-uso-de-celular-e-a-regra-municipal","tag-periodico","tag-portaria-federal-no-15-2025","tag-regulacao-de-novas-tecnologias-e-novas-tecnologias-na-regulacao","tag-roberto-angotti-junior","tag-sam","tag-solucao-em-direito-administrativo-e-municipal","tag-solucoes-autorais","tag-thiago-marrara"],"acf":[],"_links":{"self":[{"href":"https:\/\/sgpsolucoes.com.br\/site\/wp-json\/wp\/v2\/posts\/14990"}],"collection":[{"href":"https:\/\/sgpsolucoes.com.br\/site\/wp-json\/wp\/v2\/posts"}],"about":[{"href":"https:\/\/sgpsolucoes.com.br\/site\/wp-json\/wp\/v2\/types\/post"}],"author":[{"embeddable":true,"href":"https:\/\/sgpsolucoes.com.br\/site\/wp-json\/wp\/v2\/users\/5"}],"replies":[{"embeddable":true,"href":"https:\/\/sgpsolucoes.com.br\/site\/wp-json\/wp\/v2\/comments?post=14990"}],"version-history":[{"count":0,"href":"https:\/\/sgpsolucoes.com.br\/site\/wp-json\/wp\/v2\/posts\/14990\/revisions"}],"wp:attachment":[{"href":"https:\/\/sgpsolucoes.com.br\/site\/wp-json\/wp\/v2\/media?parent=14990"}],"wp:term":[{"taxonomy":"category","embeddable":true,"href":"https:\/\/sgpsolucoes.com.br\/site\/wp-json\/wp\/v2\/categories?post=14990"},{"taxonomy":"post_tag","embeddable":true,"href":"https:\/\/sgpsolucoes.com.br\/site\/wp-json\/wp\/v2\/tags?post=14990"}],"curies":[{"name":"wp","href":"https:\/\/api.w.org\/{rel}","templated":true}]}}