{"id":14999,"date":"2025-10-07T15:32:43","date_gmt":"2025-10-07T18:32:43","guid":{"rendered":"https:\/\/sgpsolucoes.com.br\/site\/?p=14999"},"modified":"2025-10-07T15:32:44","modified_gmt":"2025-10-07T18:32:44","slug":"rede-sustentabilidade-aciona-stf-para-reforcar-cotas-raciais-no-servico-publico-e-na-educacao","status":"publish","type":"post","link":"https:\/\/sgpsolucoes.com.br\/site\/rede-sustentabilidade-aciona-stf-para-reforcar-cotas-raciais-no-servico-publico-e-na-educacao\/","title":{"rendered":"Rede Sustentabilidade aciona STF para refor\u00e7ar cotas raciais no servi\u00e7o p\u00fablico e na educa\u00e7\u00e3o\u00a0\u00a0"},"content":{"rendered":"<p><strong><em>Partido alega inefici\u00eancia na aplica\u00e7\u00e3o de a\u00e7\u00f5es afirmativas em contrata\u00e7\u00f5es p\u00fablicas e em institui\u00e7\u00f5es de ensino&nbsp;&nbsp;<\/em><\/strong><\/p><p>A Rede Sustentabilidade ingressou com quatro a\u00e7\u00f5es no Supremo Tribunal Federal (STF) para questionar falhas na implementa\u00e7\u00e3o das pol\u00edticas de cotas raciais no Brasil. Os pedidos envolvem a adequa\u00e7\u00e3o de editais, processos seletivos e regulamentos com reserva m\u00ednima de vagas para pessoas negras, ind\u00edgenas e quilombolas.&nbsp;&nbsp;&nbsp;<\/p><p>O partido tamb\u00e9m questiona requisitos socioecon\u00f4micos em cotas da Para\u00edba, a limita\u00e7\u00e3o de reservas apenas no ingresso de funcion\u00e1rios cartor\u00e1rios (sem previs\u00e3o de cotas para promo\u00e7\u00e3o interna) e a incerteza normativa na concess\u00e3o de bolsas de estudo vinculadas \u00e0 Lei de Cotas. A legenda sustenta que essas lacunas normativas violam direitos fundamentais e perpetuam o racismo estrutural no acesso \u00e0s fun\u00e7\u00f5es p\u00fablicas e \u00e0s oportunidades educacionais.&nbsp;&nbsp;<\/p><h5 class=\"wp-block-heading\"><strong>Servi\u00e7o p\u00fablico&nbsp;&nbsp;<\/strong><\/h5><p>A primeira a\u00e7\u00e3o pede o reconhecimento de viola\u00e7\u00e3o massiva de direitos fundamentais quanto ao descumprimento da pol\u00edtica de cotas raciais no servi\u00e7o p\u00fablico. A quest\u00e3o foi apresentada na Argui\u00e7\u00e3o de Descumprimento de Preceito Fundamental (ADPF) 1265, distribu\u00edda ao ministro Gilmar Mendes.&nbsp;&nbsp;<\/p><p>A Rede requer medida cautelar para adequa\u00e7\u00e3o de regulamentos, editais e pr\u00e1ticas administrativas de forma uniforme e abrangente, com reserva m\u00ednima de 30% das vagas para pessoas negras, ind\u00edgenas e quilombolas. Pede ainda a suspens\u00e3o de todos os concursos p\u00fablicos, processos seletivos e editais em andamento, com determina\u00e7\u00e3o de 180 dias para regulamenta\u00e7\u00e3o a partir da decis\u00e3o.&nbsp;&nbsp;&nbsp;<\/p><h5 class=\"wp-block-heading\"><strong>Condi\u00e7\u00f5es socioecon\u00f4micas&nbsp;&nbsp;<\/strong><\/h5><p>Em outra a\u00e7\u00e3o no mesmo sentido, a legenda aponta irregularidades em crit\u00e9rios definidos para concursos p\u00fablicos realizados no estado da Para\u00edba: a A\u00e7\u00e3o Direta de Inconstitucionalidade (ADI) 7880 pede liminar ao Supremo para suspender o crit\u00e9rio de condi\u00e7\u00f5es socioecon\u00f4micas, como renda familiar e tempo de matr\u00edcula em escola p\u00fablica, para preenchimento de cotas previstas em lei estadual.&nbsp;&nbsp;<\/p><p>De acordo com o partido, as pol\u00edticas afirmativas devem observar a dignidade da pessoa humana e n\u00e3o podem impor \u201cconstrangimentos ou restri\u00e7\u00f5es que convertam o rem\u00e9dio inclusivo em fator de exclus\u00e3o\u201d. O processo foi distribu\u00eddo ao ministro Nunes Marques.&nbsp;&nbsp;<\/p><h5 class=\"wp-block-heading\"><strong>Cart\u00f3rios&nbsp;&nbsp;<\/strong><\/h5><p>A Rede tamb\u00e9m provocou o Supremo quanto \u00e0s a\u00e7\u00f5es afirmativas nos cart\u00f3rios brasileiros em processos seletivos internos, requerendo liminar que garanta a aplica\u00e7\u00e3o de cotas raciais com m\u00ednimo de 20% das vagas. A A\u00e7\u00e3o Declarat\u00f3ria de Constitucionalidade (ADC) 99 foi distribu\u00edda ao ministro Nunes Marques.&nbsp;&nbsp;&nbsp;<\/p><p>O partido questiona a reserva de vagas somente para o ingresso no servi\u00e7o cartor\u00e1rio, o que \u201ccompromete substancialmente a efetividade das cotas raciais\u201d em raz\u00e3o da grande quantidade de sele\u00e7\u00f5es internas destinadas \u00e0 mudan\u00e7a de lota\u00e7\u00e3o.&nbsp;&nbsp;<\/p><h5 class=\"wp-block-heading\"><strong>Bolsistas&nbsp;&nbsp;<\/strong><\/h5><p>Ainda na adequa\u00e7\u00e3o de a\u00e7\u00f5es afirmativas raciais, o partido tamb\u00e9m solicita o reconhecimento de viola\u00e7\u00e3o massiva de direitos fundamentais quanto \u00e0 incerteza jur\u00eddica na concess\u00e3o de bolsas de estudos em institui\u00e7\u00f5es de ensino que pleiteiam ou j\u00e1 t\u00eam a certifica\u00e7\u00e3o das entidades beneficentes de assist\u00eancia social (Cebas) na \u00e1rea da educa\u00e7\u00e3o. O tema \u00e9 discutido na Argui\u00e7\u00e3o de Descumprimento de Preceito Fundamental (ADPF) 1266, distribu\u00edda ao ministro Alexandre de Moraes.&nbsp;&nbsp;&nbsp;&nbsp;<\/p><p>Segundo a Rede Sustentabilidade, existe uma confus\u00e3o normativa na Lei do Cebas que veda a utiliza\u00e7\u00e3o de crit\u00e9rios \u00e9tnicos, ressalvando justamente os estabelecidos na Lei de Cotas (Lei 12.711\/2012) para o acesso ao ensino t\u00e9cnico de n\u00edvel m\u00e9dio e superior.&nbsp;&nbsp;&nbsp;<\/p><p><em>(C\u00e9zar Camilo\/CR\/\/CF)&nbsp;<\/em><\/p><p><strong>Fonte: STF<\/strong><\/p>\n    <div class=\"xs_social_share_widget xs_share_url after_content \t\tmain_content  wslu-style-1 wslu-share-box-shaped wslu-fill-colored wslu-none wslu-share-horizontal wslu-theme-font-no wslu-main_content\">\n\n\t\t\n        <ul>\n\t\t\t        <\/ul>\n    <\/div> \n","protected":false},"excerpt":{"rendered":"<p>A Rede Sustentabilidade ingressou com quatro a\u00e7\u00f5es no Supremo Tribunal Federal (STF) para questionar falhas na implementa\u00e7\u00e3o das pol\u00edticas de cotas raciais no Brasil. Os pedidos envolvem a adequa\u00e7\u00e3o de editais, processos seletivos e regulamentos com reserva m\u00ednima de vagas para pessoas negras, ind\u00edgenas e quilombolas.\u00a0\u00a0\u00a0<\/p>\n","protected":false},"author":5,"featured_media":0,"comment_status":"open","ping_status":"open","sticky":false,"template":"","format":"standard","meta":{"postBodyCss":"","postBodyMargin":[],"postBodyPadding":[],"postBodyBackground":{"backgroundType":"classic","gradient":""},"_price":"","_stock":"","_tribe_ticket_header":"","_tribe_default_ticket_provider":"","_tribe_ticket_capacity":"0","_ticket_start_date":"","_ticket_end_date":"","_tribe_ticket_show_description":"","_tribe_ticket_show_not_going":false,"_tribe_ticket_use_global_stock":"","_tribe_ticket_global_stock_level":"","_global_stock_mode":"","_global_stock_cap":"","_tribe_rsvp_for_event":"","_tribe_ticket_going_count":"","_tribe_ticket_not_going_count":"","_tribe_tickets_list":"[]","_tribe_ticket_has_attendee_info_fields":false,"footnotes":""},"categories":[46],"tags":[1167,179,1164,1155,1217,2490,16253,5018,16256,16254,13667,2487,13665,4247,16255,1179,347,348,619],"class_list":["post-14999","post","type-post","status-publish","format-standard","hentry","category-noticias","tag-acoes-afirmativas","tag-contratacoes-publicas","tag-cotas-raciais","tag-editais","tag-educacao","tag-indigenas","tag-ineficiencia","tag-instituicoes-de-ensino","tag-pessoas-negras","tag-politicas-de-cotas-raciais","tag-processos-seletivos","tag-quilombolas","tag-rede-sustentabilidade","tag-regulamentos","tag-reserva-minima","tag-servico-publico","tag-stf","tag-supremo-tribunal-federal","tag-vagas"],"acf":[],"_links":{"self":[{"href":"https:\/\/sgpsolucoes.com.br\/site\/wp-json\/wp\/v2\/posts\/14999"}],"collection":[{"href":"https:\/\/sgpsolucoes.com.br\/site\/wp-json\/wp\/v2\/posts"}],"about":[{"href":"https:\/\/sgpsolucoes.com.br\/site\/wp-json\/wp\/v2\/types\/post"}],"author":[{"embeddable":true,"href":"https:\/\/sgpsolucoes.com.br\/site\/wp-json\/wp\/v2\/users\/5"}],"replies":[{"embeddable":true,"href":"https:\/\/sgpsolucoes.com.br\/site\/wp-json\/wp\/v2\/comments?post=14999"}],"version-history":[{"count":0,"href":"https:\/\/sgpsolucoes.com.br\/site\/wp-json\/wp\/v2\/posts\/14999\/revisions"}],"wp:attachment":[{"href":"https:\/\/sgpsolucoes.com.br\/site\/wp-json\/wp\/v2\/media?parent=14999"}],"wp:term":[{"taxonomy":"category","embeddable":true,"href":"https:\/\/sgpsolucoes.com.br\/site\/wp-json\/wp\/v2\/categories?post=14999"},{"taxonomy":"post_tag","embeddable":true,"href":"https:\/\/sgpsolucoes.com.br\/site\/wp-json\/wp\/v2\/tags?post=14999"}],"curies":[{"name":"wp","href":"https:\/\/api.w.org\/{rel}","templated":true}]}}