{"id":15002,"date":"2025-10-07T15:38:19","date_gmt":"2025-10-07T18:38:19","guid":{"rendered":"https:\/\/sgpsolucoes.com.br\/site\/?p=15002"},"modified":"2025-10-07T15:38:20","modified_gmt":"2025-10-07T18:38:20","slug":"stf-cria-centro-de-estudos-constitucionais-para-fortalecer-pesquisa-e-inovacao-juridica","status":"publish","type":"post","link":"https:\/\/sgpsolucoes.com.br\/site\/stf-cria-centro-de-estudos-constitucionais-para-fortalecer-pesquisa-e-inovacao-juridica\/","title":{"rendered":"STF cria Centro de Estudos Constitucionais para fortalecer pesquisa e inova\u00e7\u00e3o jur\u00eddica\u00a0\u00a0"},"content":{"rendered":"<p class=\"has-text-align-center\"><em>Foto: Fellipe Sampaio\/STF<\/em><\/p><p><strong><em>Centro ter\u00e1 como miss\u00e3o promover di\u00e1logo entre conhecimento e experi\u00eancia, ampliando a coopera\u00e7\u00e3o nacional e internacional&nbsp;<\/em><\/strong><\/p><p>O Supremo Tribunal Federal (STF) criou o Centro de Estudos Constitucionais (CESTF), vinculado \u00e0 Presid\u00eancia da Corte. A iniciativa tem como objetivo consolidar um espa\u00e7o de produ\u00e7\u00e3o e difus\u00e3o de conhecimento acad\u00eamico em direito, estimulando pesquisas, forma\u00e7\u00f5es, publica\u00e7\u00f5es e coopera\u00e7\u00e3o nacional e internacional.&nbsp;&nbsp;<\/p><p>A cria\u00e7\u00e3o do CESTF, por meio da&nbsp;<a href=\"https:\/\/digital.stf.jus.br\/publico\/publicacao\/753893\" target=\"_blank\" rel=\"noreferrer noopener\"><strong>Resolu\u00e7\u00e3o 890\/2025<\/strong><\/a>, segue as diretrizes institucionais de incentivo \u00e0 inova\u00e7\u00e3o, internacionaliza\u00e7\u00e3o e fortalecimento do v\u00ednculo entre direito, conhecimento e cidadania.&nbsp; \u201cDesde j\u00e1, a Presid\u00eancia passa a contar com uma espec\u00edfica assessoria acad\u00eamica\u201d, celebrou o ministro Edson Fachin no discurso de posse na Presid\u00eancia do Tribunal, nesta segunda-feira (29).&nbsp;<\/p><h5 class=\"wp-block-heading\"><strong>Multidisciplinar&nbsp;&nbsp;&nbsp;<\/strong><\/h5><p>Entre suas atribui\u00e7\u00f5es, o Centro ir\u00e1 desenvolver programas e projetos de pesquisa acad\u00eamicos de car\u00e1ter interdisciplinar, promover semin\u00e1rios e eventos em parceria com institui\u00e7\u00f5es de ensino superior, difundir publica\u00e7\u00f5es cient\u00edficas e fomentar a coopera\u00e7\u00e3o com organismos nacionais e estrangeiros.&nbsp;&nbsp;<\/p><p>O CESTF atuar\u00e1 de forma harm\u00f4nica com o Conselho Consultivo do Departamento de Pesquisas Judici\u00e1rias (DPJ) do Conselho Nacional de Justi\u00e7a (CNJ), refor\u00e7ando a integra\u00e7\u00e3o entre produ\u00e7\u00e3o acad\u00eamica e pol\u00edticas p\u00fablicas judici\u00e1rias.&nbsp;&nbsp;<\/p><h5 class=\"wp-block-heading\"><strong>Recursos&nbsp;&nbsp;<\/strong><\/h5><p>O funcionamento do CESTF ser\u00e1 custeado com recursos materiais, humanos e or\u00e7ament\u00e1rios da Presid\u00eancia, podendo ser complementado por meio de parcerias, conv\u00eanios, editais e outras fontes de fomento externo. A composi\u00e7\u00e3o do Centro ser\u00e1 definida pelo presidente do STF e ter\u00e1 mandato de um ano, com uma possibilidade de recondu\u00e7\u00e3o. O t\u00e9rmino dos mandatos ocorrer\u00e1 automaticamente com o fim da gest\u00e3o presidencial em curso.&nbsp;&nbsp;<\/p><h5 class=\"wp-block-heading\"><strong>Composi\u00e7\u00e3o<\/strong><\/h5><p>A&nbsp;<a href=\"https:\/\/noticias-stf-wp-prd.s3.sa-east-1.amazonaws.com\/wp-content\/uploads\/wpallimport\/uploads\/2025\/10\/07140026\/Portaria_203.pdf\" target=\"_blank\" rel=\"noreferrer noopener\"><strong>Portaria 203\/2025<\/strong><\/a>, assinada pelo presidente do STF, ministro Edson Fachin, definiu a composi\u00e7\u00e3o do Centro de Estudos Constitucionais. O professor doutor Fernando Facury Scaff foi designado como coordenador do CESTF, e a professora doutora Christine Oliveira Peter da Silva exercer\u00e1 a fun\u00e7\u00e3o de secret\u00e1ria-geral, pela Secretaria de Altos Estudos do Supremo.<br><br>Integram ainda o grupo, como membros-convidados, os professores Jos\u00e9 Levi Mello do Amaral J\u00fanior, Ana Paula de Barcellos, Ant\u00f4nio Gomes Moreira Mau\u00e9s, Paulo S\u00e1vio Nogueira Peixoto Maia, Vera Karam de Chueiri, Jo\u00e3o Maur\u00edcio Adeodato, Ingo Wolfgang Sarlet, Juliana Neuenschwander Magalh\u00e3es, Antonella Bruna Machado Torres Galindo e Manuelita Hermes Rosa Oliveira.<\/p><p><em>(Cezar Camilo\/\/CF)&nbsp;<\/em><\/p><p><strong>Fonte: STF<\/strong><\/p>\n    <div class=\"xs_social_share_widget xs_share_url after_content \t\tmain_content  wslu-style-1 wslu-share-box-shaped wslu-fill-colored wslu-none wslu-share-horizontal wslu-theme-font-no wslu-main_content\">\n\n\t\t\n        <ul>\n\t\t\t        <\/ul>\n    <\/div> \n","protected":false},"excerpt":{"rendered":"<p>O Supremo Tribunal Federal (STF) criou o Centro de Estudos Constitucionais (CESTF), vinculado \u00e0 Presid\u00eancia da Corte. A iniciativa tem como objetivo consolidar um espa\u00e7o de produ\u00e7\u00e3o e difus\u00e3o de conhecimento acad\u00eamico em direito, estimulando pesquisas, forma\u00e7\u00f5es, publica\u00e7\u00f5es e coopera\u00e7\u00e3o nacional e internacional.\u00a0\u00a0<\/p>\n","protected":false},"author":5,"featured_media":0,"comment_status":"open","ping_status":"open","sticky":false,"template":"","format":"standard","meta":{"postBodyCss":"","postBodyMargin":[],"postBodyPadding":[],"postBodyBackground":{"backgroundType":"classic","gradient":""},"_price":"","_stock":"","_tribe_ticket_header":"","_tribe_default_ticket_provider":"","_tribe_ticket_capacity":"0","_ticket_start_date":"","_ticket_end_date":"","_tribe_ticket_show_description":"","_tribe_ticket_show_not_going":false,"_tribe_ticket_use_global_stock":"","_tribe_ticket_global_stock_level":"","_global_stock_mode":"","_global_stock_cap":"","_tribe_rsvp_for_event":"","_tribe_ticket_going_count":"","_tribe_ticket_not_going_count":"","_tribe_tickets_list":"[]","_tribe_ticket_has_attendee_info_fields":false,"footnotes":""},"categories":[46],"tags":[16258,16261,5396,811,16262,16259,14267,391,16263,13342,16264,16266,544,16257,16265,11252,676,16260,347,348,6191],"class_list":["post-15002","post","type-post","status-publish","format-standard","hentry","category-noticias","tag-centro-de-estudos-constitucionais","tag-cestf","tag-cidadania","tag-conhecimento","tag-cooperacao-internacional","tag-cooperacao-nacional","tag-dialogo","tag-direito","tag-diretrizes-institucionais","tag-experiencia","tag-fortalecimento","tag-incentivo","tag-inovacao","tag-inovacao-juridica","tag-internacionalizacao","tag-ministro-edson-fachin","tag-pesquisa","tag-resolucao-890-2025","tag-stf","tag-supremo-tribunal-federal","tag-vinculo"],"acf":[],"_links":{"self":[{"href":"https:\/\/sgpsolucoes.com.br\/site\/wp-json\/wp\/v2\/posts\/15002"}],"collection":[{"href":"https:\/\/sgpsolucoes.com.br\/site\/wp-json\/wp\/v2\/posts"}],"about":[{"href":"https:\/\/sgpsolucoes.com.br\/site\/wp-json\/wp\/v2\/types\/post"}],"author":[{"embeddable":true,"href":"https:\/\/sgpsolucoes.com.br\/site\/wp-json\/wp\/v2\/users\/5"}],"replies":[{"embeddable":true,"href":"https:\/\/sgpsolucoes.com.br\/site\/wp-json\/wp\/v2\/comments?post=15002"}],"version-history":[{"count":0,"href":"https:\/\/sgpsolucoes.com.br\/site\/wp-json\/wp\/v2\/posts\/15002\/revisions"}],"wp:attachment":[{"href":"https:\/\/sgpsolucoes.com.br\/site\/wp-json\/wp\/v2\/media?parent=15002"}],"wp:term":[{"taxonomy":"category","embeddable":true,"href":"https:\/\/sgpsolucoes.com.br\/site\/wp-json\/wp\/v2\/categories?post=15002"},{"taxonomy":"post_tag","embeddable":true,"href":"https:\/\/sgpsolucoes.com.br\/site\/wp-json\/wp\/v2\/tags?post=15002"}],"curies":[{"name":"wp","href":"https:\/\/api.w.org\/{rel}","templated":true}]}}