{"id":15005,"date":"2025-10-07T15:41:34","date_gmt":"2025-10-07T18:41:34","guid":{"rendered":"https:\/\/sgpsolucoes.com.br\/site\/?p=15005"},"modified":"2025-10-07T15:41:35","modified_gmt":"2025-10-07T18:41:35","slug":"stf-envia-para-pgr-acoes-que-discutem-o-marco-temporal","status":"publish","type":"post","link":"https:\/\/sgpsolucoes.com.br\/site\/stf-envia-para-pgr-acoes-que-discutem-o-marco-temporal\/","title":{"rendered":"STF envia para PGR a\u00e7\u00f5es que discutem o marco temporal"},"content":{"rendered":"<p><strong><em>Ministro Gilmar Mendes tamb\u00e9m autorizou ingresso da Funai, do Estado de Santa Catarina e de outras quatro entidades como terceiros interessados<\/em><\/strong><\/p><p>O ministro Gilmar Mendes, do Supremo Tribunal Federal, abriu prazo para que a Procuradoria-Geral da Rep\u00fablica (PGR) se manifeste sobre o m\u00e9rito das quatro a\u00e7\u00f5es que discutem a constitucionalidade da Lei do Marco Temporal para a demarca\u00e7\u00e3o de terras ind\u00edgenas.<\/p><p>O relator determinou ainda que os participantes da comiss\u00e3o especial de concilia\u00e7\u00e3o que n\u00e3o se manifestaram sobre a proposta consensual de altera\u00e7\u00e3o legislativa o fa\u00e7am no prazo de cinco dias. O texto aprovado representa um consenso m\u00ednimo sobre os temas debatidos pela comiss\u00e3o.<\/p><p>A proposta conjunta foi alcan\u00e7ada em junho, ap\u00f3s 23 audi\u00eancias, e busca uma solu\u00e7\u00e3o consensual que garanta os direitos dos povos origin\u00e1rios, respeitando sua diversidade de valores e costumes, e tamb\u00e9m da popula\u00e7\u00e3o n\u00e3o ind\u00edgena, assegurando coes\u00e3o institucional e seguran\u00e7a jur\u00eddica para todos.<\/p><h5 class=\"wp-block-heading\"><strong>Terceiros interessados<\/strong><\/h5><p>O ministro autorizou a participa\u00e7\u00e3o da Funda\u00e7\u00e3o Nacional dos Povos Ind\u00edgenas (Funai), do Estado de Santa Catarina, do Instituto A\u00e7\u00e3o Clim\u00e1tica, da Norte Energia, do Diret\u00f3rio Nacional do Partido Solidariedade e da Organiza\u00e7\u00e3o pelo Direito Humano \u00e0 Alimenta\u00e7\u00e3o e \u00e0 Nutri\u00e7\u00e3o Adequadas (Fian Brasil) como terceiros interessados (<em>amici curiae<\/em>). Na decis\u00e3o, o decano destacou ter considerado a relev\u00e2ncia e a representatividade dos solicitantes.<\/p><p>Outros nove pedidos de ingresso no processo foram indeferidos pelo ministro, em raz\u00e3o da aus\u00eancia de representatividade mais ampla e da abrang\u00eancia das entidades j\u00e1 admitidas em decis\u00f5es anteriores.<\/p><p><em>(Paulo Roberto Netto\/GMGM)<\/em><\/p><p><strong>Fonte: STF<\/strong><\/p>\n    <div class=\"xs_social_share_widget xs_share_url after_content \t\tmain_content  wslu-style-1 wslu-share-box-shaped wslu-fill-colored wslu-none wslu-share-horizontal wslu-theme-font-no wslu-main_content\">\n\n\t\t\n        <ul>\n\t\t\t        <\/ul>\n    <\/div> \n","protected":false},"excerpt":{"rendered":"<p>O ministro Gilmar Mendes, do Supremo Tribunal Federal, abriu prazo para que a Procuradoria-Geral da Rep\u00fablica (PGR) se manifeste sobre o m\u00e9rito das quatro a\u00e7\u00f5es que discutem a constitucionalidade da Lei do Marco Temporal para a demarca\u00e7\u00e3o de terras ind\u00edgenas.<\/p>\n","protected":false},"author":5,"featured_media":0,"comment_status":"open","ping_status":"open","sticky":false,"template":"","format":"standard","meta":{"postBodyCss":"","postBodyMargin":[],"postBodyPadding":[],"postBodyBackground":{"backgroundType":"classic","gradient":""},"_price":"","_stock":"","_tribe_ticket_header":"","_tribe_default_ticket_provider":"","_tribe_ticket_capacity":"0","_ticket_start_date":"","_ticket_end_date":"","_tribe_ticket_show_description":"","_tribe_ticket_show_not_going":false,"_tribe_ticket_use_global_stock":"","_tribe_ticket_global_stock_level":"","_global_stock_mode":"","_global_stock_cap":"","_tribe_rsvp_for_event":"","_tribe_ticket_going_count":"","_tribe_ticket_not_going_count":"","_tribe_tickets_list":"[]","_tribe_ticket_has_attendee_info_fields":false,"footnotes":""},"categories":[46],"tags":[1792,2974,3270,1076,6105,2002,7264,10673,1816,1066,2145,347,348,6111],"class_list":["post-15005","post","type-post","status-publish","format-standard","hentry","category-noticias","tag-constitucionalidade","tag-demarcacao","tag-funai","tag-gilmar-mendes","tag-lei-do-marco-temporal","tag-marco-temporal","tag-merito-2","tag-ministro-gilmar-mendes","tag-pgr","tag-procuradoria-geral-da-republica","tag-santa-catarina","tag-stf","tag-supremo-tribunal-federal","tag-terras-indigenas"],"acf":[],"_links":{"self":[{"href":"https:\/\/sgpsolucoes.com.br\/site\/wp-json\/wp\/v2\/posts\/15005"}],"collection":[{"href":"https:\/\/sgpsolucoes.com.br\/site\/wp-json\/wp\/v2\/posts"}],"about":[{"href":"https:\/\/sgpsolucoes.com.br\/site\/wp-json\/wp\/v2\/types\/post"}],"author":[{"embeddable":true,"href":"https:\/\/sgpsolucoes.com.br\/site\/wp-json\/wp\/v2\/users\/5"}],"replies":[{"embeddable":true,"href":"https:\/\/sgpsolucoes.com.br\/site\/wp-json\/wp\/v2\/comments?post=15005"}],"version-history":[{"count":0,"href":"https:\/\/sgpsolucoes.com.br\/site\/wp-json\/wp\/v2\/posts\/15005\/revisions"}],"wp:attachment":[{"href":"https:\/\/sgpsolucoes.com.br\/site\/wp-json\/wp\/v2\/media?parent=15005"}],"wp:term":[{"taxonomy":"category","embeddable":true,"href":"https:\/\/sgpsolucoes.com.br\/site\/wp-json\/wp\/v2\/categories?post=15005"},{"taxonomy":"post_tag","embeddable":true,"href":"https:\/\/sgpsolucoes.com.br\/site\/wp-json\/wp\/v2\/tags?post=15005"}],"curies":[{"name":"wp","href":"https:\/\/api.w.org\/{rel}","templated":true}]}}