{"id":15011,"date":"2025-10-07T15:55:40","date_gmt":"2025-10-07T18:55:40","guid":{"rendered":"https:\/\/sgpsolucoes.com.br\/site\/?p=15011"},"modified":"2025-10-07T15:55:41","modified_gmt":"2025-10-07T18:55:41","slug":"declaracao-de-vinculo-profissional-futuro-basta-para-suprir-habilitacao-em-licitacoes","status":"publish","type":"post","link":"https:\/\/sgpsolucoes.com.br\/site\/declaracao-de-vinculo-profissional-futuro-basta-para-suprir-habilitacao-em-licitacoes\/","title":{"rendered":"Declara\u00e7\u00e3o de v\u00ednculo profissional futuro basta para suprir habilita\u00e7\u00e3o em licita\u00e7\u00f5es"},"content":{"rendered":"<p>Na fase de habilita\u00e7\u00e3o dos procedimentos licitat\u00f3rios lan\u00e7ados pelas administra\u00e7\u00e3o p\u00fablica, \u00e9 suficiente, para declarar o v\u00ednculo formal entre as licitantes e seus profissionais, a apresenta\u00e7\u00e3o de certid\u00e3o de disponibilidade, contrata\u00e7\u00e3o futura ou declara\u00e7\u00e3o de v\u00ednculo futuro entre os profissionais respons\u00e1veis pela presta\u00e7\u00e3o dos servi\u00e7os licitados e as empresas licitantes, desde haja a devida ci\u00eancia daqueles.<\/p><p>A orienta\u00e7\u00e3o t\u00e9cnica foi transmitida pelo Pleno do Tribunal de Contas do Estado (TCE-PR) ao Cons\u00f3rcio Intermunicipal de Sa\u00fade dos Munic\u00edpios do Oeste do Paran\u00e1 (Consamu) na forma de recomenda\u00e7\u00e3o emitida \u00e0 entidade como resultado do julgamento pela proced\u00eancia parcial de Representa\u00e7\u00e3o da Lei de Licita\u00e7\u00f5es formulada pela empresa TI Hospitalar Ltda., uma das participantes do Preg\u00e3o Eletr\u00f4nico n\u00ba 23\/2024.<\/p><p>O certame foi lan\u00e7ado pelo cons\u00f3rcio com o objetivo de contratar empresa especializada na presta\u00e7\u00e3o de servi\u00e7os mensais de faturamento hospitalar a serem prestados junto \u00e0 administra\u00e7\u00e3o do Hospital de Retaguarda Allan Brame Pinho, situado em Cascavel, munic\u00edpio da Regi\u00e3o Oeste do Paran\u00e1 onde a entidade \u00e9 sediada.<\/p><p><strong>Irregularidade<\/strong><\/p><p>Ao analisar todas as poss\u00edveis irregularidades apontadas na Representa\u00e7\u00e3o, o relator do processo, conselheiro Durval Amaral, admitiu como impr\u00f3pria na condu\u00e7\u00e3o do certame apenas a exig\u00eancia de v\u00ednculo formal entre as empresas participantes e seus profissionais.<\/p><p>No edital da disputa, o cons\u00f3rcio imp\u00f4s, como crit\u00e9rio de habilita\u00e7\u00e3o t\u00e9cnica, a comprova\u00e7\u00e3o de v\u00ednculo trabalhista mediante apresenta\u00e7\u00e3o de &#8220;c\u00f3pia do registro em carteira de trabalho ou c\u00f3pia da ficha de registro de empregados da empresa ou contrato de presta\u00e7\u00e3o de servi\u00e7os&#8221;.<\/p><p>Por\u00e9m, o conselheiro apontou que a exig\u00eancia \u00e9 irregular, pois contraria o contido na pr\u00f3pria Constitui\u00e7\u00e3o Federal. Segundo o texto constitucional, em seu artigo 37, inciso XXI, a administra\u00e7\u00e3o p\u00fablica, al\u00e9m de precisar obedecer aos princ\u00edpios da legalidade, impessoalidade, moralidade, publicidade e efici\u00eancia, deve garantir que o maior n\u00famero de interessados participem das licita\u00e7\u00f5es, possibilitando ao poder p\u00fablico a realiza\u00e7\u00e3o de contrata\u00e7\u00f5es mais vantajosas.<\/p><p>&#8220;No caso em exame, a exig\u00eancia de comprova\u00e7\u00e3o, j\u00e1 na fase de habilita\u00e7\u00e3o, de v\u00ednculo entre a empresa licitante e o respons\u00e1vel t\u00e9cnico, mediante apresenta\u00e7\u00e3o de c\u00f3pia do registro em carteira de trabalho ou c\u00f3pia da ficha de registro de empregados da empresa ou contrato de presta\u00e7\u00e3o de servi\u00e7os, n\u00e3o se mostra indispens\u00e1vel \u00e0 garantia do cumprimento das obriga\u00e7\u00f5es&#8221;, explicou o relator ao votar.<\/p><p>Ainda segundo ele, a Lei de Licita\u00e7\u00f5es e Contratos (Lei n\u00ba 14.133\/2021) n\u00e3o prev\u00ea a exig\u00eancia de v\u00ednculo formal durante a fase de habilita\u00e7\u00e3o, dispondo apenas da apresenta\u00e7\u00e3o do pessoal t\u00e9cnico, acompanhado de suas respectivas forma\u00e7\u00f5es e registros profissionais, al\u00e9m das instala\u00e7\u00f5es e aparelhos que ser\u00e3o empregados na presta\u00e7\u00e3o do servi\u00e7o.<\/p><p>Ao citar jurisprud\u00eancia do Tribunal de Contas da Uni\u00e3o (TCU) e do pr\u00f3prio TCE-PR, o relator explicou que o \u00f3rg\u00e3o licitante tamb\u00e9m tem a possibilidade de exigir a apresenta\u00e7\u00e3o de declara\u00e7\u00e3o de disponibilidade ou declara\u00e7\u00e3o de contrata\u00e7\u00e3o futura dos profissionais necess\u00e1rios \u00e0 execu\u00e7\u00e3o contratual, desde que a documenta\u00e7\u00e3o apresentada conte com a devida ci\u00eancia daqueles.<\/p><p><strong>Decis\u00e3o<\/strong><\/p><p>Em seu voto, o relator seguiu o mesmo posicionamento adotado no parecer do Minist\u00e9rio P\u00fablico de Contas (MPC-PR) a respeito do caso. Os demais membros do \u00f3rg\u00e3o colegiado do TCE-PR acompanharam, de forma un\u00e2nime, o voto do conselheiro na Sess\u00e3o de Plen\u00e1rio Virtual n\u00ba 16\/2025, conclu\u00edda em 28 de agosto. Cabe recurso contra a decis\u00e3o contida no Ac\u00f3rd\u00e3o n\u00ba 2387\/25 &#8211; Tribunal Pleno, veiculado em 24 de setembro, na&nbsp;<a href=\"https:\/\/www1.tce.pr.gov.br\/multimidia\/2025\/9\/pdf\/00397891.pdf\">edi\u00e7\u00e3o n\u00ba 3.533 do Di\u00e1rio Eletr\u00f4nico do TCE-PR (DETC)<\/a>.<\/p><p><strong>Servi\u00e7o<\/strong><\/p><figure class=\"wp-block-table\"><table class=\"has-fixed-layout\"><tbody><tr><td><strong>Processo n\u00ba<\/strong>:<\/td><td>762148\/24<\/td><\/tr><tr><td><strong>Ac\u00f3rd\u00e3o n\u00ba<\/strong>:<\/td><td>2387\/25 &#8211; Tribunal Pleno<\/td><\/tr><tr><td><strong>Assunto<\/strong>:<\/td><td>Representa\u00e7\u00e3o da Lei de Licita\u00e7\u00f5es<\/td><\/tr><tr><td><strong>Entidade<\/strong>:<\/td><td>Cons\u00f3rcio de Sa\u00fade dos Munic\u00edpios do Oeste do Paran\u00e1<\/td><\/tr><tr><td><strong>Interessados:<\/strong><\/td><td>Gabriela Alves Eulalio, Leonir Antunes dos Santos e T.I. Hospitalar Ltda.<\/td><\/tr><tr><td><strong>Relator<\/strong>:<\/td><td>Conselheiro Jos\u00e9 Durval Mattos do Amaral<\/td><\/tr><\/tbody><\/table><\/figure><p><strong>Fonte:&nbsp;TCE\/PR<\/strong><\/p>\n    <div class=\"xs_social_share_widget xs_share_url after_content \t\tmain_content  wslu-style-1 wslu-share-box-shaped wslu-fill-colored wslu-none wslu-share-horizontal wslu-theme-font-no wslu-main_content\">\n\n\t\t\n        <ul>\n\t\t\t        <\/ul>\n    <\/div> \n","protected":false},"excerpt":{"rendered":"<p>Na fase de habilita\u00e7\u00e3o dos procedimentos licitat\u00f3rios lan\u00e7ados pelas administra\u00e7\u00e3o p\u00fablica, \u00e9 suficiente, para declarar o v\u00ednculo formal entre as licitantes e seus profissionais, a apresenta\u00e7\u00e3o de certid\u00e3o de disponibilidade, contrata\u00e7\u00e3o futura ou declara\u00e7\u00e3o de v\u00ednculo futuro entre os profissionais respons\u00e1veis pela presta\u00e7\u00e3o dos servi\u00e7os licitados e as empresas licitantes, desde haja a devida ci\u00eancia daqueles.<\/p>\n","protected":false},"author":5,"featured_media":0,"comment_status":"open","ping_status":"open","sticky":false,"template":"","format":"standard","meta":{"postBodyCss":"","postBodyMargin":[],"postBodyPadding":[],"postBodyBackground":{"backgroundType":"classic","gradient":""},"_price":"","_stock":"","_tribe_ticket_header":"","_tribe_default_ticket_provider":"","_tribe_ticket_capacity":"0","_ticket_start_date":"","_ticket_end_date":"","_tribe_ticket_show_description":"","_tribe_ticket_show_not_going":false,"_tribe_ticket_use_global_stock":"","_tribe_ticket_global_stock_level":"","_global_stock_mode":"","_global_stock_cap":"","_tribe_rsvp_for_event":"","_tribe_ticket_going_count":"","_tribe_ticket_not_going_count":"","_tribe_tickets_list":"[]","_tribe_ticket_has_attendee_info_fields":false,"footnotes":""},"categories":[46],"tags":[375,129,11879,16282,16289,1983,16288,16280,16281,16279,8651,2121,16286,1103,16291,1393,2001,218,260,1195,16284,499,11475,16285,6382,6079,16293,6765,16287,717,16292,354,16290,3413,16283],"class_list":["post-15011","post","type-post","status-publish","format-standard","hentry","category-noticias","tag-administracao","tag-administracao-publica","tag-cascavel","tag-certidao-de-disponibilidade","tag-consamu","tag-consorcio","tag-consorcio-intermunicipal-de-saude-dos-municipios-do-oeste-do-parana","tag-contratacao-futura","tag-declaracao-de-vinculo-futuro","tag-declaracao-de-vinculo-profissional-futuro","tag-empresas-licitantes","tag-fase-de-habilitacao","tag-faturamento-hospitalar","tag-habilitacao","tag-hospital-de-retaguarda-allan-brame-pinho","tag-irregularidade","tag-julgamento","tag-lei-de-licitacoes","tag-licitacoes-3","tag-licitantes","tag-orientacao-tecnica","tag-pregao-eletronico","tag-prestacao-dos-servicos","tag-procedencia-parcial","tag-procedimentos-licitatorios","tag-profissionais","tag-profissionais-responsaveis","tag-recomendacao","tag-regiao-oeste-do-parana","tag-representacao","tag-servicos-mensais","tag-tce-pr","tag-ti-hospitalar","tag-tribunal-de-contas-do-estado","tag-vinculo-formal"],"acf":[],"_links":{"self":[{"href":"https:\/\/sgpsolucoes.com.br\/site\/wp-json\/wp\/v2\/posts\/15011"}],"collection":[{"href":"https:\/\/sgpsolucoes.com.br\/site\/wp-json\/wp\/v2\/posts"}],"about":[{"href":"https:\/\/sgpsolucoes.com.br\/site\/wp-json\/wp\/v2\/types\/post"}],"author":[{"embeddable":true,"href":"https:\/\/sgpsolucoes.com.br\/site\/wp-json\/wp\/v2\/users\/5"}],"replies":[{"embeddable":true,"href":"https:\/\/sgpsolucoes.com.br\/site\/wp-json\/wp\/v2\/comments?post=15011"}],"version-history":[{"count":0,"href":"https:\/\/sgpsolucoes.com.br\/site\/wp-json\/wp\/v2\/posts\/15011\/revisions"}],"wp:attachment":[{"href":"https:\/\/sgpsolucoes.com.br\/site\/wp-json\/wp\/v2\/media?parent=15011"}],"wp:term":[{"taxonomy":"category","embeddable":true,"href":"https:\/\/sgpsolucoes.com.br\/site\/wp-json\/wp\/v2\/categories?post=15011"},{"taxonomy":"post_tag","embeddable":true,"href":"https:\/\/sgpsolucoes.com.br\/site\/wp-json\/wp\/v2\/tags?post=15011"}],"curies":[{"name":"wp","href":"https:\/\/api.w.org\/{rel}","templated":true}]}}