{"id":15052,"date":"2025-10-08T12:31:59","date_gmt":"2025-10-08T15:31:59","guid":{"rendered":"https:\/\/sgpsolucoes.com.br\/site\/?p=15052"},"modified":"2025-10-08T12:32:00","modified_gmt":"2025-10-08T15:32:00","slug":"stf-suspende-eleicao-da-mesa-diretora-da-camara-municipal-de-belford-roxo-e-afasta-presidente-reeleito-pela-terceira-vez","status":"publish","type":"post","link":"https:\/\/sgpsolucoes.com.br\/site\/stf-suspende-eleicao-da-mesa-diretora-da-camara-municipal-de-belford-roxo-e-afasta-presidente-reeleito-pela-terceira-vez\/","title":{"rendered":"STF suspende elei\u00e7\u00e3o da Mesa Diretora da C\u00e2mara Municipal de Belford Roxo e afasta presidente reeleito pela terceira vez\u00a0"},"content":{"rendered":"<p><em>Ministro Andr\u00e9 Mendon\u00e7a apontou poss\u00edvel viola\u00e7\u00e3o aos par\u00e2metros fixados pelo Supremo e risco \u00e0 estabilidade pol\u00edtico-institucional do munic\u00edpio&nbsp;<\/em><\/p><p>O ministro Andr\u00e9 Mendon\u00e7a, do Supremo Tribunal Federal (STF), determinou a suspens\u00e3o da elei\u00e7\u00e3o dos membros da Mesa Diretora da C\u00e2mara Municipal de Belford Roxo (RJ) referente ao exerc\u00edcio de 2026.&nbsp; A decis\u00e3o liminar foi tomada na Reclama\u00e7\u00e3o&nbsp;<a href=\"https:\/\/portal.stf.jus.br\/processos\/detalhe.asp?incidente=7358228\" target=\"_blank\" rel=\"noreferrer noopener\"><strong>(Rcl) 84011<\/strong><\/a>&nbsp;e ser\u00e1 levada a referendo na Segunda Turma da Corte.&nbsp;<\/p><p>A medida tamb\u00e9m determina o afastamento do presidente eleito em junho deste ano, o vereador Markinho Gandra, que ocupou o cargo nos dois exerc\u00edcios anteriores.&nbsp; Mendon\u00e7a apontou que o ato da C\u00e2mara aparenta divergir dos par\u00e2metros fixados pelo Supremo, uma vez que, ao se considerar as composi\u00e7\u00f5es das Mesas Diretoras de 2024 e 2025, o vereador n\u00e3o teria direito \u00e0 reelei\u00e7\u00e3o para um terceiro mandato consecutivo em 2026.&nbsp;<\/p><p>A Reclama\u00e7\u00e3o foi apresentada pelo partido Republicanos, que apresentou atas das elei\u00e7\u00f5es da Mesa Diretora nos anos mencionados para demonstrar que, conforme a Lei Org\u00e2nica do munic\u00edpio e o Regimento Interno da C\u00e2mara de Belford Roxo, cada mandato tem dura\u00e7\u00e3o de um ano.&nbsp;<\/p><p>Ao suspender a elei\u00e7\u00e3o, o ministro ressaltou que a manuten\u00e7\u00e3o do resultado representa amea\u00e7a \u00e0 seguran\u00e7a jur\u00eddica e \u00e0 estabilidade pol\u00edtico-institucional do munic\u00edpio, al\u00e9m de prolongar uma situa\u00e7\u00e3o j\u00e1 considerada inconstitucional pelo Supremo Tribunal Federal. Ele tamb\u00e9m requereu informa\u00e7\u00f5es \u00e0 Mesa Diretora da C\u00e2mara Municipal de Belford Roxo (RJ), a serem prestadas no prazo de 10 dias.&nbsp;<\/p><p>Leia a<strong>&nbsp;<\/strong><a href=\"https:\/\/portal.stf.jus.br\/processos\/downloadPeca.asp?id=15381011645&amp;ext=.pdf\" target=\"_blank\" rel=\"noreferrer noopener\"><strong>\u00edntegra da decis\u00e3o<\/strong><\/a>.&nbsp;<\/p><p><em>(Cezar Camilo\/CR\/\/CF)&nbsp;<\/em><\/p><p><strong>Fonte: STF<\/strong><\/p>\n    <div class=\"xs_social_share_widget xs_share_url after_content \t\tmain_content  wslu-style-1 wslu-share-box-shaped wslu-fill-colored wslu-none wslu-share-horizontal wslu-theme-font-no wslu-main_content\">\n\n\t\t\n        <ul>\n\t\t\t        <\/ul>\n    <\/div> \n","protected":false},"excerpt":{"rendered":"<p>O ministro Andr\u00e9 Mendon\u00e7a, do Supremo Tribunal Federal (STF), determinou a suspens\u00e3o da elei\u00e7\u00e3o dos membros da Mesa Diretora da C\u00e2mara Municipal de Belford Roxo (RJ) referente ao exerc\u00edcio de 2026.\u00a0 A decis\u00e3o liminar foi tomada na Reclama\u00e7\u00e3o\u00a0(Rcl) 84011\u00a0e ser\u00e1 levada a referendo na Segunda Turma da Corte.\u00a0<\/p>\n","protected":false},"author":5,"featured_media":0,"comment_status":"open","ping_status":"open","sticky":false,"template":"","format":"standard","meta":{"postBodyCss":"","postBodyMargin":[],"postBodyPadding":[],"postBodyBackground":{"backgroundType":"classic","gradient":""},"_price":"","_stock":"","_tribe_ticket_header":"","_tribe_default_ticket_provider":"","_tribe_ticket_capacity":"0","_ticket_start_date":"","_ticket_end_date":"","_tribe_ticket_show_description":"","_tribe_ticket_show_not_going":false,"_tribe_ticket_use_global_stock":"","_tribe_ticket_global_stock_level":"","_global_stock_mode":"","_global_stock_cap":"","_tribe_rsvp_for_event":"","_tribe_ticket_going_count":"","_tribe_ticket_not_going_count":"","_tribe_tickets_list":"[]","_tribe_ticket_has_attendee_info_fields":false,"footnotes":""},"categories":[46],"tags":[12644,16303,1042,16306,12779,16305,11435,460,16304,16307,7564,1567,347,1778,348],"class_list":["post-15052","post","type-post","status-publish","format-standard","hentry","category-noticias","tag-andre-mendonca","tag-camara-municipal-de-belford-roxo","tag-eleicao","tag-estabilidade-politico-institucional","tag-mesa-diretora","tag-mesa-diretora-da-camara-municipal-de-belford-roxo","tag-ministro-andre-mendonca","tag-municipio-2","tag-presidente-reeleito","tag-rcl-84011","tag-reclamacao","tag-segunda-turma","tag-stf","tag-supremo","tag-supremo-tribunal-federal"],"acf":[],"_links":{"self":[{"href":"https:\/\/sgpsolucoes.com.br\/site\/wp-json\/wp\/v2\/posts\/15052"}],"collection":[{"href":"https:\/\/sgpsolucoes.com.br\/site\/wp-json\/wp\/v2\/posts"}],"about":[{"href":"https:\/\/sgpsolucoes.com.br\/site\/wp-json\/wp\/v2\/types\/post"}],"author":[{"embeddable":true,"href":"https:\/\/sgpsolucoes.com.br\/site\/wp-json\/wp\/v2\/users\/5"}],"replies":[{"embeddable":true,"href":"https:\/\/sgpsolucoes.com.br\/site\/wp-json\/wp\/v2\/comments?post=15052"}],"version-history":[{"count":0,"href":"https:\/\/sgpsolucoes.com.br\/site\/wp-json\/wp\/v2\/posts\/15052\/revisions"}],"wp:attachment":[{"href":"https:\/\/sgpsolucoes.com.br\/site\/wp-json\/wp\/v2\/media?parent=15052"}],"wp:term":[{"taxonomy":"category","embeddable":true,"href":"https:\/\/sgpsolucoes.com.br\/site\/wp-json\/wp\/v2\/categories?post=15052"},{"taxonomy":"post_tag","embeddable":true,"href":"https:\/\/sgpsolucoes.com.br\/site\/wp-json\/wp\/v2\/tags?post=15052"}],"curies":[{"name":"wp","href":"https:\/\/api.w.org\/{rel}","templated":true}]}}