{"id":15055,"date":"2025-10-08T12:36:51","date_gmt":"2025-10-08T15:36:51","guid":{"rendered":"https:\/\/sgpsolucoes.com.br\/site\/?p=15055"},"modified":"2025-10-08T12:36:53","modified_gmt":"2025-10-08T15:36:53","slug":"stf-tem-competencia-exclusiva-para-autorizar-operacoes-no-congresso","status":"publish","type":"post","link":"https:\/\/sgpsolucoes.com.br\/site\/stf-tem-competencia-exclusiva-para-autorizar-operacoes-no-congresso\/","title":{"rendered":"STF tem compet\u00eancia exclusiva para autorizar opera\u00e7\u00f5es no Congresso\u00a0\u00a0"},"content":{"rendered":"<p class=\"has-text-align-center\"><em>Foto: Ant\u00f4nio Cruz\/Ag\u00eancia Brasil<\/em><\/p><p><strong><em>Decis\u00e3o segue o entendimento da Corte sobre o foro por prerrogativa de fun\u00e7\u00e3o&nbsp;<\/em><\/strong><\/p><p>As opera\u00e7\u00f5es de busca e apreens\u00e3o nas depend\u00eancias do Congresso Nacional e em im\u00f3veis funcionais ocupados por parlamentares somente poder\u00e3o ser autorizadas pelo Supremo Tribunal Federal (STF). A decis\u00e3o, un\u00e2nime, foi tomada no julgamento da Argui\u00e7\u00e3o de Descumprimento de Preceito Fundamental&nbsp;<strong><a href=\"https:\/\/portal.stf.jus.br\/processos\/detalhe.asp?incidente=5082248\" target=\"_blank\" rel=\"noreferrer noopener\">(ADPF) 424<\/a><\/strong>.&nbsp;&nbsp;<\/p><h5 class=\"wp-block-heading\"><strong>Opera\u00e7\u00e3o em 2016&nbsp;<\/strong><\/h5><p>A a\u00e7\u00e3o, de autoria da Mesa do Senado Federal, foi motivada por uma opera\u00e7\u00e3o da Pol\u00edcia Federal realizada na Casa em outubro de 2016, por ordem de um juiz de primeira inst\u00e2ncia. O Senado alegava que a a\u00e7\u00e3o,&nbsp;que envolveu&nbsp;busca e apreens\u00e3o de equipamentos e documentos da Pol\u00edcia Legislativa, impediu o livre exerc\u00edcio da atividade parlamentar e violou os preceitos da separa\u00e7\u00e3o dos Poderes, da soberania popular e do Estado Democr\u00e1tico de Direito.&nbsp;<\/p><h5 class=\"wp-block-heading\"><strong>Foro por prerrogativa de fun\u00e7\u00e3o&nbsp;<\/strong><strong>&nbsp;<\/strong><\/h5><p>Para o ministro Cristiano Zanin, relator da ADPF, o que se discute \u00e9 se as regras do foro por prerrogativa de fun\u00e7\u00e3o se aplicam a situa\u00e7\u00f5es em que, embora as investiga\u00e7\u00f5es n\u00e3o se direcionem a membro do Congresso Nacional, o local de cumprimento da medida est\u00e1 vinculado \u00e0 autoridade com foro.&nbsp;<\/p><p>Segundo Zanin, a prerrogativa de fun\u00e7\u00e3o \u00e9 um mecanismo para proteger n\u00e3o o parlamentar em si, mas a fun\u00e7\u00e3o p\u00fablica exercida por ele. Por isso, questionamentos sobre sua atua\u00e7\u00e3o devem ser apreciados por \u00f3rg\u00e3os colegiados, imparciais e menos vulner\u00e1veis a press\u00f5es. Nesse sentido, de acordo com a jurisprud\u00eancia do Supremo, a compet\u00eancia por prerrogativa de fun\u00e7\u00e3o tamb\u00e9m abrange a fase investigat\u00f3ria.&nbsp;&nbsp;<\/p><p>Zanin reiterou que, ainda que a investiga\u00e7\u00e3o n\u00e3o tenha como alvo direto o parlamentar, a apreens\u00e3o de documentos ou aparelhos eletr\u00f4nicos dentro do Congresso Nacional ou em im\u00f3vel funcional repercute, mesmo que indiretamente, sobre o desempenho da atividade legislativa e, consequentemente, sobre o pr\u00f3prio exerc\u00edcio do mandato, o que atrai a compet\u00eancia do STF.&nbsp;<\/p><h5 class=\"wp-block-heading\"><strong>Inviolabilidade&nbsp;<\/strong><\/h5><p>Por fim, Zanin assinalou que essas opera\u00e7\u00f5es devem observar a inviolabilidade de domic\u00edlio prevista na Constitui\u00e7\u00e3o Federal. Ou seja, a entrada nesses espa\u00e7os sem o consentimento do titular, fora das situa\u00e7\u00f5es de flagrante, desastre ou presta\u00e7\u00e3o de socorro, exige ordem judicial. No caso do Congresso, a compet\u00eancia para a determina\u00e7\u00e3o da medida \u00e9 do Supremo.&nbsp;<\/p><p>Quanto ao mandado de pris\u00e3o contra pessoa que n\u00e3o tem foro por prerrogativa de fun\u00e7\u00e3o, o relator entendeu que n\u00e3o compete ao Supremo determinar a medida.&nbsp;<\/p><p><em>(Iva Velloso e Carmem Feij\u00f3\/AS)&nbsp;<\/em><\/p><p><strong>Fonte: STF<\/strong><\/p>\n    <div class=\"xs_social_share_widget xs_share_url after_content \t\tmain_content  wslu-style-1 wslu-share-box-shaped wslu-fill-colored wslu-none wslu-share-horizontal wslu-theme-font-no wslu-main_content\">\n\n\t\t\n        <ul>\n\t\t\t        <\/ul>\n    <\/div> \n","protected":false},"excerpt":{"rendered":"<p>As opera\u00e7\u00f5es de busca e apreens\u00e3o nas depend\u00eancias do Congresso Nacional e em im\u00f3veis funcionais ocupados por parlamentares somente poder\u00e3o ser autorizadas pelo Supremo Tribunal Federal (STF). A decis\u00e3o, un\u00e2nime, foi tomada no julgamento da Argui\u00e7\u00e3o de Descumprimento de Preceito Fundamental\u00a0(ADPF) 424.\u00a0\u00a0<\/p>\n","protected":false},"author":5,"featured_media":0,"comment_status":"open","ping_status":"open","sticky":false,"template":"","format":"standard","meta":{"postBodyCss":"","postBodyMargin":[],"postBodyPadding":[],"postBodyBackground":{"backgroundType":"classic","gradient":""},"_price":"","_stock":"","_tribe_ticket_header":"","_tribe_default_ticket_provider":"","_tribe_ticket_capacity":"0","_ticket_start_date":"","_ticket_end_date":"","_tribe_ticket_show_description":"","_tribe_ticket_show_not_going":false,"_tribe_ticket_use_global_stock":"","_tribe_ticket_global_stock_level":"","_global_stock_mode":"","_global_stock_cap":"","_tribe_rsvp_for_event":"","_tribe_ticket_going_count":"","_tribe_ticket_not_going_count":"","_tribe_tickets_list":"[]","_tribe_ticket_has_attendee_info_fields":false,"footnotes":""},"categories":[46],"tags":[16311,5618,16309,6426,16308,3893,1461,5287,3722,16310,5417,347,348],"class_list":["post-15055","post","type-post","status-publish","format-standard","hentry","category-noticias","tag-adpf-424","tag-arguicao-de-descumprimento-de-preceito-fundamental","tag-autorizar-operacoes-no-congresso","tag-busca-e-apreensao","tag-competencia-exclusiva","tag-congresso-nacional","tag-decisao","tag-decisao-unanime","tag-foro-por-prerrogativa-de-funcao","tag-imoveis-funcionais","tag-parlamentares","tag-stf","tag-supremo-tribunal-federal"],"acf":[],"_links":{"self":[{"href":"https:\/\/sgpsolucoes.com.br\/site\/wp-json\/wp\/v2\/posts\/15055"}],"collection":[{"href":"https:\/\/sgpsolucoes.com.br\/site\/wp-json\/wp\/v2\/posts"}],"about":[{"href":"https:\/\/sgpsolucoes.com.br\/site\/wp-json\/wp\/v2\/types\/post"}],"author":[{"embeddable":true,"href":"https:\/\/sgpsolucoes.com.br\/site\/wp-json\/wp\/v2\/users\/5"}],"replies":[{"embeddable":true,"href":"https:\/\/sgpsolucoes.com.br\/site\/wp-json\/wp\/v2\/comments?post=15055"}],"version-history":[{"count":0,"href":"https:\/\/sgpsolucoes.com.br\/site\/wp-json\/wp\/v2\/posts\/15055\/revisions"}],"wp:attachment":[{"href":"https:\/\/sgpsolucoes.com.br\/site\/wp-json\/wp\/v2\/media?parent=15055"}],"wp:term":[{"taxonomy":"category","embeddable":true,"href":"https:\/\/sgpsolucoes.com.br\/site\/wp-json\/wp\/v2\/categories?post=15055"},{"taxonomy":"post_tag","embeddable":true,"href":"https:\/\/sgpsolucoes.com.br\/site\/wp-json\/wp\/v2\/tags?post=15055"}],"curies":[{"name":"wp","href":"https:\/\/api.w.org\/{rel}","templated":true}]}}