{"id":15083,"date":"2025-10-09T12:20:17","date_gmt":"2025-10-09T15:20:17","guid":{"rendered":"https:\/\/sgpsolucoes.com.br\/site\/?p=15083"},"modified":"2025-10-09T12:20:18","modified_gmt":"2025-10-09T15:20:18","slug":"stf-valida-leis-paraenses-que-ajustam-horarios-de-concursos-e-vestibulares-as-regras-da-guarda-sabatica","status":"publish","type":"post","link":"https:\/\/sgpsolucoes.com.br\/site\/stf-valida-leis-paraenses-que-ajustam-horarios-de-concursos-e-vestibulares-as-regras-da-guarda-sabatica\/","title":{"rendered":"STF valida leis paraenses que ajustam hor\u00e1rios de concursos e vestibulares \u00e0s regras da guarda sab\u00e1tica\u00a0"},"content":{"rendered":"<p><em>Foto: Carlos Humberto\/STF<\/em><\/p><p><strong><em>Norma visa atender a adeptos de religi\u00f5es que t\u00eam o s\u00e1bado como dia sagrado<\/em><\/strong><\/p><p>Por maioria de votos, o Supremo Tribunal Federal (STF) confirmou a validade de duas leis do Estado do Par\u00e1 que determinam a realiza\u00e7\u00e3o de provas de concursos p\u00fablicos e exames vestibulares ap\u00f3s as 18h de s\u00e1bado, de modo a respeitar a chamada guarda sab\u00e1tica. A norma visa garantir o direito de liberdade religiosa aos candidatos que observam o s\u00e1bado como dia sagrado de descanso e entusiasmo. Para a maioria do Plen\u00e1rio, as leis n\u00e3o violam o princ\u00edpio da laicidade do Estado nem invadem a compet\u00eancia do Poder Executivo para dispor sobre cargas p\u00fablicas.&nbsp;<\/p><p>A decis\u00e3o foi tomada na sess\u00e3o virtual encerrada em 19\/9, no julgamento da A\u00e7\u00e3o Direta de Inconstitucionalidade&nbsp;<strong><a href=\"https:\/\/portal.stf.jus.br\/processos\/detalhe.asp?incidente=2527365\" target=\"_blank\" rel=\"noreferrer noopener\">(ADI) 3901<\/a><\/strong>&nbsp;, proposta pela Procuradoria-Geral da Rep\u00fablica (PGR).&nbsp;<\/p><h5 class=\"wp-block-heading\"><strong>Iniciativa&nbsp;<\/strong><\/h5><p>O relator da ADI, ministro Edson Fachin, afirmou que as Leis estaduais 6.140\/1998 e 6.468\/2002 n\u00e3o tratam de requisitos da carreira, mas da defini\u00e7\u00e3o de per\u00edodo para a realiza\u00e7\u00e3o de provas de concurso. Este, por sua vez, \u00e9 uma etapa anterior ao provimento de carga p\u00fablica, e esse acesso deve obedecer aos direitos \u00e0 igualdade e \u00e0 participa\u00e7\u00e3o p\u00fablica. Esta mat\u00e9ria n\u00e3o se enquadra na compet\u00eancia exclusiva do chefe do Executivo.&nbsp;<\/p><h5 class=\"wp-block-heading\"><strong>Autonomia universit\u00e1ria&nbsp;<\/strong><\/h5><p>Fachin tamb\u00e9m atrasou o argumento de ofensa \u00e0 compet\u00eancia do governador do estado para dispor sobre organiza\u00e7\u00e3o e funcionamento da administra\u00e7\u00e3o estadual. Segundo o ministro, as normas estaduais n\u00e3o alteraram a estrutura nem as atribui\u00e7\u00f5es das unidades de ensino p\u00fablico estadual.&nbsp;<\/p><p>A maioria tamb\u00e9m acompanhou o relator para rejeitar o argumento de que a imposi\u00e7\u00e3o de observ\u00e2ncia de regras relacionadas aos dados dos vestibulares ofende o princ\u00edpio da autonomia universit\u00e1ria.&nbsp;<\/p><p>Ao votar pela improced\u00eancia da a\u00e7\u00e3o, o ministro Edson Fachin afirmou que o Tribunal j\u00e1 se manifestou pela validade de a\u00e7\u00f5es afirmativas que podem favorecer grupos pontualmente determinados para corrigir uma dificuldade de acesso aos bens p\u00fablicos.&nbsp;&nbsp;<\/p><p>Acompanharam a relatora a ministra Rosa Weber e o ministro Ricardo Lewandowski (aposentados) e os ministros Lu\u00eds Roberto Barroso, Luiz Fux e Alexandre de Moraes.&nbsp;&nbsp;<\/p><h5 class=\"wp-block-heading\"><strong>Diverg\u00eancia&nbsp;<\/strong><\/h5><p>Ficaram parcialmente vencidos a ministra C\u00e1rmen L\u00facia e os ministros Dias Toffoli, Nunes Marques, Gilmar Mendes e Andr\u00e9 Mendon\u00e7a. Para eles, as normas n\u00e3o devem ser aplicadas aos vestibulares e concursos p\u00fablicos organizados no \u00e2mbito nacional.&nbsp;<\/p><p><em>(Su\u00e9len Pires\/AS\/\/CF)&nbsp;<\/em><\/p><p><strong>Fonte: STF<\/strong><\/p>\n    <div class=\"xs_social_share_widget xs_share_url after_content \t\tmain_content  wslu-style-1 wslu-share-box-shaped wslu-fill-colored wslu-none wslu-share-horizontal wslu-theme-font-no wslu-main_content\">\n\n\t\t\n        <ul>\n\t\t\t        <\/ul>\n    <\/div> \n","protected":false},"excerpt":{"rendered":"<p>Por maioria de votos, o Supremo Tribunal Federal (STF) confirmou a validade de duas leis do Estado do Par\u00e1 que determinam a realiza\u00e7\u00e3o de provas de concursos p\u00fablicos e exames vestibulares ap\u00f3s as 18h de s\u00e1bado, de modo a respeitar a chamada guarda sab\u00e1tica. A norma visa garantir o direito de liberdade religiosa aos candidatos que observam o s\u00e1bado como dia sagrado de descanso e entusiasmo. Para a maioria do Plen\u00e1rio, as leis n\u00e3o violam o princ\u00edpio da laicidade do Estado nem invadem a compet\u00eancia do Poder Executivo para dispor sobre cargas p\u00fablicas.\u00a0<\/p>\n","protected":false},"author":5,"featured_media":0,"comment_status":"open","ping_status":"open","sticky":false,"template":"","format":"standard","meta":{"postBodyCss":"","postBodyMargin":[],"postBodyPadding":[],"postBodyBackground":{"backgroundType":"classic","gradient":""},"_price":"","_stock":"","_tribe_ticket_header":"","_tribe_default_ticket_provider":"","_tribe_ticket_capacity":"0","_ticket_start_date":"","_ticket_end_date":"","_tribe_ticket_show_description":"","_tribe_ticket_show_not_going":false,"_tribe_ticket_use_global_stock":"","_tribe_ticket_global_stock_level":"","_global_stock_mode":"","_global_stock_cap":"","_tribe_rsvp_for_event":"","_tribe_ticket_going_count":"","_tribe_ticket_not_going_count":"","_tribe_tickets_list":"[]","_tribe_ticket_has_attendee_info_fields":false,"footnotes":""},"categories":[46],"tags":[16401,616,1187,4726,9832,16398,16400,7717,16399,16395,6075,2150,16394,5406,2639,1768,5610,16397,347,348,16396],"class_list":["post-15083","post","type-post","status-publish","format-standard","hentry","category-noticias","tag-apos-as-18h","tag-candidatos","tag-concursos","tag-concursos-publicos","tag-descanso","tag-dia-sagrado","tag-entusiasmo","tag-estado-do-para","tag-exames-vestibulares","tag-guarda-sabatica","tag-horarios","tag-leis","tag-leis-paraenses","tag-liberdade-religiosa","tag-norma","tag-provas","tag-religioes","tag-sabado","tag-stf","tag-supremo-tribunal-federal","tag-vestibulares"],"acf":[],"_links":{"self":[{"href":"https:\/\/sgpsolucoes.com.br\/site\/wp-json\/wp\/v2\/posts\/15083"}],"collection":[{"href":"https:\/\/sgpsolucoes.com.br\/site\/wp-json\/wp\/v2\/posts"}],"about":[{"href":"https:\/\/sgpsolucoes.com.br\/site\/wp-json\/wp\/v2\/types\/post"}],"author":[{"embeddable":true,"href":"https:\/\/sgpsolucoes.com.br\/site\/wp-json\/wp\/v2\/users\/5"}],"replies":[{"embeddable":true,"href":"https:\/\/sgpsolucoes.com.br\/site\/wp-json\/wp\/v2\/comments?post=15083"}],"version-history":[{"count":0,"href":"https:\/\/sgpsolucoes.com.br\/site\/wp-json\/wp\/v2\/posts\/15083\/revisions"}],"wp:attachment":[{"href":"https:\/\/sgpsolucoes.com.br\/site\/wp-json\/wp\/v2\/media?parent=15083"}],"wp:term":[{"taxonomy":"category","embeddable":true,"href":"https:\/\/sgpsolucoes.com.br\/site\/wp-json\/wp\/v2\/categories?post=15083"},{"taxonomy":"post_tag","embeddable":true,"href":"https:\/\/sgpsolucoes.com.br\/site\/wp-json\/wp\/v2\/tags?post=15083"}],"curies":[{"name":"wp","href":"https:\/\/api.w.org\/{rel}","templated":true}]}}