{"id":15093,"date":"2025-10-09T15:17:56","date_gmt":"2025-10-09T18:17:56","guid":{"rendered":"https:\/\/sgpsolucoes.com.br\/site\/?p=15093"},"modified":"2025-10-09T15:45:54","modified_gmt":"2025-10-09T18:45:54","slug":"programa-que-acelera-acesso-a-medicos-especialistas-no-sus-agora-e-lei","status":"publish","type":"post","link":"https:\/\/sgpsolucoes.com.br\/site\/programa-que-acelera-acesso-a-medicos-especialistas-no-sus-agora-e-lei\/","title":{"rendered":"AGU e TCU disciplinam an\u00e1lise de relat\u00f3rios de gest\u00e3o de emendas Pix"},"content":{"rendered":"<p>Nota t\u00e9cnica conjunta atende \u00e0 decis\u00e3o do STF e foi elaborado atendendo a determina\u00e7\u00e3o do ministro Fl\u00e1vio Dino, do Supremo Tribunal Federal<\/p><p>A Advocacia-Geral da Uni\u00e3o (AGU), o Tribunal de Contas da Uni\u00e3o (TCU), a Controladoria-Geral da Uni\u00e3o (CGU) e o Minist\u00e9rio da Gest\u00e3o e da Inova\u00e7\u00e3o em Servi\u00e7os P\u00fablicos (MGI) assinaram nesta quarta-feira (08\/10) <a target=\"_blank\" href=\"https:\/\/www.gov.br\/agu\/pt-br\/comunicacao\/noticias\/agu-e-tcu-disciplinam-analise-de-relatorios-de-gestao-de-emendas-pix\/Nota_Conjunta_TCUAGUCGUMGI_081025.pdf\" rel=\"noreferrer noopener\">nota t\u00e9cnica conjunta que apresenta um modelo de an\u00e1lise dos relat\u00f3rios de gest\u00e3o das emendas parlamentares individuais conhecidas como transfer\u00eancias especiais ou &#8220;emendas Pix&#8221;<\/a>.<\/p><p>O documento atende a decis\u00e3o do ministro Fl\u00e1vio Dino, do Supremo Tribunal Federal (STF), para que a Uni\u00e3o e o TCU apresentassem um cronograma para an\u00e1lise, aprecia\u00e7\u00e3o e julgamento dos relat\u00f3rios de gest\u00e3o das emendas parlamentares individuais referentes aos exerc\u00edcios de 2020 a 2024.<\/p><p>A elabora\u00e7\u00e3o dos relat\u00f3rios de gest\u00e3o sobre o emprego dos recursos das emendas Pix tamb\u00e9m foi uma determina\u00e7\u00e3o do ministro Fl\u00e1vio Dino no \u00e2mbito da Argui\u00e7\u00e3o de Descumprimento de Preceito Fundamental (ADPF) 854.<\/p><p>A nota t\u00e9cnica conjunta estabelece par\u00e2metros objetivos e audit\u00e1veis de an\u00e1lise dos relat\u00f3rios de gest\u00e3o referentes aos recursos desse tipo de emenda, e foi elaborada a partir de colabora\u00e7\u00f5es do TCU, AGU, MGI e CGU.<\/p><p><strong>Fluxo de trabalho<\/strong><\/p><p>O documento tamb\u00e9m apresenta cronograma com fluxo de trabalho voltado \u00e0 an\u00e1lise dos relat\u00f3rios de gest\u00e3o relativos aos anos de 2020 a 2024, com etapas previstas entre janeiro e julho de 2026, a partir de metodologia proposta para a prioriza\u00e7\u00e3o dos relat\u00f3rios de gest\u00e3o a serem examinados, com base em crit\u00e9rios de risco, relev\u00e2ncia, materialidade e oportunidade.<\/p><p>A cerim\u00f4nia de assinatura da nota conjunta foi realizada na sede do TCU e teve a participa\u00e7\u00e3o do advogado-geral da Uni\u00e3o, Jorge Messias, do presidente do TCU, Vital do R\u00eago Filho, da ministra da Gest\u00e3o e da Inova\u00e7\u00e3o em Servi\u00e7os P\u00fablicos, Esther Dweck, e da ministra substituta da Controladoria-Geral da Uni\u00e3o, Eveline Martins Brito.<\/p><p>&#8220;A gente percebe que quando os \u00f3rg\u00e3os do Estado brasileiro se unem, em prol do mesmo prop\u00f3sito, quem ganha \u00e9 o cidad\u00e3o&#8221;, destacou o advogado-geral da Uni\u00e3o, Jorge Messias.<\/p><p>&#8220;N\u00f3s precisamos dar ao cidad\u00e3o essa certeza de que o Estado brasileiro est\u00e1 atento a ele&#8221;, ressaltou o presidente do TCU, Vital do R\u00eago Filho.<\/p><p>As representantes do MGI e da CGU destacaram a import\u00e2ncia da parceria interinstitucional para o aprimoramento da gest\u00e3o p\u00fablica e dos mecanismos de transpar\u00eancia \u00e0 sociedade.<\/p><p>&#8220;Desde a cria\u00e7\u00e3o do Minist\u00e9rio da Gest\u00e3o, a gente percebe essa inten\u00e7\u00e3o de estar pr\u00f3ximo aos \u00f3rg\u00e3os de controle como forma de aprimorar os mecanismos de gest\u00e3o&#8221;, disse a ministra Esther Dweck.<\/p><p>&#8220;\u00c9 mais um passo para garantir a transpar\u00eancia, presta\u00e7\u00e3o de contas e que os resultados sejam efetivamente disponibilizados \u00e0 sociedade&#8221;, afirmou a ministra substituta da CGU, Eveline Martins Brito.<\/p><p>Fonte: <strong>Assessoria Especial de Comunica\u00e7\u00e3o Social da AGU<\/strong><\/p><p><\/p>\n    <div class=\"xs_social_share_widget xs_share_url after_content \t\tmain_content  wslu-style-1 wslu-share-box-shaped wslu-fill-colored wslu-none wslu-share-horizontal wslu-theme-font-no wslu-main_content\">\n\n\t\t\n        <ul>\n\t\t\t        <\/ul>\n    <\/div> \n","protected":false},"excerpt":{"rendered":"<p>A Advocacia-Geral da Uni\u00e3o (AGU), o Tribunal de Contas da Uni\u00e3o (TCU), a Controladoria-Geral da Uni\u00e3o (CGU) e o Minist\u00e9rio da Gest\u00e3o e da Inova\u00e7\u00e3o em Servi\u00e7os P\u00fablicos (MGI) assinaram nesta quarta-feira (08\/10) nota t\u00e9cnica conjunta que apresenta um modelo de an\u00e1lise dos relat\u00f3rios de gest\u00e3o das emendas parlamentares individuais conhecidas como transfer\u00eancias especiais ou &#8220;emendas Pix&#8221;.<\/p>\n","protected":false},"author":5,"featured_media":0,"comment_status":"open","ping_status":"open","sticky":false,"template":"","format":"standard","meta":{"postBodyCss":"","postBodyMargin":[],"postBodyPadding":[],"postBodyBackground":{"backgroundType":"classic","gradient":""},"_price":"","_stock":"","_tribe_ticket_header":"","_tribe_default_ticket_provider":"","_tribe_ticket_capacity":"0","_ticket_start_date":"","_ticket_end_date":"","_tribe_ticket_show_description":"","_tribe_ticket_show_not_going":false,"_tribe_ticket_use_global_stock":"","_tribe_ticket_global_stock_level":"","_global_stock_mode":"","_global_stock_cap":"","_tribe_rsvp_for_event":"","_tribe_ticket_going_count":"","_tribe_ticket_not_going_count":"","_tribe_tickets_list":"[]","_tribe_ticket_has_attendee_info_fields":false,"footnotes":""},"categories":[46],"tags":[79,3923,8479,258],"class_list":["post-15093","post","type-post","status-publish","format-standard","hentry","category-noticias","tag-agu","tag-emendas-pix","tag-gestao-2","tag-tcu"],"acf":[],"_links":{"self":[{"href":"https:\/\/sgpsolucoes.com.br\/site\/wp-json\/wp\/v2\/posts\/15093"}],"collection":[{"href":"https:\/\/sgpsolucoes.com.br\/site\/wp-json\/wp\/v2\/posts"}],"about":[{"href":"https:\/\/sgpsolucoes.com.br\/site\/wp-json\/wp\/v2\/types\/post"}],"author":[{"embeddable":true,"href":"https:\/\/sgpsolucoes.com.br\/site\/wp-json\/wp\/v2\/users\/5"}],"replies":[{"embeddable":true,"href":"https:\/\/sgpsolucoes.com.br\/site\/wp-json\/wp\/v2\/comments?post=15093"}],"version-history":[{"count":0,"href":"https:\/\/sgpsolucoes.com.br\/site\/wp-json\/wp\/v2\/posts\/15093\/revisions"}],"wp:attachment":[{"href":"https:\/\/sgpsolucoes.com.br\/site\/wp-json\/wp\/v2\/media?parent=15093"}],"wp:term":[{"taxonomy":"category","embeddable":true,"href":"https:\/\/sgpsolucoes.com.br\/site\/wp-json\/wp\/v2\/categories?post=15093"},{"taxonomy":"post_tag","embeddable":true,"href":"https:\/\/sgpsolucoes.com.br\/site\/wp-json\/wp\/v2\/tags?post=15093"}],"curies":[{"name":"wp","href":"https:\/\/api.w.org\/{rel}","templated":true}]}}