{"id":15099,"date":"2025-10-09T15:53:31","date_gmt":"2025-10-09T18:53:31","guid":{"rendered":"https:\/\/sgpsolucoes.com.br\/site\/?p=15099"},"modified":"2025-10-09T15:53:32","modified_gmt":"2025-10-09T18:53:32","slug":"programa-que-acelera-acesso-a-medicos-especialistas-no-sus-agora-e-lei-2","status":"publish","type":"post","link":"https:\/\/sgpsolucoes.com.br\/site\/programa-que-acelera-acesso-a-medicos-especialistas-no-sus-agora-e-lei-2\/","title":{"rendered":"Programa que acelera acesso a m\u00e9dicos especialistas no SUS agora \u00e9 lei"},"content":{"rendered":"<p>Agora Tem Especialistas prev\u00ea parcerias com hospitais privados para presta\u00e7\u00e3o de servi\u00e7os m\u00e9dicos<\/p><p>O programa do governo federal que cria parcerias com hospitais privados para tentar acelerar o acesso de pacientes do SUS a m\u00e9dicos especialistas j\u00e1 est\u00e1 em vigor. O presidente Luiz In\u00e1cio Lula da Silva sancionou a <a href=\"https:\/\/www2.camara.gov.br\/legin\/fed\/lei\/2025\/lei-15233-7-outubro-2025-798103-norma-pl.html\">Lei 15.233\/25<\/a> nesta ter\u00e7a-feira (7).<\/p><p>A nova lei se originou de medida provis\u00f3ria apresentada pelo governo federal em 30 de maio (<a href=\"https:\/\/www.camara.leg.br\/noticias\/1204008-camara-aprova-mp-que-cria-o-programa-agora-tem-especialistas\/\">MP 1301\/25)<\/a>.<\/p><p>O Programa Agora Tem Especialistas prev\u00ea tr\u00eas eixos principais para aumentar a oferta de atendimento especializado:<\/p><ul class=\"wp-block-list\"><li>\u201cdesconto\u201d em tributos federais por meio de cr\u00e9ditos para hospitais e cl\u00ednicas privadas que optarem pelo programa;<\/li>\n\n<li>troca de d\u00edvidas dos planos de sa\u00fade com o SUS por presta\u00e7\u00e3o de servi\u00e7os assistenciais;<\/li>\n\n<li>presta\u00e7\u00e3o de servi\u00e7os especializados feita diretamente pela Uni\u00e3o em situa\u00e7\u00f5es de urg\u00eancia reconhecidas pelo Minist\u00e9rio da Sa\u00fade.<\/li><\/ul><p>At\u00e9 meados de setembro, o governo federal esperava que 501 especialistas come\u00e7assem a atuar em 212 munic\u00edpios de todo o pa\u00eds. A disponibilidade \u00e9 para \u00e1reas como cardiologia, anestesia, radioterapia e outras 16 especialidades. Dados de 2025 do Minist\u00e9rio da Sa\u00fade apontam car\u00eancia e desigualdade na distribui\u00e7\u00e3o desses profissionais, com maior concentra\u00e7\u00e3o de m\u00e9dicos especialistas na rede privada e na Regi\u00e3o Sudeste.<\/p><p><strong>Planos de sa\u00fade<\/strong><br>Quando usu\u00e1rios de planos de sa\u00fade s\u00e3o atendidos no sistema p\u00fablico, os planos devem pagar por esse servi\u00e7o. O novo programa permite que essas empresas troquem o ressarcimento desses valores ao SUS pela oferta de atendimento gratuito.<\/p><p>Os planos de sa\u00fade poder\u00e3o participar por meio de um termo de compromisso que especificar\u00e1 os servi\u00e7os a serem prestados.<\/p><p>O relator, senador Otto Alencar (PSD-BA), incluiu entre os d\u00e9bitos que podem ser convertidos em presta\u00e7\u00e3o de servi\u00e7os os valores em contesta\u00e7\u00e3o judicial, em dep\u00f3sito judicial ou em programas de renegocia\u00e7\u00e3o de d\u00edvidas.&nbsp;Os primeiros exames de pacientes do SUS na rede privada se iniciaram em agosto.<\/p><p>Os estabelecimentos de sa\u00fade privados interessados em participar do programa devem estar em regularidade fiscal. Tamb\u00e9m precisam desistir de casos existentes no Fisco ou na Justi\u00e7a que questionam a cobran\u00e7a de impostos.<\/p><p>O total dos benef\u00edcios tribut\u00e1rios concedidos pela Uni\u00e3o n\u00e3o pode passar de R$ 2 bilh\u00f5es por ano. A partir de 2026, o Poder Executivo deve incluir o valor que deixou de arrecadar na Lei Or\u00e7ament\u00e1ria Anual.<\/p><p><strong>Radioterapia<\/strong><br>A lei prev\u00ea a\u00e7\u00f5es espec\u00edficas para reduzir a fila de tratamento radioter\u00e1pico. Pessoas diagnosticadas com c\u00e2ncer passam a ter prioridade no acesso aos servi\u00e7os especializados de radioterapia, no \u00e2mbito do Agora Tem Especialistas.<\/p><p>Caso o paciente fa\u00e7a tratamento radioter\u00e1pico em outro munic\u00edpio, o SUS garantir\u00e1 transporte, alojamento e alimenta\u00e7\u00e3o, desde que haja recursos dispon\u00edveis. O mesmo valer\u00e1 para quem faz hemodi\u00e1lise, determina o programa.<\/p><p>Al\u00e9m disso, o poder p\u00fablico monitorar\u00e1 a demanda e a oferta de radioterapia na rede p\u00fablica e privada em territ\u00f3rio nacional.<\/p><p>Os parlamentares inclu\u00edram na MP a possibilidade de os atendimentos do programa serem feitos por telemedicina. A prioridade ser\u00e1 para regi\u00f5es remotas ou com comprovada escassez de m\u00e9dicos especialistas.<\/p><p><strong>Centraliza\u00e7\u00e3o de dados<br><\/strong>Para gerenciar a demanda e a oferta do Programa Agora Tem Especialistas, o SUS centralizar\u00e1, em um sistema de inform\u00e1tica, dados p\u00fablicos sobre o tempo m\u00e9dio de espera para consultas, procedimentos e exames.<\/p><p>As secretarias estaduais, distrital e municipais de Sa\u00fade dever\u00e3o garantir o registro das informa\u00e7\u00f5es em seus pr\u00f3prios sistemas e enviar, obrigatoriamente, os dados ao Minist\u00e9rio da Sa\u00fade.<\/p><p><strong>Mais m\u00e9dicos<br><\/strong>A nova lei mant\u00e9m o Projeto Mais M\u00e9dicos Especialistas, tamb\u00e9m criado pela MP. O projeto busca aumentar no SUS o n\u00famero de m\u00e9dicos especialistas por meio de bolsas para a especializa\u00e7\u00e3o, aux\u00edlio no transporte, direito a recesso, entre outros benef\u00edcios.<\/p><p>Os candidatos devem ser formados no Brasil ou com diploma revalidado e com certificados de especialista. A sele\u00e7\u00e3o ser\u00e1 por meio de editais.<\/p><p>Haver\u00e1 um aux\u00edlio financeiro adicional para m\u00e9dicos que trabalharem em munic\u00edpios situados na Amaz\u00f4nia Legal, em territ\u00f3rios ind\u00edgenas ou em \u00e1reas com classifica\u00e7\u00e3o socioecon\u00f4mica de alta vulnerabilidade. O aux\u00edlio ser\u00e1 condicionado \u00e0 disponibilidade de recursos.<\/p><p>A lei ainda expande a atua\u00e7\u00e3o da Ag\u00eancia Brasileira de Apoio \u00e0 Gest\u00e3o do SUS (AgSUS) para auxiliar tamb\u00e9m na medicina especializada (oncologia, ginecologia e todas as outras especializa\u00e7\u00f5es). A ag\u00eancia auxilia o SUS, por exemplo, na compra de equipamentos e na gest\u00e3o do trabalho em locais remotos, entre outras a\u00e7\u00f5es.<\/p><p>Da Ag\u00eancia Senado<br>Edi\u00e7\u00e3o &#8211; RS<\/p><p>Fonte: Ag\u00eancia C\u00e2mara de Not\u00edcias<\/p>\n    <div class=\"xs_social_share_widget xs_share_url after_content \t\tmain_content  wslu-style-1 wslu-share-box-shaped wslu-fill-colored wslu-none wslu-share-horizontal wslu-theme-font-no wslu-main_content\">\n\n\t\t\n        <ul>\n\t\t\t        <\/ul>\n    <\/div> \n","protected":false},"excerpt":{"rendered":"<p>O programa do governo federal que cria parcerias com hospitais privados para tentar acelerar o acesso de pacientes do SUS a m\u00e9dicos especialistas j\u00e1 est\u00e1 em vigor. O presidente Luiz In\u00e1cio Lula da Silva sancionou a Lei 15.233\/25 nesta ter\u00e7a-feira (7).<\/p>\n","protected":false},"author":5,"featured_media":0,"comment_status":"open","ping_status":"open","sticky":false,"template":"","format":"standard","meta":{"postBodyCss":"","postBodyMargin":[],"postBodyPadding":[],"postBodyBackground":{"backgroundType":"classic","gradient":""},"_price":"","_stock":"","_tribe_ticket_header":"","_tribe_default_ticket_provider":"","_tribe_ticket_capacity":"0","_ticket_start_date":"","_ticket_end_date":"","_tribe_ticket_show_description":"","_tribe_ticket_show_not_going":false,"_tribe_ticket_use_global_stock":"","_tribe_ticket_global_stock_level":"","_global_stock_mode":"","_global_stock_cap":"","_tribe_rsvp_for_event":"","_tribe_ticket_going_count":"","_tribe_ticket_not_going_count":"","_tribe_tickets_list":"[]","_tribe_ticket_has_attendee_info_fields":false,"footnotes":""},"categories":[46],"tags":[16414,16416,4724],"class_list":["post-15099","post","type-post","status-publish","format-standard","hentry","category-noticias","tag-acelera","tag-acesso-a-medicos-especialistas","tag-programa"],"acf":[],"_links":{"self":[{"href":"https:\/\/sgpsolucoes.com.br\/site\/wp-json\/wp\/v2\/posts\/15099"}],"collection":[{"href":"https:\/\/sgpsolucoes.com.br\/site\/wp-json\/wp\/v2\/posts"}],"about":[{"href":"https:\/\/sgpsolucoes.com.br\/site\/wp-json\/wp\/v2\/types\/post"}],"author":[{"embeddable":true,"href":"https:\/\/sgpsolucoes.com.br\/site\/wp-json\/wp\/v2\/users\/5"}],"replies":[{"embeddable":true,"href":"https:\/\/sgpsolucoes.com.br\/site\/wp-json\/wp\/v2\/comments?post=15099"}],"version-history":[{"count":0,"href":"https:\/\/sgpsolucoes.com.br\/site\/wp-json\/wp\/v2\/posts\/15099\/revisions"}],"wp:attachment":[{"href":"https:\/\/sgpsolucoes.com.br\/site\/wp-json\/wp\/v2\/media?parent=15099"}],"wp:term":[{"taxonomy":"category","embeddable":true,"href":"https:\/\/sgpsolucoes.com.br\/site\/wp-json\/wp\/v2\/categories?post=15099"},{"taxonomy":"post_tag","embeddable":true,"href":"https:\/\/sgpsolucoes.com.br\/site\/wp-json\/wp\/v2\/tags?post=15099"}],"curies":[{"name":"wp","href":"https:\/\/api.w.org\/{rel}","templated":true}]}}