{"id":15107,"date":"2025-10-09T16:22:47","date_gmt":"2025-10-09T19:22:47","guid":{"rendered":"https:\/\/sgpsolucoes.com.br\/site\/?p=15107"},"modified":"2025-10-09T16:22:48","modified_gmt":"2025-10-09T19:22:48","slug":"informativo-stj-n-865","status":"publish","type":"post","link":"https:\/\/sgpsolucoes.com.br\/site\/informativo-stj-n-865\/","title":{"rendered":"Informativo STJ n\u00b0 865"},"content":{"rendered":"<p>J\u00e1 est\u00e1 dispon\u00edvel o Informativo STJ n\u00b0 865, de 7 de outubro de 2025.<\/p><p><strong>Confira nossos destaques:<\/strong><\/p><p><br><strong>PRIMEIRA TURMA<\/strong><\/p><ul class=\"wp-block-list\"><li>Processo: <a href=\"https:\/\/scon.stj.jus.br\/SCON\/jurisprudencia\/toc.jsp?livre=%28%28AINTARESP+INPATH%28CLAS%29+OR+%22AgInt+no+AREsp%22+INPATH%28CLAP%29%29+AND+1900837+INPATH%28NUM%29%29+OR+%28NEAR%28%28%28AINTARESP+OR+%22AgInt+no+AREsp%22%29%2C1900837%29%2C0%2CTRUE%29+INPATH%28SUCE%29%29\" target=\"_blank\" rel=\"noreferrer noopener\">AgInt no AREsp 1.900.837-SP<\/a>, Rel. Ministro Paulo S\u00e9rgio Domingues, Primeira Turma, por unanimidade, julgado em 22\/9\/2025, DJEN 25\/9\/2025.<\/li>\n\n<li>Ramo do Direito: DIREITO ADMINISTRATIVO<\/li>\n\n<li>Tema: Procedimento administrativo. Prescri\u00e7\u00e3o intercorrente. Inaplicabilidade da Lei n. 9.873\/1999 nos \u00e2mbitos estadual e municipal. Aplicabilidade do Decreto n. 20.910\/1932.<\/li>\n\n<li>Destaque: A regra prevista no art. 1\u00b0, \u00a7 1\u00b0, da Lei n. 9.873\/1999 somente \u00e9 aplic\u00e1vel aos procedimentos sancionat\u00f3rios da administra\u00e7\u00e3o p\u00fablica federal, n\u00e3o podendo ser invocada para ser reconhecida a prescri\u00e7\u00e3o intercorrente no \u00e2mbito dos \u00f3rg\u00e3os estaduais e municipais, que devem adotar, na aus\u00eancia de lei espec\u00edfica, o prazo do Decreto n. 20.910\/1932.<\/li><\/ul><ul class=\"wp-block-list\"><li>Processo: <a href=\"https:\/\/scon.stj.jus.br\/SCON\/jurisprudencia\/toc.jsp?livre=%28%28AIAIEDARESP+INPATH%28CLAS%29+OR+%22AgInt+no+AgInt+nos+EDcl+no+AREsp%22+INPATH%28CLAP%29%29+AND+2605869+INPATH%28NUM%29%29+OR+%28NEAR%28%28%28AIAIEDARESP+OR+%22AgInt+no+AgInt+nos+EDcl+no+AREsp%22%29%2C2605869%29%2C0%2CTRUE%29+INPATH%28SUCE%29%29\" target=\"_blank\" rel=\"noreferrer noopener\">AgInt no AgInt nos EDcl no AREsp 2.605.869-AM<\/a>, Rel. Ministro Gurgel de Faria, Primeira Turma, por unanimidade, julgado em 15\/9\/2025, DJEN 24\/9\/2025.<\/li>\n\n<li>Ramo do Direito: DIREITO TRIBUT\u00c1RIO, DIREITO EMPRESARIAL<\/li>\n\n<li>Tema: Matriz e filial. Autonomia jur\u00eddica. Inexist\u00eancia. Rela\u00e7\u00e3o de depend\u00eancia. Mesma pessoa jur\u00eddica.<\/li>\n\n<li>Destaque: O fato de as filiais possu\u00edrem CNPJ pr\u00f3prio confere a elas somente autonomia administrativa e operacional para fins fiscalizat\u00f3rios, n\u00e3o abarcando a autonomia jur\u00eddica, j\u00e1 que existe a rela\u00e7\u00e3o de depend\u00eancia entre o CNPJ das filiais e o da matriz.<\/li><\/ul><p><strong>SEGUNDA TURMA<\/strong><\/p><ul class=\"wp-block-list\"><li>Processo: <a href=\"https:\/\/scon.stj.jus.br\/SCON\/jurisprudencia\/toc.jsp?livre=%28RESP+INPATH%28CLAS%29+AND+1890353+INPATH%28NUM%29%29+OR+%28NEAR%28%28RESP%2C1890353%29%2C0%2CTRUE%29+INPATH%28SUCE%29%29\" target=\"_blank\" rel=\"noreferrer noopener\">REsp 1.890.353-PR<\/a>, Rel. Ministra Maria Thereza de Assis Moura, Rel. Acd. Ministro Francisco Falc\u00e3o, Segunda Turma, por unanimidade, julgado em 11\/3\/2025, DJEN 8\/9\/2025.<\/li>\n\n<li>Ramo do Direito: DIREITO ADMINISTRATIVO<\/li>\n\n<li>Tema: Acordo de Leni\u00eancia. Repara\u00e7\u00e3o integral do dano. Propositura de A\u00e7\u00e3o de Improbidade Administrativa. Possibilidade. Aus\u00eancia de rela\u00e7\u00e3o de prejudicialidade.<\/li>\n\n<li>Destaque: O acordo de leni\u00eancia n\u00e3o afasta o dever de integral repara\u00e7\u00e3o do dano, a teor do art. 16, \u00a7 3\u00ba, da Lei n. 12.846\/2013, podendo a repara\u00e7\u00e3o ser postulada em a\u00e7\u00e3o pr\u00f3pria ou na pr\u00f3pria a\u00e7\u00e3o por improbidade administrativa.<\/li><\/ul><ul class=\"wp-block-list\"><li>Processo: <a href=\"https:\/\/scon.stj.jus.br\/SCON\/jurisprudencia\/toc.jsp?livre=%28RESP+INPATH%28CLAS%29+AND+1945210+INPATH%28NUM%29%29+OR+%28NEAR%28%28RESP%2C1945210%29%2C0%2CTRUE%29+INPATH%28SUCE%29%29\" target=\"_blank\" rel=\"noreferrer noopener\">REsp 1.945.210-RS<\/a>, Rel. Ministro Teodoro Silva Santos, Segunda Turma, por unanimidade, julgado em 2\/9\/2025, DJEN 9\/9\/2025.<\/li>\n\n<li>Ramo do Direito: DIREITO ADMINISTRATIVO, DIREITO ECON\u00d4MICO<\/li>\n\n<li>Tema: C\u00e2mara de Comercializa\u00e7\u00e3o de Energia El\u00e9trica &#8211; CCEE. Aplica\u00e7\u00e3o de penalidades. Possibilidade. Autorregula\u00e7\u00e3o. San\u00e7\u00f5es de natureza contratual. Inaplicabilidade do limite previsto no art. 3\u00ba, X, da Lei n. 9.427\/1996.<\/li>\n\n<li>Destaque: A C\u00e2mara de Comercializa\u00e7\u00e3o de Energia El\u00e9trica &#8211; CCEE, atuando como um agente de autorregula\u00e7\u00e3o do mercado de energia el\u00e9trica, pode aplicar penalidades pelo n\u00e3o cumprimento de obriga\u00e7\u00f5es pelos seus associados, as quais n\u00e3o podem ser limitadas ao percentual previsto no art. 3\u00ba, X, da Lei n. 9.427\/1996, por terem natureza contratual.<\/li><\/ul><p><a href=\"https:\/\/processo.stj.jus.br\/jurisprudencia\/externo\/informativo\/?acao=pesquisarumaedicao&amp;livre=0865.cod.&amp;from=feed\" target=\"_blank\" rel=\"noreferrer noopener\">Clique aqui para visualizar o documento completo<\/a><\/p><p><strong>Fonte: STJ<\/strong><\/p>\n    <div class=\"xs_social_share_widget xs_share_url after_content \t\tmain_content  wslu-style-1 wslu-share-box-shaped wslu-fill-colored wslu-none wslu-share-horizontal wslu-theme-font-no wslu-main_content\">\n\n\t\t\n        <ul>\n\t\t\t        <\/ul>\n    <\/div> \n","protected":false},"excerpt":{"rendered":"<p>J\u00e1 est\u00e1 dispon\u00edvel o Informativo STJ n\u00b0 865, de 7 de outubro de 2025.<\/p>\n","protected":false},"author":5,"featured_media":0,"comment_status":"open","ping_status":"open","sticky":false,"template":"","format":"standard","meta":{"postBodyCss":"","postBodyMargin":[],"postBodyPadding":[],"postBodyBackground":{"backgroundType":"classic","gradient":""},"_price":"","_stock":"","_tribe_ticket_header":"","_tribe_default_ticket_provider":"","_tribe_ticket_capacity":"0","_ticket_start_date":"","_ticket_end_date":"","_tribe_ticket_show_description":"","_tribe_ticket_show_not_going":false,"_tribe_ticket_use_global_stock":"","_tribe_ticket_global_stock_level":"","_global_stock_mode":"","_global_stock_cap":"","_tribe_rsvp_for_event":"","_tribe_ticket_going_count":"","_tribe_ticket_not_going_count":"","_tribe_tickets_list":"[]","_tribe_ticket_has_attendee_info_fields":false,"footnotes":""},"categories":[46],"tags":[6627,16424,11131,9714,16419,4482,16426,16421,16425,16418,12172,176,16429,10309,1919,16430,13277,5724,16417,16420,15010,16422,16428,311,16427,2008,14843,16423,313,229],"class_list":["post-15107","post","type-post","status-publish","format-standard","hentry","category-noticias","tag-acao-de-improbidade-administrativa","tag-acordo-de-leniencia-reparacao-integral-do-dano","tag-ambito-estadual-2","tag-ambito-municipal","tag-aplicabilidade","tag-autonomia-juridica","tag-autorregulacao","tag-camara-de-comercializacao-de-energia-eletrica","tag-ccee","tag-da-lei-n-9-873-1999","tag-decreto-n-20-910-1932","tag-direito-administrativo","tag-direito-economico","tag-direito-empresarial","tag-direito-tributario","tag-filial","tag-inaplicabilidade","tag-informativo-stj","tag-informativo-stj-n-865","tag-lei-n-9-427-1996","tag-matriz","tag-mesma-pessoa-juridica","tag-natureza-contratual","tag-penalidades","tag-prejudicialidade","tag-prescricao-intercorrente","tag-procedimento-administrativo","tag-relacao-de-dependencia","tag-sancoes","tag-stj"],"acf":[],"_links":{"self":[{"href":"https:\/\/sgpsolucoes.com.br\/site\/wp-json\/wp\/v2\/posts\/15107"}],"collection":[{"href":"https:\/\/sgpsolucoes.com.br\/site\/wp-json\/wp\/v2\/posts"}],"about":[{"href":"https:\/\/sgpsolucoes.com.br\/site\/wp-json\/wp\/v2\/types\/post"}],"author":[{"embeddable":true,"href":"https:\/\/sgpsolucoes.com.br\/site\/wp-json\/wp\/v2\/users\/5"}],"replies":[{"embeddable":true,"href":"https:\/\/sgpsolucoes.com.br\/site\/wp-json\/wp\/v2\/comments?post=15107"}],"version-history":[{"count":0,"href":"https:\/\/sgpsolucoes.com.br\/site\/wp-json\/wp\/v2\/posts\/15107\/revisions"}],"wp:attachment":[{"href":"https:\/\/sgpsolucoes.com.br\/site\/wp-json\/wp\/v2\/media?parent=15107"}],"wp:term":[{"taxonomy":"category","embeddable":true,"href":"https:\/\/sgpsolucoes.com.br\/site\/wp-json\/wp\/v2\/categories?post=15107"},{"taxonomy":"post_tag","embeddable":true,"href":"https:\/\/sgpsolucoes.com.br\/site\/wp-json\/wp\/v2\/tags?post=15107"}],"curies":[{"name":"wp","href":"https:\/\/api.w.org\/{rel}","templated":true}]}}