{"id":15150,"date":"2025-10-13T16:22:30","date_gmt":"2025-10-13T19:22:30","guid":{"rendered":"https:\/\/sgpsolucoes.com.br\/site\/?p=15150"},"modified":"2025-10-13T16:22:31","modified_gmt":"2025-10-13T19:22:31","slug":"pato-branco-pr-deve-corrigir-edital-de-licitacao-para-construcao-de-terminal-no-aeroporto-devendo-elaborar-matriz-de-alocacao-de-riscos","status":"publish","type":"post","link":"https:\/\/sgpsolucoes.com.br\/site\/pato-branco-pr-deve-corrigir-edital-de-licitacao-para-construcao-de-terminal-no-aeroporto-devendo-elaborar-matriz-de-alocacao-de-riscos\/","title":{"rendered":"Pato Branco\/PR deve corrigir edital de licita\u00e7\u00e3o para constru\u00e7\u00e3o de terminal no aeroporto, devendo elaborar Matriz de Aloca\u00e7\u00e3o de Riscos"},"content":{"rendered":"<p>O Tribunal de Contas do Estado do Paran\u00e1 (TCE-PR) determinou ao Munic\u00edpio de Pato Branco (Regi\u00e3o Sudoeste) que, antes da reabertura ou continuidade da licita\u00e7\u00e3o lan\u00e7ada para contratar empresa especializada para a constru\u00e7\u00e3o de novo terminal de passageiros no Aeroporto Regional Professor Juvenal Loureiro Cardoso, fa\u00e7a corre\u00e7\u00f5es no edital da Concorr\u00eancia Eletr\u00f4nica n\u00ba 4\/24.<\/p><p>O munic\u00edpio deve adequar o prazo de conclus\u00e3o da obra, estabelecido no item 15.1.1 do edital, aos prazos de execu\u00e7\u00e3o e vig\u00eancia estabelecidos no Conv\u00eanio n\u00ba 73\/2022-SEIL, firmado com a Secretaria de Estado de Infraestrutura e Log\u00edstica; e elaborar e incluir no instrumento convocat\u00f3rio Matriz de Aloca\u00e7\u00e3o de Riscos, observando a complexidade da obra licitada e a legisla\u00e7\u00e3o espec\u00edfica, em aten\u00e7\u00e3o especial ao disposto no artigo 22 da Lei n\u00ba 14.133\/21 (Lei de Licita\u00e7\u00f5es).<\/p><p>Outra determina\u00e7\u00e3o do TCE-PR \u00e9 para que a Prefeitura de Pato Branco retifique os itens do edital relativos \u00e0 qualifica\u00e7\u00e3o t\u00e9cnica que exigem prova de regularidade &#8211; quita\u00e7\u00e3o dos d\u00e9bitos &#8211; junto ao conselho regional competente, bem como o prazo de validade do documento, a fim de que seja exigido apenas o registro ou inscri\u00e7\u00e3o na entidade profissional competente, conforme estabelecido no artigo 67, inciso V, da Lei 14.133\/21, mitigando restri\u00e7\u00f5es desnecess\u00e1rias \u00e0 competitividade.<\/p><p>A decis\u00e3o foi tomada no processo em que os conselheiros julgaram parcialmente procedente Representa\u00e7\u00e3o da Lei de Licita\u00e7\u00f5es formulada por cidad\u00e3o em face da Concorr\u00eancia Eletr\u00f4nica n\u00ba 4\/24 do Munic\u00edpio de Pato Branco.<\/p><p>Ao receber a cita\u00e7\u00e3o para esclarecimentos sobre as irregularidades apontadas pelo representante, o munic\u00edpio apresentou defesa por meio de suas secretarias, com a formaliza\u00e7\u00e3o do compromisso de suspender o processo licitat\u00f3rio por tempo indeterminado, a partir de 20 de janeiro de 2025, a fim de promover as devidas adequa\u00e7\u00f5es no edital.<\/p><p><strong>Irregularidades<\/strong><\/p><p>O TCE-PR considerou irregular a incompatibilidade do prazo de conclus\u00e3o da obra previsto no edital com os prazos de execu\u00e7\u00e3o e vig\u00eancia estabelecidos no 3\u00ba Termo Aditivo ao Conv\u00eanio n\u00ba 73\/2022-SEIL, o que compromete a conformidade e a seguran\u00e7a jur\u00eddica do certame.<\/p><p>O Tribunal tamb\u00e9m desaprovou a aus\u00eancia de elabora\u00e7\u00e3o de Matriz de Aloca\u00e7\u00e3o de Riscos, instrumento imprescind\u00edvel para uma contrata\u00e7\u00e3o da complexidade da obra do terminal aeroportu\u00e1rio, em viola\u00e7\u00e3o aos princ\u00edpios de gest\u00e3o de riscos e da integridade do planejamento.<\/p><p>Os conselheiros julgaram irregular, ainda, a exig\u00eancia indevida, para fins de qualifica\u00e7\u00e3o t\u00e9cnica, de prova de regularidade &#8211; quita\u00e7\u00e3o dos d\u00e9bitos &#8211; junto ao conselho regional competente e do prazo de validade do documento, que configura restri\u00e7\u00e3o desnecess\u00e1ria \u00e0 competitividade e excede o permitido pelo artigo 67, inciso V, da Lei n\u00ba 14.133\/21.<\/p><p><strong>Decis\u00e3o<\/strong><\/p><p>Ao fundamentar seu voto, o relator do processo, conselheiro Fernando Guimar\u00e3es, concordou com a Coordenadoria de Apoio e Instru\u00e7\u00e3o Suplementar (CAIS) do TCE-PR e com o Minist\u00e9rio P\u00fablico de Contas do Paran\u00e1 (MPC-PR) quanto \u00e0 proced\u00eancia parcial da Representa\u00e7\u00e3o.<\/p><p>Guimar\u00e3es afirmou que o Conv\u00eanio n\u00ba 73\/2022-SEIL, firmado com o Estado do Paran\u00e1, teria fixado um prazo de execu\u00e7\u00e3o de 600 dias, contado a partir de 3 de junho de 2022, o que tornaria extempor\u00e2nea a licita\u00e7\u00e3o; e que o prazo de 900 dias de conclus\u00e3o da obra no edital extrapolaria at\u00e9 mesmo o tempo total do conv\u00eanio.<\/p><p>Ele concluiu que, embora os aditivos ao conv\u00eanio tenham ajustado os valores e estendido a sua vig\u00eancia, persistira a incompatibilidade entre o prazo de execu\u00e7\u00e3o da obra e o prazo final de execu\u00e7\u00e3o do conv\u00eanio (at\u00e9 18 de junho de 2027) e de sua vig\u00eancia (at\u00e9 15 de dezembro de 2027).<\/p><p>O conselheiro destacou que a complexidade do objeto \u00e9 not\u00f3ria; e que a exig\u00eancia da Matriz de Riscos decorre da necessidade de perfeita coordena\u00e7\u00e3o entre diversas \u00e1reas &#8211; engenharia, arquitetura, log\u00edstica, tecnologia da informa\u00e7\u00e3o e seguran\u00e7a &#8211; e que sua elabora\u00e7\u00e3o \u00e9 crucial para identificar, alocar e mitigar problemas, assegurando que os riscos sejam gerenciados de forma eficaz. Guimar\u00e3es registrou que o pr\u00f3prio munic\u00edpio reconhecera a falha e comprometera-se a incluir a Matriz de Riscos no edital antes de sua reabertura.<\/p><p>Al\u00e9m disso, o relator esclareceu que o artigo 67, inciso V, da Lei n\u00ba 14.133\/21, admite apenas a solicita\u00e7\u00e3o do &#8220;registro ou inscri\u00e7\u00e3o na entidade profissional competente, quando for o caso&#8221;; e refor\u00e7ou que a exig\u00eancia de &#8220;regularidade&#8221; &#8211; ligada \u00e0 quita\u00e7\u00e3o de d\u00e9bitos &#8211; e do &#8220;prazo de validade&#8221; do documento \u00e9 indevida, pois a simples exist\u00eancia de d\u00e9bitos n\u00e3o acarreta a aus\u00eancia ou baixa do registro da licitante e o prazo de validade de certid\u00f5es, muitas vezes ex\u00edguo, pode comprometer desnecessariamente a competitividade do certame.<\/p><p>Os conselheiros aprovaram por unanimidade o voto do relator, na Sess\u00e3o de Plen\u00e1rio Virtual n\u00ba 17\/25 do Tribunal Pleno do TCE-PR, conclu\u00edda em 11 de setembro. A decis\u00e3o, contra a qual cabe recurso, est\u00e1 expressa no Ac\u00f3rd\u00e3o n\u00ba 2543\/25 &#8211; Tribunal Pleno, disponibilizado em 24 de setembro, na&nbsp;<a href=\"https:\/\/www1.tce.pr.gov.br\/multimidia\/2025\/9\/pdf\/00397891.pdf\">edi\u00e7\u00e3o n\u00ba 3.533 do&nbsp;Di\u00e1rio Eletr\u00f4nico&nbsp;do TCE-PR (DETC)<\/a>.<\/p><p><strong>Servi\u00e7o<\/strong><\/p><figure class=\"wp-block-table\"><table class=\"has-fixed-layout\"><tbody><tr><td><strong>Processo<\/strong>&nbsp;<strong>n\u00ba<\/strong>:<\/td><td>538116\/24<\/td><\/tr><tr><td><strong>Ac\u00f3rd\u00e3o n\u00ba<\/strong><\/td><td>2543\/25 &#8211; Tribunal Pleno<\/td><\/tr><tr><td><strong>Assunto<\/strong>:<\/td><td>Representa\u00e7\u00e3o da Lei de Licita\u00e7\u00f5es<\/td><\/tr><tr><td><strong>Entidade<\/strong>:<\/td><td>Munic\u00edpio de Pato Branco<\/td><\/tr><tr><td><strong>Interessados<\/strong>:<\/td><td>Robson Cantu e Romulo Faggio<\/td><\/tr><tr><td><strong>Relator<\/strong>:<\/td><td>Conselheiro Fernando Augusto Mello Guimar\u00e3es<\/td><\/tr><\/tbody><\/table><\/figure><p><em>Autor:&nbsp;Diretoria de Comunica\u00e7\u00e3o Social<\/em><\/p><p><strong>Fonte:&nbsp;TCE\/PR<\/strong><\/p>\n    <div class=\"xs_social_share_widget xs_share_url after_content \t\tmain_content  wslu-style-1 wslu-share-box-shaped wslu-fill-colored wslu-none wslu-share-horizontal wslu-theme-font-no wslu-main_content\">\n\n\t\t\n        <ul>\n\t\t\t        <\/ul>\n    <\/div> \n","protected":false},"excerpt":{"rendered":"<p>O Tribunal de Contas do Estado do Paran\u00e1 (TCE-PR) determinou ao Munic\u00edpio de Pato Branco (Regi\u00e3o Sudoeste) que, antes da reabertura ou continuidade da licita\u00e7\u00e3o lan\u00e7ada para contratar empresa especializada para a constru\u00e7\u00e3o de novo terminal de passageiros no Aeroporto Regional Professor Juvenal Loureiro Cardoso, fa\u00e7a corre\u00e7\u00f5es no edital da Concorr\u00eancia Eletr\u00f4nica n\u00ba 4\/24.<\/p>\n","protected":false},"author":5,"featured_media":0,"comment_status":"open","ping_status":"open","sticky":false,"template":"","format":"standard","meta":{"postBodyCss":"","postBodyMargin":[],"postBodyPadding":[],"postBodyBackground":{"backgroundType":"classic","gradient":""},"_price":"","_stock":"","_tribe_ticket_header":"","_tribe_default_ticket_provider":"","_tribe_ticket_capacity":"0","_ticket_start_date":"","_ticket_end_date":"","_tribe_ticket_show_description":"","_tribe_ticket_show_not_going":false,"_tribe_ticket_use_global_stock":"","_tribe_ticket_global_stock_level":"","_global_stock_mode":"","_global_stock_cap":"","_tribe_rsvp_for_event":"","_tribe_ticket_going_count":"","_tribe_ticket_not_going_count":"","_tribe_tickets_list":"[]","_tribe_ticket_has_attendee_info_fields":false,"footnotes":""},"categories":[46],"tags":[16438,16440,15011,4896,3291,856,2368,218,159,138,16443,5791,220,16439,16442,354,10728,16441,356],"class_list":["post-15150","post","type-post","status-publish","format-standard","hentry","category-noticias","tag-aeroporto","tag-aeroporto-regional-professor-juvenal-loureiro-cardoso","tag-alocacao-de-riscos","tag-concorrencia-eletronica","tag-construcao","tag-edital","tag-instrumento-convocatorio","tag-lei-de-licitacoes","tag-lei-no-14-133-21","tag-licitacao-2","tag-matriz-de-alocacao-de-riscos","tag-municipio-de-pato-branco","tag-obra","tag-pato-branco-pr","tag-secretaria-de-estado-de-infraestrutura-e-logistica","tag-tce-pr","tag-terminal","tag-terminal-de-passageiros","tag-tribunal-de-contas-do-estado-do-parana"],"acf":[],"_links":{"self":[{"href":"https:\/\/sgpsolucoes.com.br\/site\/wp-json\/wp\/v2\/posts\/15150"}],"collection":[{"href":"https:\/\/sgpsolucoes.com.br\/site\/wp-json\/wp\/v2\/posts"}],"about":[{"href":"https:\/\/sgpsolucoes.com.br\/site\/wp-json\/wp\/v2\/types\/post"}],"author":[{"embeddable":true,"href":"https:\/\/sgpsolucoes.com.br\/site\/wp-json\/wp\/v2\/users\/5"}],"replies":[{"embeddable":true,"href":"https:\/\/sgpsolucoes.com.br\/site\/wp-json\/wp\/v2\/comments?post=15150"}],"version-history":[{"count":0,"href":"https:\/\/sgpsolucoes.com.br\/site\/wp-json\/wp\/v2\/posts\/15150\/revisions"}],"wp:attachment":[{"href":"https:\/\/sgpsolucoes.com.br\/site\/wp-json\/wp\/v2\/media?parent=15150"}],"wp:term":[{"taxonomy":"category","embeddable":true,"href":"https:\/\/sgpsolucoes.com.br\/site\/wp-json\/wp\/v2\/categories?post=15150"},{"taxonomy":"post_tag","embeddable":true,"href":"https:\/\/sgpsolucoes.com.br\/site\/wp-json\/wp\/v2\/tags?post=15150"}],"curies":[{"name":"wp","href":"https:\/\/api.w.org\/{rel}","templated":true}]}}