{"id":15221,"date":"2025-10-16T15:11:44","date_gmt":"2025-10-16T18:11:44","guid":{"rendered":"https:\/\/sgpsolucoes.com.br\/site\/?p=15221"},"modified":"2025-10-16T15:11:45","modified_gmt":"2025-10-16T18:11:45","slug":"reajuste-de-remuneracao-de-servidores-deve-ter-estimativa-de-impacto-financeiro","status":"publish","type":"post","link":"https:\/\/sgpsolucoes.com.br\/site\/reajuste-de-remuneracao-de-servidores-deve-ter-estimativa-de-impacto-financeiro\/","title":{"rendered":"Reajuste de remunera\u00e7\u00e3o de servidores deve ter estimativa de impacto financeiro"},"content":{"rendered":"<p>O Tribunal de Contas do Estado (TCE-PR) reconheceu a inconstitucionalidade das leis n\u00ba 1.818\/2022 e n\u00ba 1.861\/2022 do Munic\u00edpio de Cafel\u00e2ndia, na Regi\u00e3o Oeste do Paran\u00e1. As normas legais haviam concedido reajustes nos vencimentos de professores e m\u00e9dicos do quadro de pessoal do Poder Executivo municipal sem pr\u00e9via estimativa de impacto or\u00e7ament\u00e1rio-financeiro.<\/p><p>A decis\u00e3o foi tomada pelo Pleno do TCE-PR quando do julgamento pela proced\u00eancia de Incidente de Inconstitucionalidade instaurado por determina\u00e7\u00e3o expressa do Ac\u00f3rd\u00e3o n\u00ba 875\/24, proferido pelo mesmo \u00f3rg\u00e3o colegiado da Corte, no \u00e2mbito dos autos de Representa\u00e7\u00e3o n\u00ba 50807\/23. Os efeitos da decis\u00e3o ser\u00e3o aplicados aos processos que ainda n\u00e3o tenham sido julgados.<\/p><p>Na instru\u00e7\u00e3o do processo, a ent\u00e3o Coordenadoria de Gest\u00e3o Municipal (CGM) do TCE-PR concluiu pelo reconhecimento da inconstitucionalidade das duas leis, em raz\u00e3o da aus\u00eancia de estimativa espec\u00edfica de impacto or\u00e7ament\u00e1rio-financeiro relativo \u00e0 concess\u00e3o dos reajustes. Em seu parecer, o Minist\u00e9rio P\u00fablico de Contas (MPC-PR) concordou com o posicionamento da unidade t\u00e9cnica.<\/p><p>O relator do processo, conselheiro Ivan Bonilha, seguiu o mesmo posicionamento da CGM e do MPC-PR. Em seu voto, ele lembrou que, enquanto a Lei n\u00ba 1.818\/2022 concedeu recomposi\u00e7\u00e3o salarial aos servidores do magist\u00e9rio municipal, a Lei Municipal n\u00ba 1.861\/2022, alterou, para maior, o vencimento do cargo de m\u00e9dico do trabalho.<\/p><p>O conselheiro tamb\u00e9m afirmou que, conforme destacado na decis\u00e3o que determinou a instaura\u00e7\u00e3o do Incidente de Inconstitucionalidade, a an\u00e1lise t\u00e9cnica realizada no processo origin\u00e1rio havia evidenciado a aus\u00eancia de estudos pr\u00e9vios de impacto or\u00e7ament\u00e1rio-financeiro demonstrando que as altera\u00e7\u00f5es remunerat\u00f3rias promovidas teriam adequa\u00e7\u00e3o or\u00e7ament\u00e1ria e financeira com a Lei Or\u00e7ament\u00e1ria Anual (LOA) e compatibilidade com o Plano Plurianual (PPA) e com a Lei de Diretrizes Or\u00e7ament\u00e1rias (LOA). O relator enfatizou ainda que, em novo exame, ap\u00f3s o Munic\u00edpio de Cafel\u00e2ndia ter apresentado demonstrativo de impacto or\u00e7ament\u00e1rio e financeiro, a antiga CGM concluiu pela inadequa\u00e7\u00e3o do documento.<\/p><p><strong>Decis\u00e3o<\/strong><\/p><p>Bonilha explicou que o inciso I do par\u00e1grafo 1\u00ba do artigo 169 da Constitui\u00e7\u00e3o Federal disp\u00f5e que a concess\u00e3o de qualquer vantagem ou aumento de remunera\u00e7\u00e3o, a cria\u00e7\u00e3o de cargos, empregos e fun\u00e7\u00f5es ou altera\u00e7\u00e3o de estrutura de carreiras, bem como a admiss\u00e3o ou contrata\u00e7\u00e3o de pessoal, a qualquer t\u00edtulo, pelos \u00f3rg\u00e3os e entidades da administra\u00e7\u00e3o direta ou indireta, inclusive funda\u00e7\u00f5es institu\u00eddas e mantidas pelo poder p\u00fablico, s\u00f3 podem ser feitas se houver pr\u00e9via dota\u00e7\u00e3o or\u00e7ament\u00e1ria suficiente para atender \u00e0s proje\u00e7\u00f5es de despesa de pessoal e aos acr\u00e9scimos dela decorrentes.<\/p><p>O conselheiro tamb\u00e9m destacou que o artigo 113 do Ato das Disposi\u00e7\u00f5es Constitucionais Transit\u00f3rias (ADCT) estabelece que a proposi\u00e7\u00e3o legislativa que crie ou altere despesa obrigat\u00f3ria ou ren\u00fancia de receita dever\u00e1 ser acompanhada da estimativa do seu impacto or\u00e7ament\u00e1rio e financeiro.<\/p><p>O relator frisou ainda que o inciso I do artigo 16 da Lei Complementar n\u00ba 101\/2000 (Lei de Responsabilidade Fiscal &#8211; LRF) expressa que a cria\u00e7\u00e3o, expans\u00e3o ou aperfei\u00e7oamento de a\u00e7\u00e3o governamental que acarrete aumento da despesa dever\u00e1 ser acompanhada do impacto or\u00e7ament\u00e1rio-financeiro no mesmo ano em que deva entrar em vigor, bem como nos dois subsequentes.<\/p><p>Finalmente, Bonilha ressaltou que o inciso I do artigo 21 da LRF fixa que \u00e9 nulo de pleno direito o ato que provoque aumento da despesa com pessoal e n\u00e3o atenda \u00e0s exig\u00eancias dos artigos 16 e 17 dessa lei complementar, al\u00e9m do disposto no par\u00e1grafo 1\u00ba do artigo 169 da Constitui\u00e7\u00e3o Federal.<\/p><p>Os conselheiros acompanharam o voto do relator, de forma un\u00e2nime, na Sess\u00e3o de Plen\u00e1rio Virtual n\u00ba 17\/25 do Tribunal Pleno do TCE-PR, conclu\u00edda em 11 de setembro. Eles determinaram ainda o encaminhamento de Representa\u00e7\u00e3o sobre o caso \u00e0 Procuradoria-Geral de Justi\u00e7a, conforme previsto no artigo 409 do Regimento Interno do TCE-PR. Cabe recurso contra a decis\u00e3o, contida no Ac\u00f3rd\u00e3o n\u00ba 2561\/25 &#8211; Tribunal Pleno, veiculado no dia 24 do mesmo m\u00eas, na <a href=\"https:\/\/www1.tce.pr.gov.br\/conteudo\/diario-eletronico-3533-2025-de-24-de-setembro-de-2025\/365198\/area\/10\">edi\u00e7\u00e3o n\u00ba 3.533 do Di\u00e1rio Eletr\u00f4nico do TCE-PR<\/a>.<\/p><p><strong>Servi\u00e7o<\/strong><\/p><figure class=\"wp-block-table\"><table class=\"has-fixed-layout\"><tbody><tr><td><strong>Processo<\/strong>&nbsp;<strong>n\u00ba<\/strong>:<\/td><td>581372\/24<\/td><\/tr><tr><td><strong>Ac\u00f3rd\u00e3o n\u00ba<\/strong><\/td><td>2561\/25 &#8211; Tribunal Pleno<\/td><\/tr><tr><td><strong>Assunto<\/strong>:<\/td><td>Incidente de Inconstitucionalidade<\/td><\/tr><tr><td><strong>Entidade<\/strong>:<\/td><td>Tribunal de Contas do Estado do Paran\u00e1<\/td><\/tr><tr><td><strong>Interessados<\/strong>:<\/td><td>Culestino Kiara e Munic\u00edpio de Cafel\u00e2ndia<\/td><\/tr><tr><td><strong>Relator<\/strong>:<\/td><td>Conselheiro Ivan Lelis Bonilha<\/td><\/tr><\/tbody><\/table><\/figure><p>Autor: Diretoria de Comunica\u00e7\u00e3o Social <\/p><p>Fonte: TCE\/PR<\/p>\n    <div class=\"xs_social_share_widget xs_share_url after_content \t\tmain_content  wslu-style-1 wslu-share-box-shaped wslu-fill-colored wslu-none wslu-share-horizontal wslu-theme-font-no wslu-main_content\">\n\n\t\t\n        <ul>\n\t\t\t        <\/ul>\n    <\/div> \n","protected":false},"excerpt":{"rendered":"<p>O Tribunal de Contas do Estado (TCE-PR) reconheceu a inconstitucionalidade das leis n\u00ba 1.818\/2022 e n\u00ba 1.861\/2022 do Munic\u00edpio de Cafel\u00e2ndia, na Regi\u00e3o Oeste do Paran\u00e1. As normas legais haviam concedido reajustes nos vencimentos de professores e m\u00e9dicos do quadro de pessoal do Poder Executivo municipal sem pr\u00e9via estimativa de impacto or\u00e7ament\u00e1rio-financeiro.<\/p>\n","protected":false},"author":5,"featured_media":0,"comment_status":"open","ping_status":"open","sticky":false,"template":"","format":"standard","meta":{"postBodyCss":"","postBodyMargin":[],"postBodyPadding":[],"postBodyBackground":{"backgroundType":"classic","gradient":""},"_price":"","_stock":"","_tribe_ticket_header":"","_tribe_default_ticket_provider":"","_tribe_ticket_capacity":"0","_ticket_start_date":"","_ticket_end_date":"","_tribe_ticket_show_description":"","_tribe_ticket_show_not_going":false,"_tribe_ticket_use_global_stock":"","_tribe_ticket_global_stock_level":"","_global_stock_mode":"","_global_stock_cap":"","_tribe_rsvp_for_event":"","_tribe_ticket_going_count":"","_tribe_ticket_not_going_count":"","_tribe_tickets_list":"[]","_tribe_ticket_has_attendee_info_fields":false,"footnotes":""},"categories":[46],"tags":[16473,833,692,1344],"class_list":["post-15221","post","type-post","status-publish","format-standard","hentry","category-noticias","tag-estimativa-de-impacto-financeiro","tag-reajuste","tag-remuneracao","tag-servidores"],"acf":[],"_links":{"self":[{"href":"https:\/\/sgpsolucoes.com.br\/site\/wp-json\/wp\/v2\/posts\/15221"}],"collection":[{"href":"https:\/\/sgpsolucoes.com.br\/site\/wp-json\/wp\/v2\/posts"}],"about":[{"href":"https:\/\/sgpsolucoes.com.br\/site\/wp-json\/wp\/v2\/types\/post"}],"author":[{"embeddable":true,"href":"https:\/\/sgpsolucoes.com.br\/site\/wp-json\/wp\/v2\/users\/5"}],"replies":[{"embeddable":true,"href":"https:\/\/sgpsolucoes.com.br\/site\/wp-json\/wp\/v2\/comments?post=15221"}],"version-history":[{"count":0,"href":"https:\/\/sgpsolucoes.com.br\/site\/wp-json\/wp\/v2\/posts\/15221\/revisions"}],"wp:attachment":[{"href":"https:\/\/sgpsolucoes.com.br\/site\/wp-json\/wp\/v2\/media?parent=15221"}],"wp:term":[{"taxonomy":"category","embeddable":true,"href":"https:\/\/sgpsolucoes.com.br\/site\/wp-json\/wp\/v2\/categories?post=15221"},{"taxonomy":"post_tag","embeddable":true,"href":"https:\/\/sgpsolucoes.com.br\/site\/wp-json\/wp\/v2\/tags?post=15221"}],"curies":[{"name":"wp","href":"https:\/\/api.w.org\/{rel}","templated":true}]}}