{"id":15231,"date":"2025-10-16T15:20:57","date_gmt":"2025-10-16T18:20:57","guid":{"rendered":"https:\/\/sgpsolucoes.com.br\/site\/?p=15231"},"modified":"2025-10-16T15:20:58","modified_gmt":"2025-10-16T18:20:58","slug":"stf-invalida-tres-leis-municipais-que-vedavam-ensino-sobre-genero-nas-escolas","status":"publish","type":"post","link":"https:\/\/sgpsolucoes.com.br\/site\/stf-invalida-tres-leis-municipais-que-vedavam-ensino-sobre-genero-nas-escolas\/","title":{"rendered":"STF invalida tr\u00eas leis municipais que vedavam ensino sobre g\u00eanero nas escolas\u00a0"},"content":{"rendered":"<p>Normas de Tubar\u00e3o (SC) e dos munic\u00edpios pernambucanos de Petrolina e Garanhuns violaram compet\u00eancia da Uni\u00e3o para editar leis gerais sobre educa\u00e7\u00e3o&nbsp;<\/p><p>O Supremo Tribunal Federal (STF) invalidou leis dos munic\u00edpios de Tubar\u00e3o (SC), Petrolina (PE) e Garanhuns (PE) que proibiam&nbsp;a abordagem de&nbsp;temas relacionados a quest\u00f5es de g\u00eanero nas escolas.&nbsp;Por unanimidade, o Plen\u00e1rio entendeu que as leis municipais violaram a compet\u00eancia privativa da Uni\u00e3o para estabelecer&nbsp;normas gerais sobre educa\u00e7\u00e3o, al\u00e9m de veicularem conte\u00fado discriminat\u00f3rio. A proibi\u00e7\u00e3o&nbsp;do tema, para o Tribunal,&nbsp;viola&nbsp;os valores constitucionais da educa\u00e7\u00e3o e&nbsp;da&nbsp;liberdade de ensinar e aprender.&nbsp;<\/p><p><strong>A\u00e7\u00f5es<\/strong>&nbsp;<\/p><p>Na sess\u00e3o plen\u00e1ria desta quarta-feira (15), foram julgadas em conjunto as Argui\u00e7\u00f5es&nbsp;de Descumprimento de Preceito Fundamental (ADPFs) <strong><a href=\"https:\/\/portal.stf.jus.br\/processos\/detalhe.asp?incidente=5206804\" target=\"_blank\" rel=\"noreferrer noopener\">466<\/a><\/strong> e <a href=\"https:\/\/portal.stf.jus.br\/processos\/detalhe.asp?incidente=5485351\" target=\"_blank\" rel=\"noreferrer noopener\"><strong>522<\/strong><\/a>. Na primeira, a Procuradoria-Geral da Rep\u00fablica (PGR) questionava lei de Tubar\u00e3o que proibia a inclus\u00e3o dos termos \u201cg\u00eanero\u201d, \u201corienta\u00e7\u00e3o sexual\u201d ou sin\u00f4nimos na pol\u00edtica municipal de ensino, no curr\u00edculo escolar, nas disciplinas obrigat\u00f3rias, nos espa\u00e7os l\u00fadicos e nos materiais did\u00e1ticos.&nbsp;J\u00e1 na ADPF 522, o Partido Socialismo e Liberdade (PSOL) contestava leis sobre planos de educa\u00e7\u00e3o de Petrolina e Garanhuns que vedavam a pol\u00edtica de ensino com informa\u00e7\u00f5es sobre g\u00eanero.&nbsp;<\/p><p>O julgamento&nbsp;come\u00e7ou&nbsp;no ambiente virtual, mas um pedido de destaque do ministro Nunes Marques levou a discuss\u00e3o ao Plen\u00e1rio presencial. Ficaram mantidos os votos dos relatores das a\u00e7\u00f5es, ministra Rosa Weber e ministro Marco Aur\u00e9lio, ambos aposentados.&nbsp;<\/p><h5 class=\"wp-block-heading\"><strong>Pondera\u00e7\u00e3o<\/strong>&nbsp;<\/h5><p>Na sess\u00e3o de hoje, o ministro Nunes Marques acompanhou os relatores. Ele ponderou, contudo,&nbsp;que a liberdade de c\u00e1tedra deve ser limitada, especialmente quando o&nbsp;p\u00fablico-alvo&nbsp;for&nbsp;de crian\u00e7as. Na sua avalia\u00e7\u00e3o, o princ\u00edpio constitucional da liberdade de ensinar e de aprender deve ser ajustado quando se trata da educa\u00e7\u00e3o infantil.&nbsp;<\/p><h5 class=\"wp-block-heading\"><strong>Excessos<\/strong>&nbsp;<\/h5><p>Tamb\u00e9m o ministro Fl\u00e1vio Dino compartilhou da preocupa\u00e7\u00e3o quanto&nbsp;\u00e0&nbsp;hipersexualiza\u00e7\u00e3o e&nbsp;\u00e0&nbsp;adultiza\u00e7\u00e3o de crian\u00e7as. A seu ver, o combate \u00e0 discrimina\u00e7\u00e3o&nbsp;de g\u00eanero e orienta\u00e7\u00e3o sexual&nbsp;no ensino deve&nbsp;levar em conta os preceitos pedag\u00f3gicos de adequa\u00e7\u00e3o do conte\u00fado e da&nbsp;metodologia&nbsp;aos diferentes n\u00edveis de compreens\u00e3o e maturidade,&nbsp;de acordo com as faixas et\u00e1rias e&nbsp;os&nbsp;ciclos educacionais.&nbsp;<\/p><h5 class=\"wp-block-heading\"><strong>Liberdade&nbsp;<\/strong><\/h5><p>O presidente do STF, ministro Edson Fachin, acrescentou que \u00e9 dever do&nbsp;Estado assegurar um ambiente de ensino plural, democr\u00e1tico e de acolhimento&nbsp;das diferen\u00e7as, o que se materializa pelas garantias da liberdade de express\u00e3o, acad\u00eamica e de c\u00e1tedra.&nbsp;\u201cN\u00e3o h\u00e1 verdadeira educa\u00e7\u00e3o quando o medo substitui a reflex\u00e3o. N\u00e3o h\u00e1 emancipa\u00e7\u00e3o pela educa\u00e7\u00e3o quando a liberdade de ensinar dos professores e professoras n\u00e3o \u00e9 assegurada\u201d,&nbsp;concluiu.&nbsp;<\/p><p>(Su\u00e9len&nbsp;Pires\/CR\/\/CF)&nbsp;<\/p><p>Leia mais:&nbsp;<\/p><p>17\/7\/2018 \u2013&nbsp;<a href=\"https:\/\/noticias.stf.jus.br\/postsnoticias\/partido-questiona-leis-municipais-que-proibem-discussao-sobre-questoes-de-genero-nas-escolas\/\" target=\"_blank\" rel=\"noreferrer noopener\">Partido questiona leis municipais que pro\u00edbem discuss\u00e3o sobre quest\u00f5es de g\u00eanero nas escolas<\/a>&nbsp;<\/p><p>22\/06\/2017 \u2013 <a href=\"https:\/\/noticias.stf.jus.br\/postsnoticias\/stf-recebe-mais-acoes-contra-leis-que-proibem-ensino-sobre-genero-e-orientacao-sexual\/\" target=\"_blank\" rel=\"noreferrer noopener\">STF recebe mais a\u00e7\u00f5es contra leis que pro\u00edbem ensino sobre g\u00eanero e orienta\u00e7\u00e3o sexual<\/a><\/p><p>Fonte: STF<\/p>\n    <div class=\"xs_social_share_widget xs_share_url after_content \t\tmain_content  wslu-style-1 wslu-share-box-shaped wslu-fill-colored wslu-none wslu-share-horizontal wslu-theme-font-no wslu-main_content\">\n\n\t\t\n        <ul>\n\t\t\t        <\/ul>\n    <\/div> \n","protected":false},"excerpt":{"rendered":"<p> Supremo Tribunal Federal (STF) invalidou leis dos munic\u00edpios de Tubar\u00e3o (SC), Petrolina (PE) e Garanhuns (PE) que proibiam\u00a0a abordagem de\u00a0temas relacionados a quest\u00f5es de g\u00eanero nas escolas.\u00a0Por unanimidade, o Plen\u00e1rio entendeu que as leis municipais violaram a compet\u00eancia privativa da Uni\u00e3o para estabelecer\u00a0normas gerais sobre educa\u00e7\u00e3o, al\u00e9m de veicularem conte\u00fado discriminat\u00f3rio. A proibi\u00e7\u00e3o\u00a0do tema, para o Tribunal,\u00a0viola\u00a0os valores constitucionais da educa\u00e7\u00e3o e\u00a0da\u00a0liberdade de ensinar e aprender.\u00a0<\/p>\n","protected":false},"author":5,"featured_media":0,"comment_status":"open","ping_status":"open","sticky":false,"template":"","format":"standard","meta":{"postBodyCss":"","postBodyMargin":[],"postBodyPadding":[],"postBodyBackground":{"backgroundType":"classic","gradient":""},"_price":"","_stock":"","_tribe_ticket_header":"","_tribe_default_ticket_provider":"","_tribe_ticket_capacity":"0","_ticket_start_date":"","_ticket_end_date":"","_tribe_ticket_show_description":"","_tribe_ticket_show_not_going":false,"_tribe_ticket_use_global_stock":"","_tribe_ticket_global_stock_level":"","_global_stock_mode":"","_global_stock_cap":"","_tribe_rsvp_for_event":"","_tribe_ticket_going_count":"","_tribe_ticket_not_going_count":"","_tribe_tickets_list":"[]","_tribe_ticket_has_attendee_info_fields":false,"footnotes":""},"categories":[46],"tags":[1208,4866,6939,1645,9550,347,16478],"class_list":["post-15231","post","type-post","status-publish","format-standard","hentry","category-noticias","tag-ensino","tag-escolas","tag-genero","tag-invalida","tag-leis-municipais","tag-stf","tag-vedam"],"acf":[],"_links":{"self":[{"href":"https:\/\/sgpsolucoes.com.br\/site\/wp-json\/wp\/v2\/posts\/15231"}],"collection":[{"href":"https:\/\/sgpsolucoes.com.br\/site\/wp-json\/wp\/v2\/posts"}],"about":[{"href":"https:\/\/sgpsolucoes.com.br\/site\/wp-json\/wp\/v2\/types\/post"}],"author":[{"embeddable":true,"href":"https:\/\/sgpsolucoes.com.br\/site\/wp-json\/wp\/v2\/users\/5"}],"replies":[{"embeddable":true,"href":"https:\/\/sgpsolucoes.com.br\/site\/wp-json\/wp\/v2\/comments?post=15231"}],"version-history":[{"count":0,"href":"https:\/\/sgpsolucoes.com.br\/site\/wp-json\/wp\/v2\/posts\/15231\/revisions"}],"wp:attachment":[{"href":"https:\/\/sgpsolucoes.com.br\/site\/wp-json\/wp\/v2\/media?parent=15231"}],"wp:term":[{"taxonomy":"category","embeddable":true,"href":"https:\/\/sgpsolucoes.com.br\/site\/wp-json\/wp\/v2\/categories?post=15231"},{"taxonomy":"post_tag","embeddable":true,"href":"https:\/\/sgpsolucoes.com.br\/site\/wp-json\/wp\/v2\/tags?post=15231"}],"curies":[{"name":"wp","href":"https:\/\/api.w.org\/{rel}","templated":true}]}}