{"id":15283,"date":"2025-10-17T14:00:00","date_gmt":"2025-10-17T17:00:00","guid":{"rendered":"https:\/\/sgpsolucoes.com.br\/site\/?p=15283"},"modified":"2025-10-17T14:00:02","modified_gmt":"2025-10-17T17:00:02","slug":"rpps-ausencia-de-repasse-previdenciario-gera-multa-a-prefeito-em-municipio-potiguar","status":"publish","type":"post","link":"https:\/\/sgpsolucoes.com.br\/site\/rpps-ausencia-de-repasse-previdenciario-gera-multa-a-prefeito-em-municipio-potiguar\/","title":{"rendered":"RPPS: aus\u00eancia de repasse previdenci\u00e1rio gera multa a prefeito em munic\u00edpio potiguar"},"content":{"rendered":"<p>O Tribunal de Contas do Estado (TCE-RN) considerou irregular a conduta do prefeito de Campo Redondo, Renam Luiz de Alencar Carvalho, pela aus\u00eancia de repasse das contribui\u00e7\u00f5es previdenci\u00e1rias patronais devidas ao Instituto de Previd\u00eancia Social do Munic\u00edpio (CAMPOPREV), referentes aos meses de novembro e dezembro de 2023.<\/p><p>A decis\u00e3o, proferida de forma monocr\u00e1tica pelo conselheiro Renato Costa Dias, aplicou multa no valor de R$ 6.175,54, correspondente a 30% do limite m\u00e1ximo previsto na Portaria n\u00ba 005\/2025-GP\/TCE, com base no artigo 107, inciso II, al\u00ednea \u201cb\u201d, da Lei Complementar Estadual n\u00ba 464\/2012.<\/p><p>Segundo o voto do relator, a omiss\u00e3o nos repasses compromete o equil\u00edbrio financeiro e atuarial do regime pr\u00f3prio de previd\u00eancia dos servidores municipais, em afronta ao artigo 40 da Constitui\u00e7\u00e3o Federal e \u00e0 Lei n\u00ba 9.717\/1998. Mesmo ap\u00f3s o reconhecimento das d\u00edvidas e a celebra\u00e7\u00e3o de acordo de parcelamento (CADPREV n\u00ba 00124\/2024), o munic\u00edpio voltou a descumprir o cronograma de pagamentos, o que motivou a irregularidade da mat\u00e9ria.<\/p><p>O processo foi instaurado a partir de representa\u00e7\u00e3o da Diretoria de Despesa com Pessoal (DDP) do pr\u00f3prio TCE, ap\u00f3s a identifica\u00e7\u00e3o do n\u00e3o repasse das contribui\u00e7\u00f5es. O Minist\u00e9rio P\u00fablico de Contas opinou pela proced\u00eancia da representa\u00e7\u00e3o e pela aplica\u00e7\u00e3o da multa, entendimento acolhido integralmente pelo conselheiro relator.<\/p><p>Na decis\u00e3o, o TCE destacou que o parcelamento posterior dos d\u00e9bitos n\u00e3o afasta a irregularidade nem a penalidade decorrente, e que a reincid\u00eancia desse tipo de pr\u00e1tica representa risco \u00e0 solv\u00eancia e \u00e0 sustentabilidade dos regimes pr\u00f3prios de previd\u00eancia social.<\/p><p>Fonte: TCE\/RN<\/p>\n    <div class=\"xs_social_share_widget xs_share_url after_content \t\tmain_content  wslu-style-1 wslu-share-box-shaped wslu-fill-colored wslu-none wslu-share-horizontal wslu-theme-font-no wslu-main_content\">\n\n\t\t\n        <ul>\n\t\t\t        <\/ul>\n    <\/div> \n","protected":false},"excerpt":{"rendered":"<p>O Tribunal de Contas do Estado (TCE-RN) considerou irregular a conduta do prefeito de Campo Redondo, Renam Luiz de Alencar Carvalho, pela aus\u00eancia de repasse das contribui\u00e7\u00f5es previdenci\u00e1rias patronais devidas ao Instituto de Previd\u00eancia Social do Munic\u00edpio (CAMPOPREV), referentes aos meses de novembro e dezembro de 2023.<\/p>\n","protected":false},"author":5,"featured_media":0,"comment_status":"open","ping_status":"open","sticky":false,"template":"","format":"standard","meta":{"postBodyCss":"","postBodyMargin":[],"postBodyPadding":[],"postBodyBackground":{"backgroundType":"classic","gradient":""},"_price":"","_stock":"","_tribe_ticket_header":"","_tribe_default_ticket_provider":"","_tribe_ticket_capacity":"0","_ticket_start_date":"","_ticket_end_date":"","_tribe_ticket_show_description":"","_tribe_ticket_show_not_going":false,"_tribe_ticket_use_global_stock":"","_tribe_ticket_global_stock_level":"","_global_stock_mode":"","_global_stock_cap":"","_tribe_rsvp_for_event":"","_tribe_ticket_going_count":"","_tribe_ticket_not_going_count":"","_tribe_tickets_list":"[]","_tribe_ticket_has_attendee_info_fields":false,"footnotes":""},"categories":[46],"tags":[16502,291,1764,4567],"class_list":["post-15283","post","type-post","status-publish","format-standard","hentry","category-noticias","tag-ausencia-de-repasse-previdenciario","tag-multa","tag-prefeito","tag-rpps"],"acf":[],"_links":{"self":[{"href":"https:\/\/sgpsolucoes.com.br\/site\/wp-json\/wp\/v2\/posts\/15283"}],"collection":[{"href":"https:\/\/sgpsolucoes.com.br\/site\/wp-json\/wp\/v2\/posts"}],"about":[{"href":"https:\/\/sgpsolucoes.com.br\/site\/wp-json\/wp\/v2\/types\/post"}],"author":[{"embeddable":true,"href":"https:\/\/sgpsolucoes.com.br\/site\/wp-json\/wp\/v2\/users\/5"}],"replies":[{"embeddable":true,"href":"https:\/\/sgpsolucoes.com.br\/site\/wp-json\/wp\/v2\/comments?post=15283"}],"version-history":[{"count":0,"href":"https:\/\/sgpsolucoes.com.br\/site\/wp-json\/wp\/v2\/posts\/15283\/revisions"}],"wp:attachment":[{"href":"https:\/\/sgpsolucoes.com.br\/site\/wp-json\/wp\/v2\/media?parent=15283"}],"wp:term":[{"taxonomy":"category","embeddable":true,"href":"https:\/\/sgpsolucoes.com.br\/site\/wp-json\/wp\/v2\/categories?post=15283"},{"taxonomy":"post_tag","embeddable":true,"href":"https:\/\/sgpsolucoes.com.br\/site\/wp-json\/wp\/v2\/tags?post=15283"}],"curies":[{"name":"wp","href":"https:\/\/api.w.org\/{rel}","templated":true}]}}