{"id":15342,"date":"2025-10-20T16:06:52","date_gmt":"2025-10-20T19:06:52","guid":{"rendered":"https:\/\/sgpsolucoes.com.br\/site\/?p=15342"},"modified":"2025-10-20T16:06:52","modified_gmt":"2025-10-20T19:06:52","slug":"nomeacao-em-concurso-pode-ser-barrada-se-cargo-for-extinto-por-limite-de-gastos-com-pessoal-decide-stf","status":"publish","type":"post","link":"https:\/\/sgpsolucoes.com.br\/site\/nomeacao-em-concurso-pode-ser-barrada-se-cargo-for-extinto-por-limite-de-gastos-com-pessoal-decide-stf\/","title":{"rendered":"Nomea\u00e7\u00e3o em concurso pode ser barrada se cargo for extinto por limite de gastos com pessoal, decide STF\u00a0"},"content":{"rendered":"<p>Para o Tribunal, situa\u00e7\u00f5es excepcionais podem justificar a recusa da administra\u00e7\u00e3o p\u00fablica a nomear novos servidores&nbsp;<\/p><p>O Supremo Tribunal Federal (STF) decidiu que um candidato aprovado em concurso p\u00fablico dentro do n\u00famero de vagas pode n\u00e3o ser nomeado se o cargo tiver sido extinto em raz\u00e3o da supera\u00e7\u00e3o do limite de gastos com pessoal. A decis\u00e3o foi tomada na sess\u00e3o virtual encerrada em 10\/10, no julgamento do Recurso Extraordin\u00e1rio <a href=\"https:\/\/portal.stf.jus.br\/processos\/detalhe.asp?incidente=6128716\" target=\"_blank\" rel=\"noreferrer noopener\"><strong>(RE) 1316010<\/strong><\/a>, com repercuss\u00e3o geral (Tema 1.164). De acordo com o Tribunal, a perda do direito \u00e0 nomea\u00e7\u00e3o em decorr\u00eancia da extin\u00e7\u00e3o dos cargos pode ocorrer, desde que a extin\u00e7\u00e3o seja antes do final do prazo de validade do concurso e devidamente motivada.&nbsp;<\/p><h5 class=\"wp-block-heading\"><strong>O caso<\/strong>&nbsp;<\/h5><p>Um candidato aprovado para o cargo de soldador&nbsp;para a Secretaria de Saneamento do Munic\u00edpio de Bel\u00e9m (PA)&nbsp;teve reconhecido pela Justi\u00e7a do Par\u00e1 o direito de ser nomeado, mesmo depois de o cargo ter sido extinto por uma lei municipal. A prefeitura recorreu ao STF alegando que a decis\u00e3o contrariava o princ\u00edpio da efici\u00eancia e os limites de gasto com servidores previstos na Lei de Responsabilidade Fiscal.&nbsp;<\/p><h5 class=\"wp-block-heading\"><strong>Excepcionalidades<\/strong>&nbsp;<\/h5><p>Prevaleceu no julgamento o voto do relator, ministro Fl\u00e1vio Dino, que lembrou que, no Tema 161 de repercuss\u00e3o geral, o STF reconheceu que, em situa\u00e7\u00f5es excepcionais, a administra\u00e7\u00e3o p\u00fablica pode recusar a nomea\u00e7\u00e3o de novos servidores, desde que motivadas pelo interesse p\u00fablico. Essa excepcionalidade, por\u00e9m, depende de circunst\u00e2ncias como a ocorr\u00eancia de fato novo, a imprevisibilidade, a gravidade e a necessidade. Na avalia\u00e7\u00e3o do ministro, a supera\u00e7\u00e3o do limite de gastos com pessoal previsto na Lei de Responsabilidade Fiscal se enquadra nessas condi\u00e7\u00f5es.&nbsp;<\/p><p>Segundo Dino, quando h\u00e1 justificativa de interesse p\u00fablico, o gestor p\u00fablico pode extinguir cargos oferecidos em edital de concurso, porque o interesse da coletividade deve prevalecer sobre o interesse individual do candidato. Nesse ponto, a decis\u00e3o foi un\u00e2nime.&nbsp;<\/p><h5 class=\"wp-block-heading\"><strong>Prazo<\/strong>&nbsp;<\/h5><p>A maioria do Tribunal afastou, por\u00e9m, a proposta do relator de impedir que o \u00f3rg\u00e3o que promoveu o concurso contratasse pessoal tempor\u00e1rio ou abrisse novo concurso p\u00fablico para o mesmo cargo por cinco anos ap\u00f3s o fim da validade do certame. Segundo o ministro Alexandre de Moraes, essa quest\u00e3o ultrapassa o tema de repercuss\u00e3o geral delimitado no recurso. Al\u00e9m de Dino, ficaram vencidos neste ponto os ministros Cristiano Zanin, Andr\u00e9 Mendon\u00e7a, Dias Toffoli e Nunes Marques.&nbsp;<\/p><p>No caso concreto, o Tribunal, por unanimidade, manteve a decis\u00e3o do TJ-PA. De acordo com o relator, o cargo p\u00fablico foi extinto ap\u00f3s o prazo de validade do concurso, violando o direito adquirido do candidato \u00e0 nomea\u00e7\u00e3o.&nbsp;<\/p><h5 class=\"wp-block-heading\"><strong>Tese&nbsp;<\/strong><\/h5><p>A tese de repercuss\u00e3o geral fixada foi a seguinte:&nbsp;<\/p><p>\u201cA superveniente extin\u00e7\u00e3o dos cargos oferecidos em edital de concurso p\u00fablico em raz\u00e3o da supera\u00e7\u00e3o do limite prudencial de gastos com pessoal, previsto em lei complementar regulamentadora do art. 169 da Constitui\u00e7\u00e3o Federal, desde que anterior ao t\u00e9rmino do prazo de validade do concurso e devidamente motivada, justifica a mitiga\u00e7\u00e3o do direito subjetivo \u00e0 nomea\u00e7\u00e3o de candidato aprovado dentro do n\u00famero de vagas\u201d.&nbsp;<\/p><p>(Su\u00e9len Pires\/CR\/\/CF)&nbsp;<\/p><p>Leia mais:&nbsp;<\/p><p>13\/9\/2021 \u2013 <a href=\"https:\/\/noticias.stf.jus.br\/postsnoticias\/stf-definira-se-extincao-de-cargo-afasta-direito-a-nomeacao-de-aprovado-dentro-do-numero-de-vagas\/\" target=\"_blank\" rel=\"noreferrer noopener\">STF definir\u00e1 se extin\u00e7\u00e3o de cargo afasta direito \u00e0 nomea\u00e7\u00e3o de aprovado dentro do n\u00famero de vagas<\/a>&nbsp;<\/p><p>Fonte: STF<\/p>\n    <div class=\"xs_social_share_widget xs_share_url after_content \t\tmain_content  wslu-style-1 wslu-share-box-shaped wslu-fill-colored wslu-none wslu-share-horizontal wslu-theme-font-no wslu-main_content\">\n\n\t\t\n        <ul>\n\t\t\t        <\/ul>\n    <\/div> \n","protected":false},"excerpt":{"rendered":"<p>O Supremo Tribunal Federal (STF) decidiu que um candidato aprovado em concurso p\u00fablico dentro do n\u00famero de vagas pode n\u00e3o ser nomeado se o cargo tiver sido extinto em raz\u00e3o da supera\u00e7\u00e3o do limite de gastos com pessoal. A decis\u00e3o foi tomada na sess\u00e3o virtual encerrada em 10\/10, no julgamento do Recurso Extraordin\u00e1rio (RE) 1316010, com repercuss\u00e3o geral (Tema 1.164). De acordo com o Tribunal, a perda do direito \u00e0 nomea\u00e7\u00e3o em decorr\u00eancia da extin\u00e7\u00e3o dos cargos pode ocorrer, desde que a extin\u00e7\u00e3o seja antes do final do prazo de validade do concurso e devidamente motivada.\u00a0<\/p>\n","protected":false},"author":5,"featured_media":0,"comment_status":"open","ping_status":"open","sticky":false,"template":"","format":"standard","meta":{"postBodyCss":"","postBodyMargin":[],"postBodyPadding":[],"postBodyBackground":{"backgroundType":"classic","gradient":""},"_price":"","_stock":"","_tribe_ticket_header":"","_tribe_default_ticket_provider":"","_tribe_ticket_capacity":"0","_ticket_start_date":"","_ticket_end_date":"","_tribe_ticket_show_description":"","_tribe_ticket_show_not_going":false,"_tribe_ticket_use_global_stock":"","_tribe_ticket_global_stock_level":"","_global_stock_mode":"","_global_stock_cap":"","_tribe_rsvp_for_event":"","_tribe_ticket_going_count":"","_tribe_ticket_not_going_count":"","_tribe_tickets_list":"[]","_tribe_ticket_has_attendee_info_fields":false,"footnotes":""},"categories":[46],"tags":[16508,16509,1392,16510,1390],"class_list":["post-15342","post","type-post","status-publish","format-standard","hentry","category-noticias","tag-barrada","tag-cargo-extinto","tag-concurso","tag-limite-de-gastos-com-pessoal","tag-nomeacao"],"acf":[],"_links":{"self":[{"href":"https:\/\/sgpsolucoes.com.br\/site\/wp-json\/wp\/v2\/posts\/15342"}],"collection":[{"href":"https:\/\/sgpsolucoes.com.br\/site\/wp-json\/wp\/v2\/posts"}],"about":[{"href":"https:\/\/sgpsolucoes.com.br\/site\/wp-json\/wp\/v2\/types\/post"}],"author":[{"embeddable":true,"href":"https:\/\/sgpsolucoes.com.br\/site\/wp-json\/wp\/v2\/users\/5"}],"replies":[{"embeddable":true,"href":"https:\/\/sgpsolucoes.com.br\/site\/wp-json\/wp\/v2\/comments?post=15342"}],"version-history":[{"count":0,"href":"https:\/\/sgpsolucoes.com.br\/site\/wp-json\/wp\/v2\/posts\/15342\/revisions"}],"wp:attachment":[{"href":"https:\/\/sgpsolucoes.com.br\/site\/wp-json\/wp\/v2\/media?parent=15342"}],"wp:term":[{"taxonomy":"category","embeddable":true,"href":"https:\/\/sgpsolucoes.com.br\/site\/wp-json\/wp\/v2\/categories?post=15342"},{"taxonomy":"post_tag","embeddable":true,"href":"https:\/\/sgpsolucoes.com.br\/site\/wp-json\/wp\/v2\/tags?post=15342"}],"curies":[{"name":"wp","href":"https:\/\/api.w.org\/{rel}","templated":true}]}}