{"id":15383,"date":"2025-10-22T19:57:30","date_gmt":"2025-10-22T22:57:30","guid":{"rendered":"https:\/\/sgpsolucoes.com.br\/site\/?p=15383"},"modified":"2025-10-22T19:57:31","modified_gmt":"2025-10-22T22:57:31","slug":"tce-sc-determina-a-prefeitura-de-cocal-do-sul-o-envio-de-novo-plano-de-acao-para-contratacao-de-professores-da-rede-municipal","status":"publish","type":"post","link":"https:\/\/sgpsolucoes.com.br\/site\/tce-sc-determina-a-prefeitura-de-cocal-do-sul-o-envio-de-novo-plano-de-acao-para-contratacao-de-professores-da-rede-municipal\/","title":{"rendered":"TCE\/SC determina \u00e0 Prefeitura de Cocal do Sul o envio de novo plano de a\u00e7\u00e3o para contrata\u00e7\u00e3o de professores da rede municipal"},"content":{"rendered":"<p>O Tribunal de Contas do Estado de Santa Catarina (TCE\/SC) determinou que a Prefeitura de Cocal do Sul revise seu plano de a\u00e7\u00e3o para corrigir irregularidades na contrata\u00e7\u00e3o de professores da rede municipal de ensino. A decis\u00e3o tomada pelo pleno e publicada no Di\u00e1rio Oficial no dia 16 de outubro atende ao relat\u00f3rio do conselheiro substituto Gerson dos Santos Sicca e d\u00e1 prazo de 30 dias para a administra\u00e7\u00e3o municipal encaminhar \u00e0 Corte um novo plano.<\/p><p>A decis\u00e3o \u00e9 resultado do processo (@DEN 24\/80074247) que apura uma den\u00fancia formalizada em agosto deste ano e que apontou uma despropor\u00e7\u00e3o entre docentes efetivos e tempor\u00e1rios (ACTs) no munic\u00edpio. Segundo dados fornecidos pela pr\u00f3pria Prefeitura, dos 233 professores em atividade, 148 s\u00e3o tempor\u00e1rios e apenas 85 s\u00e3o efetivos. Essa configura\u00e7\u00e3o contraria o Plano Nacional de Educa\u00e7\u00e3o (PNE), que estabelece que pelo menos 90% dos profissionais do magist\u00e9rio devem ser efetivos.<\/p><p>O TCE\/SC considerou a situa\u00e7\u00e3o irregular e determinou que a Prefeitura apresente, em at\u00e9 30 dias, um novo plano de a\u00e7\u00e3o com informa\u00e7\u00f5es detalhadas. O documento deve incluir o n\u00famero de professores efetivos que ser\u00e3o nomeados, a redu\u00e7\u00e3o prevista de ACTs, al\u00e9m de diagn\u00f3sticos sobre licen\u00e7as, afastamentos e demandas extracurriculares.<\/p><h6 class=\"wp-block-heading\">Primeira vers\u00e3o de plano deve ser complementada<\/h6><p>A primeira vers\u00e3o do plano foi considerada gen\u00e9rica e incompleta. A \u00e1rea t\u00e9cnica do TCE\/SC apontou a aus\u00eancia de dados fundamentais, como previs\u00f5es de afastamentos e metas claras para contrata\u00e7\u00e3o de efetivos.<\/p><p>O n\u00e3o cumprimento das determina\u00e7\u00f5es podem acarretar san\u00e7\u00f5es como multa, responsabiliza\u00e7\u00e3o do gestor, registro formal das irregularidades nos sistemas do TCE, intensifica\u00e7\u00e3o da fiscaliza\u00e7\u00e3o \u2014 incluindo medidas adicionais de controle externo \u2014 e comunica\u00e7\u00e3o aos \u00f3rg\u00e3os competentes, como o Minist\u00e9rio P\u00fablico de Contas.<\/p><p>O caso segue sendo acompanhado pelo TCE\/SC, que notificou o prefeito Ademir Magagnin, a Secretaria de Educa\u00e7\u00e3o e os \u00f3rg\u00e3os de controle interno.<\/p><p>Fonte>TCE\/SC<\/p>\n    <div class=\"xs_social_share_widget xs_share_url after_content \t\tmain_content  wslu-style-1 wslu-share-box-shaped wslu-fill-colored wslu-none wslu-share-horizontal wslu-theme-font-no wslu-main_content\">\n\n\t\t\n        <ul>\n\t\t\t        <\/ul>\n    <\/div> \n","protected":false},"excerpt":{"rendered":"<p>O Tribunal de Contas do Estado de Santa Catarina (TCE\/SC) determinou que a Prefeitura de Cocal do Sul revise seu plano de a\u00e7\u00e3o para corrigir irregularidades na contrata\u00e7\u00e3o de professores da rede municipal de ensino. A decis\u00e3o tomada pelo pleno e publicada no Di\u00e1rio Oficial no dia 16 de outubro atende ao relat\u00f3rio do conselheiro substituto Gerson dos Santos Sicca e d\u00e1 prazo de 30 dias para a administra\u00e7\u00e3o municipal encaminhar \u00e0 Corte um novo plano.<\/p>\n","protected":false},"author":5,"featured_media":0,"comment_status":"open","ping_status":"open","sticky":false,"template":"","format":"standard","meta":{"postBodyCss":"","postBodyMargin":[],"postBodyPadding":[],"postBodyBackground":{"backgroundType":"classic","gradient":""},"_price":"","_stock":"","_tribe_ticket_header":"","_tribe_default_ticket_provider":"","_tribe_ticket_capacity":"0","_ticket_start_date":"","_ticket_end_date":"","_tribe_ticket_show_description":"","_tribe_ticket_show_not_going":false,"_tribe_ticket_use_global_stock":"","_tribe_ticket_global_stock_level":"","_global_stock_mode":"","_global_stock_cap":"","_tribe_rsvp_for_event":"","_tribe_ticket_going_count":"","_tribe_ticket_not_going_count":"","_tribe_tickets_list":"[]","_tribe_ticket_has_attendee_info_fields":false,"footnotes":""},"categories":[46],"tags":[16530,16532,16529,16531,5108,590],"class_list":["post-15383","post","type-post","status-publish","format-standard","hentry","category-noticias","tag-cocal-do-sul","tag-contratacao-de-professores","tag-determina","tag-envio","tag-plano-de-acao","tag-tce-sc"],"acf":[],"_links":{"self":[{"href":"https:\/\/sgpsolucoes.com.br\/site\/wp-json\/wp\/v2\/posts\/15383"}],"collection":[{"href":"https:\/\/sgpsolucoes.com.br\/site\/wp-json\/wp\/v2\/posts"}],"about":[{"href":"https:\/\/sgpsolucoes.com.br\/site\/wp-json\/wp\/v2\/types\/post"}],"author":[{"embeddable":true,"href":"https:\/\/sgpsolucoes.com.br\/site\/wp-json\/wp\/v2\/users\/5"}],"replies":[{"embeddable":true,"href":"https:\/\/sgpsolucoes.com.br\/site\/wp-json\/wp\/v2\/comments?post=15383"}],"version-history":[{"count":0,"href":"https:\/\/sgpsolucoes.com.br\/site\/wp-json\/wp\/v2\/posts\/15383\/revisions"}],"wp:attachment":[{"href":"https:\/\/sgpsolucoes.com.br\/site\/wp-json\/wp\/v2\/media?parent=15383"}],"wp:term":[{"taxonomy":"category","embeddable":true,"href":"https:\/\/sgpsolucoes.com.br\/site\/wp-json\/wp\/v2\/categories?post=15383"},{"taxonomy":"post_tag","embeddable":true,"href":"https:\/\/sgpsolucoes.com.br\/site\/wp-json\/wp\/v2\/tags?post=15383"}],"curies":[{"name":"wp","href":"https:\/\/api.w.org\/{rel}","templated":true}]}}